{"id":12319,"date":"2011-12-29T12:43:03","date_gmt":"2011-12-29T11:43:03","guid":{"rendered":"https:\/\/www.gml.si\/invitation-mother-of-god-art-exhibition\/"},"modified":"2011-12-29T12:43:03","modified_gmt":"2011-12-29T11:43:03","slug":"invitation-mother-of-god-art-exhibition","status":"publish","type":"post","link":"https:\/\/www.gml.si\/en\/invitation-mother-of-god-art-exhibition\/","title":{"rendered":"Invitation: Mother of God (art exhibition)"},"content":{"rendered":"<p><a href=\"http:\/\/www.gml.si\/wp-content\/uploads\/2012\/01\/boldogasszony_forrasgalerija_lendva_meghivo_850.jpg\" data-lbwps-width=\"850\" data-lbwps-height=\"601\" data-lbwps-srcsmall=\"https:\/\/www.gml.si\/wp-content\/uploads\/2012\/01\/boldogasszony_forrasgalerija_lendva_meghivo_850-500x353.jpg\"><img loading=\"lazy\" decoding=\"async\" class=\"size-thumbnail wp-image-963 alignright\" title=\"Vabilo Mati Bo\u017eja - Boldogasszony megh\u00edv\u00f3\" src=\"http:\/\/www.gml.si\/wp-content\/uploads\/2012\/01\/boldogasszony_forrasgalerija_lendva_meghivo_850-120x120.jpg\" alt=\"\" width=\"120\" height=\"120\" \/><\/a>Galerija-Muzej Lendava, Magyar M\u0171v\u00e9szeti Akad\u00e9mia, Ob\u010dina Lendava and Forr\u00e1s Gal\u00e9ria from Budapest kindly invite you and your friends, on the opening of an exhibition titled Mother of God, is scheduled for Friday, 6th January 2012, at 17 hours at Lendava castle.<\/p>\n<p>Exhibiting: <em>B. Raunio Maria, Br\u00e1da Tibor, Gyulai L\u00edviusz, Gy\u00f6rfi S\u00e1ndor, Incze M\u00f3zes, Jankovics Marcell, K\u00e1rp\u00e1ti Tam\u00e1s, K\u0151 P\u00e1l, K\u00f6nig R\u00f3bert, Lajta G\u00e1bor, Moln\u00e1r K\u00e1lm\u00e1n, Mara Kinga, N\u00e1das Alexandra, Nagy G\u00e1bor, Orosz Istv\u00e1n, P\u00e1rk\u00e1nyi Raab P\u00e9ter, Raffay D\u00e1vid, Papageorgiu Andrea, P\u00e9terfy L\u00e1szl\u00f3, R\u00e1d\u00f3czy Gyarmathy G\u00e1bor, Sulyok Gabriella, Somogyi Gy\u0151z\u0151, Szab\u00f3 \u00c1kos, Szemad\u00e1m Gy\u00f6rgy, Szinte G\u00e1bor, T\u00f3th-Kov\u00e1cs J\u00f3zsef<\/em><\/p>\n<p>Opening speech: <strong>Franc Geri\u010d<\/strong>, director of the Galerije-Muzeja Lendava. <br \/>Exhibition will be presented by: <strong>Lendvai Kepe Zolt\u00e1n<\/strong>, ethnographer, Galerije-Muzej Lendava&#8217;s curator. The exhibition will be opened by: <strong>Ferenc Horv\u00e1th<\/strong>, Chairman of the Pomurje Hungarian Self-Governing Ethnic Community. <\/p>\n<p>Involved in the opening: <strong>Irena Djuki\u010d<\/strong>, singer<\/p>\n<p><span style=\"font-size: small;\">The exhibition will be open until 1st february 2012.<\/span><\/p>\n","protected":false},"excerpt":{"rendered":"<p>Galerija-Muzej Lendava, Magyar M\u0171v\u00e9szeti Akad\u00e9mia, Ob\u010dina Lendava and Forr\u00e1s Gal\u00e9ria from Budapest kindly invite you and your friends, on the opening of an exhibition titled Mother of God, is scheduled for Friday, 6th January 2012, at 17 hours at Lendava &hellip; <a href=\"https:\/\/www.gml.si\/en\/invitation-mother-of-god-art-exhibition\/\"><\/p>\n<p>Continue Reading <span class=\"meta-nav\">&rarr;<\/span><\/a><\/p>\n","protected":false},"author":5,"featured_media":0,"comment_status":"closed","ping_status":"closed","sticky":false,"template":"","format":"standard","meta":{"inline_featured_image":false,"footnotes":""},"categories":[59],"tags":[],"class_list":["post-12319","post","type-post","status-publish","format-standard","hentry","category-news"],"_links":{"self":[{"href":"https:\/\/www.gml.si\/en\/wp-json\/wp\/v2\/posts\/12319","targetHints":{"allow":["GET"]}}],"collection":[{"href":"https:\/\/www.gml.si\/en\/wp-json\/wp\/v2\/posts"}],"about":[{"href":"https:\/\/www.gml.si\/en\/wp-json\/wp\/v2\/types\/post"}],"author":[{"embeddable":true,"href":"https:\/\/www.gml.si\/en\/wp-json\/wp\/v2\/users\/5"}],"replies":[{"embeddable":true,"href":"https:\/\/www.gml.si\/en\/wp-json\/wp\/v2\/comments?post=12319"}],"version-history":[{"count":0,"href":"https:\/\/www.gml.si\/en\/wp-json\/wp\/v2\/posts\/12319\/revisions"}],"wp:attachment":[{"href":"https:\/\/www.gml.si\/en\/wp-json\/wp\/v2\/media?parent=12319"}],"wp:term":[{"taxonomy":"category","embeddable":true,"href":"https:\/\/www.gml.si\/en\/wp-json\/wp\/v2\/categories?post=12319"},{"taxonomy":"post_tag","embeddable":true,"href":"https:\/\/www.gml.si\/en\/wp-json\/wp\/v2\/tags?post=12319"}],"curies":[{"name":"wp","href":"https:\/\/api.w.org\/{rel}","templated":true}]}}