{"id":12331,"date":"2012-03-09T11:04:50","date_gmt":"2012-03-09T10:04:50","guid":{"rendered":"https:\/\/www.gml.si\/invitation-exhibition-of-hungarian-artists-from-the-xii-district-of-budapest\/"},"modified":"2012-03-09T11:04:50","modified_gmt":"2012-03-09T10:04:50","slug":"invitation-exhibition-of-hungarian-artists-from-the-xii-district-of-budapest","status":"publish","type":"post","link":"https:\/\/www.gml.si\/en\/invitation-exhibition-of-hungarian-artists-from-the-xii-district-of-budapest\/","title":{"rendered":"INVITATION: Exhibition of hungarian artists from the XII. district of Budapest"},"content":{"rendered":"<p><a href=\"https:\/\/www.gml.si\/wp-content\/uploads\/2012\/03\/Vabilo-Meghivo_ovitek.jpg\" data-lbwps-width=\"488\" data-lbwps-height=\"700\" data-lbwps-srcsmall=\"https:\/\/www.gml.si\/wp-content\/uploads\/2012\/03\/Vabilo-Meghivo_ovitek-348x500.jpg\"><img decoding=\"async\" class=\"alignright  wp-image-8239\" title=\"Vabilo-Meghivo_ovitek\" src=\"https:\/\/www.gml.si\/wp-content\/uploads\/2012\/03\/Vabilo-Meghivo_ovitek.jpg\" alt=\"\" width=\"150\" srcset=\"https:\/\/www.gml.si\/wp-content\/uploads\/2012\/03\/Vabilo-Meghivo_ovitek.jpg 488w, https:\/\/www.gml.si\/wp-content\/uploads\/2012\/03\/Vabilo-Meghivo_ovitek-348x500.jpg 348w, https:\/\/www.gml.si\/wp-content\/uploads\/2012\/03\/Vabilo-Meghivo_ovitek-34x50.jpg 34w\" sizes=\"(max-width: 488px) 100vw, 488px\" \/><\/a>We are cordially inviting you and your family to the opening of The fine art exhibitions titled <strong><em>Vistas<\/em><\/strong> by artists of the XII. district of Budapest on <strong>Tuesday 27<sup>th<\/sup> March 2012 at 18:00 pm<\/strong> (Lendava castle).<\/p>\n<p>Opening speech by: <em>Fonti Krisztina<\/em>, deputy mayoress of Local Self-Government XII. Hegyvid\u00e9k county and <em>Dr. L\u00e1szl\u00f3 G\u00f6ncz<\/em>, member of the Slovenian Parliament from the Hungarian national community.<br \/>The exhibition will be presented by: <em>Breznay Andr\u00e1s<\/em>, painter.<br \/>The exhibition will be enriched by the music group <em>G\u00f6tz Quartet<\/em>.<\/p>\n<p><strong>Exhibiting artists:<\/strong> <br \/>Angyal J\u00falia, \u00c1zbej Krist\u00f3f, Borza Ter\u00e9z, Breznay Andr\u00e1s, Ferdin\u00e1nd Judit, F\u00fczes Gergely, F\u00f3th Ern\u0151, Galambos Tam\u00e1s, Gy\u00fcgyi \u00d6d\u00f6n, Kampfl J\u00f3zsef, Kiss Nagy Andr\u00e1s, K\u00f3kay Krisztina, Kud\u00e1sz Emese, L\u00e1szl\u00f3 P\u00e9ter, Orient Enik\u0151, Pat\u00f3 K\u00e1roly, P\u00e1los Anna, Szathm\u00e1ry Gy\u00f6ngyi, Szmrecs\u00e1nyi Boldizs\u00e1r, V\u00edgh Tam\u00e1s<\/p>\n<p><span style=\"font-size: small;\">The exhibition will be open until 2<sup>nd<\/sup> may 2012.<\/span><\/p>\n","protected":false},"excerpt":{"rendered":"<p>We are cordially inviting you and your family to the opening of The fine art exhibitions titled Vistas by artists of the XII. district of Budapest on Tuesday 27th March 2012 at 18:00 pm (Lendava castle). Opening speech by: Fonti &hellip; <a href=\"https:\/\/www.gml.si\/en\/invitation-exhibition-of-hungarian-artists-from-the-xii-district-of-budapest\/\"><\/p>\n<p>Continue Reading <span class=\"meta-nav\">&rarr;<\/span><\/a><\/p>\n","protected":false},"author":5,"featured_media":0,"comment_status":"closed","ping_status":"open","sticky":false,"template":"","format":"standard","meta":{"inline_featured_image":false,"footnotes":""},"categories":[59],"tags":[],"class_list":["post-12331","post","type-post","status-publish","format-standard","hentry","category-news"],"_links":{"self":[{"href":"https:\/\/www.gml.si\/en\/wp-json\/wp\/v2\/posts\/12331","targetHints":{"allow":["GET"]}}],"collection":[{"href":"https:\/\/www.gml.si\/en\/wp-json\/wp\/v2\/posts"}],"about":[{"href":"https:\/\/www.gml.si\/en\/wp-json\/wp\/v2\/types\/post"}],"author":[{"embeddable":true,"href":"https:\/\/www.gml.si\/en\/wp-json\/wp\/v2\/users\/5"}],"replies":[{"embeddable":true,"href":"https:\/\/www.gml.si\/en\/wp-json\/wp\/v2\/comments?post=12331"}],"version-history":[{"count":0,"href":"https:\/\/www.gml.si\/en\/wp-json\/wp\/v2\/posts\/12331\/revisions"}],"wp:attachment":[{"href":"https:\/\/www.gml.si\/en\/wp-json\/wp\/v2\/media?parent=12331"}],"wp:term":[{"taxonomy":"category","embeddable":true,"href":"https:\/\/www.gml.si\/en\/wp-json\/wp\/v2\/categories?post=12331"},{"taxonomy":"post_tag","embeddable":true,"href":"https:\/\/www.gml.si\/en\/wp-json\/wp\/v2\/tags?post=12331"}],"curies":[{"name":"wp","href":"https:\/\/api.w.org\/{rel}","templated":true}]}}