{"id":12833,"date":"2017-08-30T17:52:13","date_gmt":"2017-08-30T15:52:13","guid":{"rendered":"https:\/\/www.gml.si\/invitation-european-days-of-jewish-culture-2017\/"},"modified":"2017-08-30T17:52:13","modified_gmt":"2017-08-30T15:52:13","slug":"invitation-european-days-of-jewish-culture-2017","status":"publish","type":"post","link":"https:\/\/www.gml.si\/en\/invitation-european-days-of-jewish-culture-2017\/","title":{"rendered":"INVITATION: European Days of Jewish Culture 2017"},"content":{"rendered":"<p><a href=\"http:\/\/www.gml.si\/wp-content\/uploads\/2017\/08\/DIASPORAS_GML_letak_A5_SLO_web1.jpg\" data-lbwps-width=\"707\" data-lbwps-height=\"1000\" data-lbwps-srcsmall=\"https:\/\/www.gml.si\/wp-content\/uploads\/2017\/08\/DIASPORAS_GML_letak_A5_SLO_web1-354x500.jpg\"><img loading=\"lazy\" decoding=\"async\" class=\"alignright wp-image-5474\" src=\"http:\/\/www.gml.si\/wp-content\/uploads\/2017\/08\/DIASPORAS_GML_letak_A5_SLO_web1-354x500.jpg\" alt=\"\" width=\"200\" height=\"283\" srcset=\"https:\/\/www.gml.si\/wp-content\/uploads\/2017\/08\/DIASPORAS_GML_letak_A5_SLO_web1-354x500.jpg 354w, https:\/\/www.gml.si\/wp-content\/uploads\/2017\/08\/DIASPORAS_GML_letak_A5_SLO_web1.jpg 707w\" sizes=\"auto, (max-width: 200px) 100vw, 200px\" \/><\/a>I N V I T A T I O N<\/p>\n<p>Gallery-Museum Lendava, Synagogue Lendava and the Slovenian Holocaust Museum are inviting you to attend the events on <strong>Sunday, 3 September 2017<\/strong>, at the European Days of Jewish Culture:<\/p>\n<p><span style=\"font-size: 24px;\"><strong>At 11 a.m.:<\/strong><\/span><br \/>\n A walk through the Jewish heritage of Lendava, a guided sightseeing tour (the gathering place will be in front of the Synagogue).<\/p>\n<p><span style=\"font-size: 24px;\"><strong>At 18 p.m.:<\/strong><\/span><br \/>\n Opening of the documentary exhibition <em>Walls, signs, fates &#8211; Deportation of the Hungarian Jews to Auschwitz.<\/em><\/p>\n<p>The opening is followed by a concert of Jewish music performed by <em>Judit Klein<\/em> and <em>Zolt\u00e1n Neumark<\/em>.<\/p>\n<p><a href=\"https:\/\/www.gml.si\/wp-content\/uploads\/2017\/08\/DIASPORAS_GML_plakat_100x70cm_web.jpg\" data-lbwps-width=\"707\" data-lbwps-height=\"1000\" data-lbwps-srcsmall=\"https:\/\/www.gml.si\/wp-content\/uploads\/2017\/08\/DIASPORAS_GML_plakat_100x70cm_web-354x500.jpg\"><img loading=\"lazy\" decoding=\"async\" class=\"alignleft wp-image-11015\" src=\"https:\/\/www.gml.si\/wp-content\/uploads\/2017\/08\/DIASPORAS_GML_plakat_100x70cm_web.jpg\" alt=\"\" width=\"640\" height=\"905\" srcset=\"https:\/\/www.gml.si\/wp-content\/uploads\/2017\/08\/DIASPORAS_GML_plakat_100x70cm_web.jpg 707w, https:\/\/www.gml.si\/wp-content\/uploads\/2017\/08\/DIASPORAS_GML_plakat_100x70cm_web-354x500.jpg 354w, https:\/\/www.gml.si\/wp-content\/uploads\/2017\/08\/DIASPORAS_GML_plakat_100x70cm_web-35x50.jpg 35w\" sizes=\"auto, (max-width: 640px) 100vw, 640px\" \/><\/a><\/p>\n<p>&nbsp;<\/p>\n","protected":false},"excerpt":{"rendered":"<p>A Lendvai Gal\u00e9ria \u00e9s M\u00fazeum, a Lendvai Zsinag\u00f3ga \u00e9s a Szlov\u00e9n Holokauszt M\u00fazeum az Eur\u00f3pai Zsid\u00f3 Kult\u00fara Napja alkalm\u00e1b\u00f3l <strong>2017. szeptember 3-\u00e1n, vas\u00e1rnap <\/strong>tisztelettel \u00e9s szeretettel v\u00e1r minden \u00e9rdekl\u0151d\u0151tt a lendvai esem\u00e9nyekre. <a href=\"https:\/\/www.gml.si\/en\/invitation-european-days-of-jewish-culture-2017\/\"><\/p>\n<p>Continue Reading <span class=\"meta-nav\">&rarr;<\/span><\/a><\/p>\n","protected":false},"author":5,"featured_media":11015,"comment_status":"closed","ping_status":"closed","sticky":false,"template":"","format":"standard","meta":{"inline_featured_image":false,"footnotes":""},"categories":[59],"tags":[],"class_list":["post-12833","post","type-post","status-publish","format-standard","has-post-thumbnail","hentry","category-news"],"_links":{"self":[{"href":"https:\/\/www.gml.si\/en\/wp-json\/wp\/v2\/posts\/12833","targetHints":{"allow":["GET"]}}],"collection":[{"href":"https:\/\/www.gml.si\/en\/wp-json\/wp\/v2\/posts"}],"about":[{"href":"https:\/\/www.gml.si\/en\/wp-json\/wp\/v2\/types\/post"}],"author":[{"embeddable":true,"href":"https:\/\/www.gml.si\/en\/wp-json\/wp\/v2\/users\/5"}],"replies":[{"embeddable":true,"href":"https:\/\/www.gml.si\/en\/wp-json\/wp\/v2\/comments?post=12833"}],"version-history":[{"count":0,"href":"https:\/\/www.gml.si\/en\/wp-json\/wp\/v2\/posts\/12833\/revisions"}],"wp:featuredmedia":[{"embeddable":true,"href":"https:\/\/www.gml.si\/en\/wp-json\/wp\/v2\/media\/11015"}],"wp:attachment":[{"href":"https:\/\/www.gml.si\/en\/wp-json\/wp\/v2\/media?parent=12833"}],"wp:term":[{"taxonomy":"category","embeddable":true,"href":"https:\/\/www.gml.si\/en\/wp-json\/wp\/v2\/categories?post=12833"},{"taxonomy":"post_tag","embeddable":true,"href":"https:\/\/www.gml.si\/en\/wp-json\/wp\/v2\/tags?post=12833"}],"curies":[{"name":"wp","href":"https:\/\/api.w.org\/{rel}","templated":true}]}}