{"id":12962,"date":"2019-05-13T13:48:28","date_gmt":"2019-05-13T11:48:28","guid":{"rendered":"https:\/\/www.gml.si\/photo-exhibition-in-synagouge-lendava-wilhelm-heiliger-meditation-and-photography\/"},"modified":"2019-05-13T13:48:28","modified_gmt":"2019-05-13T11:48:28","slug":"photo-exhibition-in-synagouge-lendava-wilhelm-heiliger-meditation-and-photography","status":"publish","type":"post","link":"https:\/\/www.gml.si\/en\/photo-exhibition-in-synagouge-lendava-wilhelm-heiliger-meditation-and-photography\/","title":{"rendered":"PHOTO EXHIBITION IN SYNAGOUGE LENDAVA: Wilhelm Heiliger &#8211; Meditation and Photography"},"content":{"rendered":"<p><a href=\"http:\/\/sinagoga-lendava.si\/wp-content\/uploads\/2019\/05\/plakat_2019_wilhelm_heiliger.jpg\"><img loading=\"lazy\" decoding=\"async\" class=\"alignright wp-image-537\" src=\"http:\/\/sinagoga-lendava.si\/wp-content\/uploads\/2019\/05\/plakat_2019_wilhelm_heiliger-229x300.jpg\" alt=\"\" width=\"300\" height=\"393\" \/><\/a> I N V I T A T I O N<\/p>\n<p>As part of the International Museum Day events Gallery-Museum Lendava kindly invites you to the opening of the photo exhibition of Wilhelm Heiliger, entitled Meditation and Photography, which will be held at the Lendava Synagogue on <strong>Saturday, 18 May 2019 at 6 pm<\/strong>.<\/p>\n<p>The exhibition will be opened by art historian Pavla Jarc.<\/p>\n<p>The opening of the exhibition will be followed by a concert by guitarist Matija Hozjan.<\/p>\n<p><span style=\"font-size: 12px;\">The exhibition was realized in cooperation with:<br \/>\nKulturni dom Nova Gorica, <br \/>\nGorenjski muzej, <br \/>\nPilonova galerija Ajdov\u0161\u010dina, <br \/>\nKosovelov dom Se\u017eana &amp;<br \/>\nMuzeji radovlji\u0161ke ob\u010dine.<\/span><\/p>\n<p><span style=\"font-size: 12px;\">Co-organizer of the exhibition is Lendava Music School.<br \/>\nSponsored by Ministry of Culture of the Republic of Slovenia.<\/span><\/p>\n<hr \/>\n<h2>PHOTOS: Exhibition opening<\/h2>\n<p><a href=\"http:\/\/www.gml.si\/wp-content\/uploads\/2019\/05\/wilhelm_heiliger1.jpg\" data-lbwps-width=\"719\" data-lbwps-height=\"960\" data-lbwps-srcsmall=\"https:\/\/www.gml.si\/wp-content\/uploads\/2019\/05\/wilhelm_heiliger1-374x500.jpg\"><img loading=\"lazy\" decoding=\"async\" class=\"img-galerija alignnone size-thumbnail wp-image-6524\" title=\"wilhelm_heiliger1\" src=\"http:\/\/www.gml.si\/wp-content\/uploads\/2019\/05\/wilhelm_heiliger1-120x120.jpg\" alt=\"wilhelm_heiliger1\" width=\"120\" height=\"120\" \/><\/a> <a href=\"http:\/\/www.gml.si\/wp-content\/uploads\/2019\/05\/wilhelm_heiliger2.jpg\" data-lbwps-width=\"960\" data-lbwps-height=\"720\" data-lbwps-srcsmall=\"https:\/\/www.gml.si\/wp-content\/uploads\/2019\/05\/wilhelm_heiliger2-500x375.jpg\"><img loading=\"lazy\" decoding=\"async\" class=\"img-galerija alignnone size-thumbnail wp-image-6525\" title=\"wilhelm_heiliger2\" src=\"http:\/\/www.gml.si\/wp-content\/uploads\/2019\/05\/wilhelm_heiliger2-120x120.jpg\" alt=\"wilhelm_heiliger2\" width=\"120\" height=\"120\" \/><\/a> <a href=\"http:\/\/www.gml.si\/wp-content\/uploads\/2019\/05\/wilhelm_heiliger3.jpg\" data-lbwps-width=\"960\" data-lbwps-height=\"720\" data-lbwps-srcsmall=\"https:\/\/www.gml.si\/wp-content\/uploads\/2019\/05\/wilhelm_heiliger3-500x375.jpg\"><img loading=\"lazy\" decoding=\"async\" class=\"img-galerija alignnone size-thumbnail wp-image-6526\" title=\"wilhelm_heiliger3\" src=\"http:\/\/www.gml.si\/wp-content\/uploads\/2019\/05\/wilhelm_heiliger3-120x120.jpg\" alt=\"wilhelm_heiliger3\" width=\"120\" height=\"120\" \/><\/a> <a href=\"http:\/\/www.gml.si\/wp-content\/uploads\/2019\/05\/wilhelm_heiliger4.jpg\" data-lbwps-width=\"960\" data-lbwps-height=\"676\" data-lbwps-srcsmall=\"https:\/\/www.gml.si\/wp-content\/uploads\/2019\/05\/wilhelm_heiliger4-500x352.jpg\"><img loading=\"lazy\" decoding=\"async\" class=\"img-galerija alignnone size-thumbnail wp-image-6527\" title=\"wilhelm_heiliger4\" src=\"http:\/\/www.gml.si\/wp-content\/uploads\/2019\/05\/wilhelm_heiliger4-120x120.jpg\" alt=\"wilhelm_heiliger4\" width=\"120\" height=\"120\" \/><\/a><\/p>\n<hr \/>\n<h2>IN THE MEDIA<\/h2>\n<p><a href=\"https:\/\/www.rtvslo.si\/mmr\/prispevek\/174616008\">MMR &#8211; M\u0171v\u00e9szi \u00fatkeres\u00e9s Wilhelm Heiliger alkot\u00e1saiban<\/a> (<span class=\"dateAuthor\">2019.05.19 \/ Cs\u00e1sz\u00e1r Szuzi)<\/span><\/p>\n","protected":false},"excerpt":{"rendered":"<p>As part of the International Museum Day events Gallery-Museum Lendava kindly invites you to the opening of the photo exhibition of Wilhelm Heiliger, entitled Meditation and Photography, which will be held at the Lendava Synagogue on <strong>Saturday, 18 May 2019 at 6 pm<\/strong>. <a href=\"https:\/\/www.gml.si\/en\/photo-exhibition-in-synagouge-lendava-wilhelm-heiliger-meditation-and-photography\/\"><\/p>\n<p>Continue Reading <span class=\"meta-nav\">&rarr;<\/span><\/a><\/p>\n","protected":false},"author":5,"featured_media":11707,"comment_status":"closed","ping_status":"closed","sticky":false,"template":"","format":"standard","meta":{"inline_featured_image":false,"footnotes":""},"categories":[59,67],"tags":[],"class_list":["post-12962","post","type-post","status-publish","format-standard","has-post-thumbnail","hentry","category-news","category-past"],"_links":{"self":[{"href":"https:\/\/www.gml.si\/en\/wp-json\/wp\/v2\/posts\/12962","targetHints":{"allow":["GET"]}}],"collection":[{"href":"https:\/\/www.gml.si\/en\/wp-json\/wp\/v2\/posts"}],"about":[{"href":"https:\/\/www.gml.si\/en\/wp-json\/wp\/v2\/types\/post"}],"author":[{"embeddable":true,"href":"https:\/\/www.gml.si\/en\/wp-json\/wp\/v2\/users\/5"}],"replies":[{"embeddable":true,"href":"https:\/\/www.gml.si\/en\/wp-json\/wp\/v2\/comments?post=12962"}],"version-history":[{"count":0,"href":"https:\/\/www.gml.si\/en\/wp-json\/wp\/v2\/posts\/12962\/revisions"}],"wp:featuredmedia":[{"embeddable":true,"href":"https:\/\/www.gml.si\/en\/wp-json\/wp\/v2\/media\/11707"}],"wp:attachment":[{"href":"https:\/\/www.gml.si\/en\/wp-json\/wp\/v2\/media?parent=12962"}],"wp:term":[{"taxonomy":"category","embeddable":true,"href":"https:\/\/www.gml.si\/en\/wp-json\/wp\/v2\/categories?post=12962"},{"taxonomy":"post_tag","embeddable":true,"href":"https:\/\/www.gml.si\/en\/wp-json\/wp\/v2\/tags?post=12962"}],"curies":[{"name":"wp","href":"https:\/\/api.w.org\/{rel}","templated":true}]}}