{"id":12279,"date":"2011-01-25T19:34:30","date_gmt":"2011-01-25T18:34:30","guid":{"rendered":"https:\/\/www.gml.si\/meghivo-alfons-mucha-kiallitas-megnyito\/"},"modified":"2011-01-25T19:34:30","modified_gmt":"2011-01-25T18:34:30","slug":"meghivo-alfons-mucha-kiallitas-megnyito","status":"publish","type":"post","link":"https:\/\/www.gml.si\/hu\/meghivo-alfons-mucha-kiallitas-megnyito\/","title":{"rendered":"Megh\u00edv\u00f3: Alfons Mucha ki\u00e1ll\u00edt\u00e1s-megny\u00edt\u00f3"},"content":{"rendered":"<p><a href=\"http:\/\/www.gml.si\/wp-content\/uploads\/2011\/01\/20110204_alfons_mucha_Vabilo_ovitek.png\" data-lbwps-width=\"274\" data-lbwps-height=\"550\" data-lbwps-srcsmall=\"https:\/\/www.gml.si\/wp-content\/uploads\/2011\/01\/20110204_alfons_mucha_Vabilo_ovitek.png\"><img loading=\"lazy\" decoding=\"async\" class=\"alignright size-thumbnail wp-image-145\" title=\"20110204_alfons_mucha_Vabilo_ovitek\" src=\"http:\/\/www.gml.si\/wp-content\/uploads\/2011\/01\/20110204_alfons_mucha_Vabilo_ovitek-120x120.png\" alt=\"Vabilo - Megh\u00edv\u00f3: Alfons Mucha\" width=\"120\" height=\"120\" \/><\/a>A Gal\u00e9ria-M\u00fazeum Lendva a Szlov\u00e9n Kult\u00far\u00fcnnep alkalm\u00e1val tisztelettel megh\u00edvja \u00d6nt \u00e9s kedves ismer\u0151seit <strong>Alfons Mucha<\/strong>, cseh fest\u0151- \u00e9s grafikusm\u0171v\u00e9sz ki\u00e1ll\u00edt\u00e1s\u00e1nak megnyit\u00f3j\u00e1ra, amely <strong>2011. febru\u00e1r 4-\u00e9n, p\u00e9nteken, 17.00 \u00f3rakor<\/strong> lesz a lendvai v\u00e1rban.<\/p>\n","protected":false},"excerpt":{"rendered":"<p>A Gal\u00e9ria-M\u00fazeum Lendva a Szlov\u00e9n Kult\u00far\u00fcnnep alkalm\u00e1val tisztelettel megh\u00edvja \u00d6nt \u00e9s kedves ismer\u0151seit Alfons Mucha, cseh fest\u0151- \u00e9s grafikusm\u0171v\u00e9sz ki\u00e1ll\u00edt\u00e1s\u00e1nak megnyit\u00f3j\u00e1ra, amely 2011. febru\u00e1r 4-\u00e9n, p\u00e9nteken, 17.00 \u00f3rakor lesz a lendvai v\u00e1rban.<\/p>\n","protected":false},"author":5,"featured_media":7518,"comment_status":"closed","ping_status":"open","sticky":false,"template":"","format":"standard","meta":{"inline_featured_image":false,"footnotes":""},"categories":[58],"tags":[],"class_list":["post-12279","post","type-post","status-publish","format-standard","has-post-thumbnail","hentry","category-hirek"],"_links":{"self":[{"href":"https:\/\/www.gml.si\/hu\/wp-json\/wp\/v2\/posts\/12279","targetHints":{"allow":["GET"]}}],"collection":[{"href":"https:\/\/www.gml.si\/hu\/wp-json\/wp\/v2\/posts"}],"about":[{"href":"https:\/\/www.gml.si\/hu\/wp-json\/wp\/v2\/types\/post"}],"author":[{"embeddable":true,"href":"https:\/\/www.gml.si\/hu\/wp-json\/wp\/v2\/users\/5"}],"replies":[{"embeddable":true,"href":"https:\/\/www.gml.si\/hu\/wp-json\/wp\/v2\/comments?post=12279"}],"version-history":[{"count":0,"href":"https:\/\/www.gml.si\/hu\/wp-json\/wp\/v2\/posts\/12279\/revisions"}],"wp:featuredmedia":[{"embeddable":true,"href":"https:\/\/www.gml.si\/hu\/wp-json\/wp\/v2\/media\/7518"}],"wp:attachment":[{"href":"https:\/\/www.gml.si\/hu\/wp-json\/wp\/v2\/media?parent=12279"}],"wp:term":[{"taxonomy":"category","embeddable":true,"href":"https:\/\/www.gml.si\/hu\/wp-json\/wp\/v2\/categories?post=12279"},{"taxonomy":"post_tag","embeddable":true,"href":"https:\/\/www.gml.si\/hu\/wp-json\/wp\/v2\/tags?post=12279"}],"curies":[{"name":"wp","href":"https:\/\/api.w.org\/{rel}","templated":true}]}}