{"id":12288,"date":"2011-03-08T13:29:12","date_gmt":"2011-03-08T12:29:12","guid":{"rendered":"https:\/\/www.gml.si\/41-nemzetkozi-muvesztelep-lendva-2013-bronzontes\/"},"modified":"2011-03-08T13:29:12","modified_gmt":"2011-03-08T12:29:12","slug":"41-nemzetkozi-muvesztelep-lendva-2013-bronzontes","status":"publish","type":"post","link":"https:\/\/www.gml.si\/hu\/41-nemzetkozi-muvesztelep-lendva-2013-bronzontes\/","title":{"rendered":"41. Nemzetk\u00f6zi M\u0171v\u00e9sztelep, Lendva 2013 &#8211; bronz\u00f6nt\u00e9s"},"content":{"rendered":"<p><strong>A Gal\u00e9ria \u2013 M\u00fazeum Lendva \u2013 (Szlov\u00e9nia) P\u00e1ly\u00e1zati felh\u00edv\u00e1sa<\/strong> R\u00e9szv\u00e9teli p\u00e1ly\u00e1zati felh\u00edv\u00e1s a 41. Nemzetk\u00f6zi M\u0171v\u00e9sztelepre (a 9. bronz\u00f6nt\u0151) a lendvai v\u00e1rba, hivat\u00e1sos szobr\u00e1szm\u0171v\u00e9szek r\u00e9sz\u00e9re 2013\u00a0szeptember 1-t\u0151l szeptember 16-ig terjed\u0151 id\u0151tartamra az al\u00e1bbi inform\u00e1ci\u00f3k \u00e9s felt\u00e9telek alapj\u00e1n:<\/p>\n<p><strong>A lendvai Gal\u00e9ria \u2013 M\u00fazeum bemutat\u00e1sa:<\/strong><\/p>\n<p>A fest\u0151i sz\u00e9ps\u00e9g\u0171 term\u00e9szeti k\u00f6rnyezetben, a hangulatos kisv\u00e1ros f\u00f6l\u00e9 magasodik a Lendvai V\u00e1r, amelyben a kult\u00fara \u00e9s m\u0171v\u00e9szet egyik meghat\u00e1roz\u00f3, orsz\u00e1gos \u00e9s nemzetk\u00f6zi szinten is elismert, emblematikus int\u00e9zm\u00e9nye a Gal\u00e9ria \u2013 M\u00fazeum Lendva tal\u00e1lhat\u00f3. Az int\u00e9zm\u00e9ny klasszikus kultur\u00e1lis &#8211; m\u00fazeumi szerep\u00e9n t\u00fal a k\u00e9pz\u0151m\u0171v\u00e9szet ir\u00e1nti elk\u00f6telezetts\u00e9g\u00e9t mutatja, hogy a 2013. \u00e9vben m\u00e1r a 41. alkalommal ad otthont, biztos\u00edt folyamatosan ide\u00e1lis alkot\u00f3i k\u00f6rnyezetet a kort\u00e1rs k\u00e9pz\u0151m\u0171v\u00e9szetnek.\u00a0 Jelenleg a nemzetk\u00f6zi m\u0171v\u00e9sztelep profilja a szobr\u00e1szaton bel\u00fcl a viaszveszejt\u00e9ses bronz\u00f6nt\u00e9s, amelyhez minden technikai felt\u00e9tel adott.<\/p>\n<p><strong>A bronz\u00f6nt\u0151 m\u0171v\u00e9sztelep bemutat\u00e1sa:<\/strong> <img loading=\"lazy\" decoding=\"async\" class=\"alignright\" title=\"Odlivanje v bron - Bronz\u00f6nt\u00e9s - Casting in bronze\" alt=\"\" src=\"https:\/\/www.gml.si\/wp-content\/uploads\/2011\/03\/odlivanje_mlk_39_razpis_210.jpg\" width=\"210\" height=\"280\" \/><\/p>\n<p>A m\u0171v\u00e9sztelep kiemelt c\u00e9lja a Szlov\u00e9ni\u00e1ban egyed\u00fcl\u00e1ll\u00f3 kort\u00e1rs, nemzetk\u00f6zi bronz kisplasztikai, szobr\u00e1szati gy\u0171jtem\u00e9ny l\u00e9trehoz\u00e1sa, gyarap\u00edt\u00e1sa olyan egyedi, csak a gal\u00e9ri\u00e1ban tal\u00e1lhat\u00f3 darabokkal, melyek a m\u0171v\u00e9sztelep ideje alatt, helyben k\u00e9sz\u00fclnek, az alkot\u00f3k kivitelez\u00e9s\u00e9ben. Lendv\u00e1n m\u0171k\u00f6dik az egyetlen bronz szobr\u00e1szati m\u0171v\u00e9sztelep Szlov\u00e9ni\u00e1ban \u00e9vente, alkalmank\u00e9nt 5-6 alkot\u00f3 r\u00e9szv\u00e9tel\u00e9vel. A kis l\u00e9tsz\u00e1m, az adott technika \u00e9s a m\u0171hely felt\u00e9telek lehet\u0151s\u00e9get teremtenek az alkot\u00f3knak a k\u00eds\u00e9rletez\u00e9sre is. A r\u00e9sztvev\u0151 m\u0171v\u00e9szek a kisplasztik\u00e1k viaszban t\u00f6rt\u00e9n\u0151 auton\u00f3m megform\u00e1l\u00e1s\u00e1t\u00f3l kezdve az \u00f6nt\u00e9sen kereszt\u00fcl a cizell\u00e1l\u00e1sig, patin\u00e1z\u00e1sig a teljes alkot\u00f3i folyamatot helyben v\u00e9gzik, a kivitelez\u00e9sben mintegy szellemi m\u0171helyk\u00e9nt, alkot\u00f3i k\u00f6z\u00f6ss\u00e9gk\u00e9nt egy\u00fctt m\u0171k\u00f6dve. A kivitelez\u00e9st a megh\u00edvott tapasztalt mesterek is seg\u00edtik konzult\u00e1ci\u00f3val, tan\u00e1csokkal \u00e9s akt\u00edv k\u00f6zrem\u0171k\u00f6d\u00e9ssel a cs\u00f6vez\u00e9s, az \u00f6nt\u0151form\u00e1k elk\u00e9sz\u00edt\u00e9se \u00e9s a bronz\u00f6nt\u00e9s ter\u00e9n. A Gal\u00e9ria \u2013 M\u00fazeum Lendva minden m\u0171v\u00e9sztelepr\u0151l sz\u00ednes, 3 nyelv\u0171 (szlov\u00e9n, \u2013 magyar, \u2013 angol nyelv\u0171) katal\u00f3gust k\u00e9sz\u00edt, m\u0171v\u00e9szett\u00f6rt\u00e9n\u00e9sz k\u00f6zrem\u0171k\u00f6d\u00e9s\u00e9vel. Az \u00faj alkot\u00e1sok gyarap\u00edtj\u00e1k a gy\u0171jtem\u00e9nyt \u00e9s ki\u00e1ll\u00edt\u00e1sra ker\u00fclnek a bronz kisplasztik\u00e1k \u00e1lland\u00f3 ki\u00e1ll\u00edt\u00e1s\u00e1n, a v\u00e1r \u201ePadl\u00e1s Gal\u00e9ri\u00e1j\u00e1ban\u201d, valamint r\u00e9szt vesznek a szlov\u00e9niai, a magyar \u00e9s m\u00e1s eur\u00f3pai orsz\u00e1gok rangos kultur\u00e1lis int\u00e9zm\u00e9nyeiben rendezett v\u00e1logatott, bemutatkoz\u00f3 ki\u00e1ll\u00edt\u00e1sain, ily m\u00f3don az alkot\u00e1sok nemzetk\u00f6zi publicit\u00e1sa is biztos\u00edtott. A 9. nemzetk\u00f6zi bronz\u00f6nt\u0151 m\u0171v\u00e9sztelepre a r\u00e9sztvev\u0151 m\u0171v\u00e9szeket p\u00e1ly\u00e1zat \u00fatj\u00e1n v\u00e1lasztja ki, h\u00edvja meg a Gal\u00e9ria, szakmai zs\u0171ri javaslata, d\u00f6nt\u00e9se alapj\u00e1n. A zs\u0171ri \u00f6sszet\u00e9tele: a Gal\u00e9ria \u2013 M\u00fazeum Lendva igazgat\u00f3ja, m\u0171v\u00e9szett\u00f6rt\u00e9n\u00e9sz, m\u0171v\u00e9sz koll\u00e9g\u00e1k, a kivitelez\u00e9st seg\u00edt\u0151 mesterek. A p\u00e1ly\u00e1zati anyagokat a Gal\u00e9ria \u2013 M\u00fazeum Lendva c\u00edm\u00e9re kell eljuttatni szem\u00e9lyesen, post\u00e1n, vagy e-mailen. <span style=\"color: #ffffff; background-color: #008000;\">A bead\u00e1si hat\u00e1rid\u0151: <strong>2013. m\u00e1jus 31-ig. (p\u00e9ntek)\u00a0<\/strong><\/span> D\u00f6nt\u00e9s \u00e9s \u00e9rtes\u00edt\u00e9s a megh\u00edv\u00e1sr\u00f3l v\u00e1rhat\u00f3 legk\u00e9s\u0151bb\u00a02013. j\u00fanius 15-ig.<\/p>\n<hr style=\"color: #ffffff; border: 1px solid #CCCCCC;\" noshade=\"noshade\" \/>\n<p><strong>A 9. bronz\u00f6nt\u0151 m\u0171v\u00e9sztelepen (a 41. Nemzetk\u00f6zi M\u0171v\u00e9sztelepen) a Gal\u00e9ria \u2013 M\u00fazeum Lendva biztos\u00edtja:<\/strong><\/p>\n<ul>\n<li>Teljes ell\u00e1t\u00e1s (\u00e9tkez\u00e9s, sz\u00e1ll\u00e1s)<\/li>\n<li>M\u0171helyek a v\u00e1rban az alkot\u00e1shoz<\/li>\n<li>A tervezett bronz kisplasztik\u00e1k maxim\u00e1lis befoglal\u00f3 m\u00e9retei: kb. 50 x 25 x 25 cm. lehet!<\/li>\n<li>Anyagok az alkot\u00e1shoz: agyag, modellgipsz, szilikongumi, m\u00e9hviasz, \u00f6nt\u00f6dei viaszok, stb.<\/li>\n<li>Form\u00e1z\u00f3anyagok: az \u00f6nt\u0151form\u00e1k elk\u00e9sz\u00edt\u00e9s\u00e9hez<\/li>\n<li>A viaszform\u00e1k cs\u00f6vez\u00e9se (\u00f6nt\u0151mesterrel) \u00e9s beform\u00e1z\u00e1sa (\u00f6nt\u0151mesterrel)<\/li>\n<li>Az \u00f6nt\u0151form\u00e1k sz\u00e1ll\u00edt\u00e1sa \u00e9s ki\u00e9get\u00e9se g\u00e1zkemenc\u00e9ben (\u00f6nt\u0151mesterrel)<\/li>\n<li>A bronz anyag, olvaszt\u00e1s \u00e9s \u00f6nt\u00e9s (\u00f6nt\u0151mesterrel)<\/li>\n<li>A cizell\u00e1l\u00e1shoz \u00e9s patin\u00e1z\u00e1shoz alap eszk\u00f6z\u00f6k, anyagok<\/li>\n<li>Egyeztet\u00e9s, ig\u00e9ny szerint k\u0151 posztamensek a ki\u00e1ll\u00edt\u00e1si anyaghoz<\/li>\n<li>Folyamatos szakmai seg\u00edts\u00e9g, tan\u00e1csad\u00e1s a kivitelez\u00e9sben<\/li>\n<li>Publicit\u00e1s (kapcsolat a m\u00e9di\u00e1kkal, m\u0171v\u00e9szett\u00f6rt\u00e9n\u00e9szekkel, szponzorokkal)<\/li>\n<\/ul>\n<p>Az alkot\u00f3 a saj\u00e1t, megszokott szersz\u00e1mait, sz\u00fcks\u00e9ges eszk\u00f6zeit, speci\u00e1lis anyagait term\u00e9szetesen mag\u00e1val hozhatja, haszn\u00e1lhatja a m\u0171v\u00e9sztelepen. Az alkot\u00f3 el\u0151k\u00e9sz\u00fclhet a saj\u00e1t m\u0171term\u00e9ben is a viasz plasztika mint\u00e1z\u00e1s\u00e1val a m\u0171v\u00e9sztelepre, azt hozhatja ak\u00e1r k\u00e9szen, f\u00e9lk\u00e9szen is, hogy csak a befejez\u0151 mint\u00e1z\u00e1s maradjon a m\u0171v\u00e9sztelepre, az egy\u00e9ni ig\u00e9nyekt\u0151l, munkam\u00f3dszerekt\u0151l a f\u00fcgg\u0151en.<\/p>\n<hr style=\"color: #ffffff; border: 1px solid #CCCCCC;\" noshade=\"noshade\" \/>\n<p><strong>A p\u00e1ly\u00e1z\u00f3 alkot\u00f3 v\u00e1llalja p\u00e1ly\u00e1zati anyag\u00e1t hat\u00e1rid\u0151re megk\u00fcldeni a Gal\u00e9ri\u00e1nak az al\u00e1bbiak szerint:<\/strong><\/p>\n<ul>\n<li>szem\u00e9lyes adatok, el\u00e9rhet\u0151s\u00e9gek<\/li>\n<li>r\u00f6vid szakmai \u00e9letrajz, referenci\u00e1k<\/li>\n<li>a tervezett kisplasztika l\u00e1tv\u00e1nyterve (v\u00e1zlat, rajz, modell, fot\u00f3, stb. szabadon)<\/li>\n<li>a tervezett kisplasztika r\u00f6vid le\u00edr\u00e1sa (technika, tervezett m\u00e9ret, stb.)<\/li>\n<li>az egyedis\u00e9gre vonatkoz\u00f3 nyilatkozat (mit\u0151l, mi\u00e9rt egyedi a kisplasztika)<\/li>\n<li>a m\u0171v\u00e9sztelepi tervezett munka (formak\u00e9sz\u00edt\u00e9s, \u00fctemez\u00e9s, stb.) r\u00f6vid jellemz\u00e9se<\/li>\n<li>egy\u00e9b k\u00f6zlend\u0151k (speci\u00e1lis ig\u00e9nyek, k\u00e9r\u00e9sek, stb.)<\/li>\n<\/ul>\n<hr style=\"color: #ffffff; border: 1px solid #CCCCCC;\" noshade=\"noshade\" \/>\n<p><strong>A kiv\u00e1lasztott alkot\u00f3 a megh\u00edv\u00e1s, a m\u0171v\u00e9sztelepi r\u00e9szv\u00e9tel fej\u00e9ben:<\/strong><\/p>\n<ul>\n<li>1 db. egyedi bronz kisplasztik\u00e1t ki\u00e1ll\u00edt\u00e1sra k\u00e9sz \u00e1llapotban \u00e1tad a Gal\u00e9ri\u00e1nak a m\u0171v\u00e9sztelep v\u00e9g\u00e9n<\/li>\n<li>A Gal\u00e9ria \u2013 M\u00fazeum Lendva nem fizet \u00fatik\u00f6lts\u00e9get \u00e9s tiszteletd\u00edjat, de az alkot\u00f3<\/li>\n<li>1 db. bronz kisplasztik\u00e1t k\u00e9sz\u00edthet, \u00f6nthet saj\u00e1t c\u00e9lra!<\/li>\n<\/ul>\n<p>\u00a0<\/p>\n<table style=\"background-color: #caebd1;\" border=\"0\">\n<tbody>\n<tr>\n<td><strong>C\u00edm:<\/strong><\/td>\n<td><strong>Gal\u00e9ria \u2013 M\u00fazeum Lendva, <\/strong>9220 Lendva, B\u00e1nffy t\u00e9r 1.,<strong> <\/strong>Szlov\u00e9nia<\/td>\n<\/tr>\n<tr>\n<td><strong>Telefon:<\/strong><\/td>\n<td><strong><\/strong>+ 386 (0) 2 578 9260<\/td>\n<\/tr>\n<tr>\n<td><strong>E-mail:<\/strong><\/td>\n<td><a href=\"mailto:info@gml.si\">info@gml.si<\/a><\/td>\n<\/tr>\n<\/tbody>\n<\/table>\n","protected":false},"excerpt":{"rendered":"<p>A Gal\u00e9ria \u2013 M\u00fazeum Lendva \u2013 (Szlov\u00e9nia) P\u00e1ly\u00e1zati felh\u00edv\u00e1sa R\u00e9szv\u00e9teli p\u00e1ly\u00e1zati felh\u00edv\u00e1s a 41. Nemzetk\u00f6zi M\u0171v\u00e9sztelepre (a 9. bronz\u00f6nt\u0151) a lendvai v\u00e1rba, hivat\u00e1sos szobr\u00e1szm\u0171v\u00e9szek r\u00e9sz\u00e9re 2013\u00a0szeptember 1-t\u0151l szeptember 16-ig terjed\u0151 id\u0151tartamra az al\u00e1bbi inform\u00e1ci\u00f3k \u00e9s felt\u00e9telek alapj\u00e1n: A lendvai Gal\u00e9ria &hellip; <a href=\"https:\/\/www.gml.si\/hu\/41-nemzetkozi-muvesztelep-lendva-2013-bronzontes\/\"><\/p>\n<p>B\u0151vebben <span class=\"meta-nav\">\u2192<\/span><\/a><\/p>\n","protected":false},"author":5,"featured_media":0,"comment_status":"closed","ping_status":"closed","sticky":false,"template":"","format":"standard","meta":{"inline_featured_image":false,"footnotes":""},"categories":[64],"tags":[],"class_list":["post-12288","post","type-post","status-publish","format-standard","hentry","category-palyazat-lathatatlan"],"_links":{"self":[{"href":"https:\/\/www.gml.si\/hu\/wp-json\/wp\/v2\/posts\/12288","targetHints":{"allow":["GET"]}}],"collection":[{"href":"https:\/\/www.gml.si\/hu\/wp-json\/wp\/v2\/posts"}],"about":[{"href":"https:\/\/www.gml.si\/hu\/wp-json\/wp\/v2\/types\/post"}],"author":[{"embeddable":true,"href":"https:\/\/www.gml.si\/hu\/wp-json\/wp\/v2\/users\/5"}],"replies":[{"embeddable":true,"href":"https:\/\/www.gml.si\/hu\/wp-json\/wp\/v2\/comments?post=12288"}],"version-history":[{"count":0,"href":"https:\/\/www.gml.si\/hu\/wp-json\/wp\/v2\/posts\/12288\/revisions"}],"wp:attachment":[{"href":"https:\/\/www.gml.si\/hu\/wp-json\/wp\/v2\/media?parent=12288"}],"wp:term":[{"taxonomy":"category","embeddable":true,"href":"https:\/\/www.gml.si\/hu\/wp-json\/wp\/v2\/categories?post=12288"},{"taxonomy":"post_tag","embeddable":true,"href":"https:\/\/www.gml.si\/hu\/wp-json\/wp\/v2\/tags?post=12288"}],"curies":[{"name":"wp","href":"https:\/\/api.w.org\/{rel}","templated":true}]}}