{"id":12297,"date":"2011-09-23T11:45:18","date_gmt":"2011-09-23T09:45:18","guid":{"rendered":"https:\/\/www.gml.si\/meghivo-nyolc-kortars-horvat-muvesz-kiallitas-megnyito\/"},"modified":"2011-09-23T11:45:18","modified_gmt":"2011-09-23T09:45:18","slug":"meghivo-nyolc-kortars-horvat-muvesz-kiallitas-megnyito","status":"publish","type":"post","link":"https:\/\/www.gml.si\/hu\/meghivo-nyolc-kortars-horvat-muvesz-kiallitas-megnyito\/","title":{"rendered":"Megh\u00edv\u00f3: Nyolc kort\u00e1rs horv\u00e1t m\u0171v\u00e9sz ki\u00e1ll\u00edt\u00e1s-megny\u00edt\u00f3"},"content":{"rendered":"<p>A Gal\u00e9ria-M\u00fazeum Lendva tisztelettel megh\u00edvja \u00d6nt \u00e9s kedves ismer\u0151seit a<br \/>\n<strong><em>NYOLC KORT\u00c1RS HORV\u00c1T M\u0170V\u00c9SZ<\/em><\/strong><br \/>\nc. ki\u00e1ll\u00edt\u00e1s\u00e1nak megnyit\u00f3j\u00e1ra, amely <strong>2011. szeptember 23-\u00e1n<\/strong> p\u00e9nteken, <strong>13.00 \u00f3rakor <\/strong>lesz a lendvai v\u00e1rban.<\/p>\n<p>A jelenl\u00e9v\u0151ket <em>Franc Geri\u010d<\/em>, a Gal\u00e9ria-M\u00fazeum Lendva igazgat\u00f3ja k\u00f6sz\u00f6nti, majd a ki\u00e1ll\u00edt\u00e1st <em>Milan Be\u0161li\u0107<\/em>, k\u00e9pz\u0151m\u0171v\u00e9szeti kritikus m\u00e9ltatja.<br \/>\nA ki\u00e1ll\u00edt\u00e1st <em>Ivan Perho\u010d<\/em>, Murak\u00f6z Megye isp\u00e1nja, \u00e9s mag. <em>Anton Bala\u017eek<\/em>, Lendva K\u00f6zs\u00e9g polg\u00e1rmestere nyitja meg.<\/p>\n<p>Ki\u00e1ll\u00edtanak:<br \/>\n<em>Petar Bari\u0161i\u0107, Peru\u0161ko Bogdani\u0107, Ka\u017eimir Hraste, Kuzma Kova\u010di\u0107, Vatroslav Kuli\u0161, <\/em><br \/>\n<em>\u017deljko Lapuh, Igor Ron\u010devi\u0107, Antun Boris \u0160valjek<\/em><\/p>\n<p>Zenei program: \u201ePomurje\u201d Horv\u00e1t Kult\u00faregyes\u00fclet, Lendva<\/p>\n<p>A ki\u00e1ll\u00edt\u00e1s 2011. november 13-\u00e1ig tekinthet\u0151 meg.<\/p>\n","protected":false},"excerpt":{"rendered":"<p>A Gal\u00e9ria-M\u00fazeum Lendva tisztelettel megh\u00edvja \u00d6nt \u00e9s kedves ismer\u0151seit a NYOLC KORT\u00c1RS HORV\u00c1T M\u0170V\u00c9SZ c. ki\u00e1ll\u00edt\u00e1s\u00e1nak megnyit\u00f3j\u00e1ra, amely 2011. szeptember 23-\u00e1n p\u00e9nteken, 13.00 \u00f3rakor lesz a lendvai v\u00e1rban. A jelenl\u00e9v\u0151ket Franc Geri\u010d, a Gal\u00e9ria-M\u00fazeum Lendva igazgat\u00f3ja k\u00f6sz\u00f6nti, majd a ki\u00e1ll\u00edt\u00e1st &hellip; <a href=\"https:\/\/www.gml.si\/hu\/meghivo-nyolc-kortars-horvat-muvesz-kiallitas-megnyito\/\"><\/p>\n<p>B\u0151vebben <span class=\"meta-nav\">\u2192<\/span><\/a><\/p>\n","protected":false},"author":5,"featured_media":0,"comment_status":"closed","ping_status":"closed","sticky":false,"template":"","format":"standard","meta":{"inline_featured_image":false,"footnotes":""},"categories":[58],"tags":[],"class_list":["post-12297","post","type-post","status-publish","format-standard","hentry","category-hirek"],"_links":{"self":[{"href":"https:\/\/www.gml.si\/hu\/wp-json\/wp\/v2\/posts\/12297","targetHints":{"allow":["GET"]}}],"collection":[{"href":"https:\/\/www.gml.si\/hu\/wp-json\/wp\/v2\/posts"}],"about":[{"href":"https:\/\/www.gml.si\/hu\/wp-json\/wp\/v2\/types\/post"}],"author":[{"embeddable":true,"href":"https:\/\/www.gml.si\/hu\/wp-json\/wp\/v2\/users\/5"}],"replies":[{"embeddable":true,"href":"https:\/\/www.gml.si\/hu\/wp-json\/wp\/v2\/comments?post=12297"}],"version-history":[{"count":0,"href":"https:\/\/www.gml.si\/hu\/wp-json\/wp\/v2\/posts\/12297\/revisions"}],"wp:attachment":[{"href":"https:\/\/www.gml.si\/hu\/wp-json\/wp\/v2\/media?parent=12297"}],"wp:term":[{"taxonomy":"category","embeddable":true,"href":"https:\/\/www.gml.si\/hu\/wp-json\/wp\/v2\/categories?post=12297"},{"taxonomy":"post_tag","embeddable":true,"href":"https:\/\/www.gml.si\/hu\/wp-json\/wp\/v2\/tags?post=12297"}],"curies":[{"name":"wp","href":"https:\/\/api.w.org\/{rel}","templated":true}]}}