{"id":12318,"date":"2011-12-29T12:43:03","date_gmt":"2011-12-29T11:43:03","guid":{"rendered":"https:\/\/www.gml.si\/meghivo-boldogasszony\/"},"modified":"2011-12-29T12:43:03","modified_gmt":"2011-12-29T11:43:03","slug":"meghivo-boldogasszony","status":"publish","type":"post","link":"https:\/\/www.gml.si\/hu\/meghivo-boldogasszony\/","title":{"rendered":"Megh\u00edv\u00f3: Boldogasszony"},"content":{"rendered":"<p align=\"left\"><a href=\"http:\/\/www.gml.si\/wp-content\/uploads\/2012\/01\/boldogasszony_forrasgalerija_lendva_meghivo_850.jpg\" data-lbwps-width=\"850\" data-lbwps-height=\"601\" data-lbwps-srcsmall=\"https:\/\/www.gml.si\/wp-content\/uploads\/2012\/01\/boldogasszony_forrasgalerija_lendva_meghivo_850-500x353.jpg\"><img loading=\"lazy\" decoding=\"async\" class=\"size-thumbnail wp-image-963 alignright\" title=\"Vabilo Mati Bo\u017eja - Boldogasszony megh\u00edv\u00f3\" src=\"http:\/\/www.gml.si\/wp-content\/uploads\/2012\/01\/boldogasszony_forrasgalerija_lendva_meghivo_850-120x120.jpg\" alt=\"\" width=\"120\" height=\"120\" \/><\/a>A Lendvai Gal\u00e9ria \u00e9s M\u00fazeum, a Magyar M\u0171v\u00e9szeti Akad\u00e9mia, Lendva K\u00f6zs\u00e9g \u00e9s a Forr\u00e1s Gal\u00e9ria tisztelettel megh\u00edvja \u00d6nt, csal\u00e1dj\u00e1t \u00e9s bar\u00e1tait <strong>Boldogasszony<\/strong> c\u00edm\u0171 ki\u00e1ll\u00edt\u00e1s megnyit\u00f3j\u00e1ra, 2012. janu\u00e1r 6-\u00e1n, p\u00e9nteken 17:00 \u00f3r\u00e1ra.<\/p>\n<p align=\"left\"><span style=\"color: #000000;\">Ki\u00e1ll\u00edt\u00f3 m\u0171v\u00e9szek: <em>B. Raunio Maria, Br\u00e1da Tibor, Gyulai L\u00edviusz, Gy\u00f6rfi S\u00e1ndor, Incze M\u00f3zes, Jankovics Marcell, K\u00e1rp\u00e1ti Tam\u00e1s, K\u0151 P\u00e1l, K\u00f6nig R\u00f3bert, Lajta G\u00e1bor, Moln\u00e1r K\u00e1lm\u00e1n, Mara Kinga, N\u00e1das Alexandra, Nagy G\u00e1bor, Orosz Istv\u00e1n, P\u00e1rk\u00e1nyi Raab P\u00e9ter, Raffay D\u00e1vid, Papageorgiu Andrea, P\u00e9terfy L\u00e1szl\u00f3, R\u00e1d\u00f3czy Gyarmathy G\u00e1bor, Sulyok Gabriella, Somogyi Gy\u0151z\u0151, Szab\u00f3 \u00c1kos, Szemad\u00e1m Gy\u00f6rgy, Szinte G\u00e1bor, T\u00f3th-Kov\u00e1cs J\u00f3zsef\u00a0<\/em><\/span><\/p>\n<p align=\"left\"><span><span style=\"color: #000000;\">K\u00f6sz\u00f6nt\u0151t mond: <strong>Gerics Ferenc<\/strong>, a Lendvai Gal\u00e9ria \u00e9s M\u00fazeum igazgat\u00f3ja.<\/span> <span style=\"color: #000000;\">A ki\u00e1ll\u00edt\u00e1st m\u00e9ltatja: <strong>Lendvai Kepe Zolt\u00e1n<\/strong>, a Lendvai Gal\u00e9ria \u00e9s M\u00fazeum n\u00e9prajzkutat\u00f3 muzeol\u00f3gusa.<\/span> <span style=\"color: #000000;\">A ki\u00e1ll\u00edt\u00e1st megnyitja:\u00a0 <strong>Horv\u00e1th Ferenc<\/strong>, a Muravid\u00e9ki Magyar \u00d6nkorm\u00e1nyzati Nemzeti K\u00f6z\u00f6ss\u00e9g Tan\u00e1cs\u00e1nak eln\u00f6ke.<\/span><\/span><\/p>\n<p align=\"left\"><span style=\"color: #000000;\">A ki\u00e1ll\u00edt\u00e1son k\u00f6zrem\u0171k\u00f6dik: <strong>Djuki\u010d <\/strong><strong><\/strong><strong>Ir\u00e9n<\/strong> \u00e9nekm\u0171v\u00e9sz<\/span><\/p>\n<p align=\"left\"><span style=\"color: #000000; font-size: small;\">A ki\u00e1ll\u00edt\u00e1s megtekinthet\u0151 2012. febru\u00e1r 1-ig.<\/span><\/p>\n","protected":false},"excerpt":{"rendered":"<p>A Lendvai Gal\u00e9ria \u00e9s M\u00fazeum, a Magyar M\u0171v\u00e9szeti Akad\u00e9mia, Lendva K\u00f6zs\u00e9g \u00e9s a Forr\u00e1s Gal\u00e9ria tisztelettel megh\u00edvja \u00d6nt, csal\u00e1dj\u00e1t \u00e9s bar\u00e1tait Boldogasszony c\u00edm\u0171 ki\u00e1ll\u00edt\u00e1s megnyit\u00f3j\u00e1ra, 2012. janu\u00e1r 6-\u00e1n, p\u00e9nteken 17:00 \u00f3r\u00e1ra. Ki\u00e1ll\u00edt\u00f3 m\u0171v\u00e9szek: B. Raunio Maria, Br\u00e1da Tibor, Gyulai L\u00edviusz, &hellip; <a href=\"https:\/\/www.gml.si\/hu\/meghivo-boldogasszony\/\"><\/p>\n<p>B\u0151vebben <span class=\"meta-nav\">\u2192<\/span><\/a><\/p>\n","protected":false},"author":5,"featured_media":0,"comment_status":"closed","ping_status":"closed","sticky":false,"template":"","format":"standard","meta":{"inline_featured_image":false,"footnotes":""},"categories":[58],"tags":[],"class_list":["post-12318","post","type-post","status-publish","format-standard","hentry","category-hirek"],"_links":{"self":[{"href":"https:\/\/www.gml.si\/hu\/wp-json\/wp\/v2\/posts\/12318","targetHints":{"allow":["GET"]}}],"collection":[{"href":"https:\/\/www.gml.si\/hu\/wp-json\/wp\/v2\/posts"}],"about":[{"href":"https:\/\/www.gml.si\/hu\/wp-json\/wp\/v2\/types\/post"}],"author":[{"embeddable":true,"href":"https:\/\/www.gml.si\/hu\/wp-json\/wp\/v2\/users\/5"}],"replies":[{"embeddable":true,"href":"https:\/\/www.gml.si\/hu\/wp-json\/wp\/v2\/comments?post=12318"}],"version-history":[{"count":0,"href":"https:\/\/www.gml.si\/hu\/wp-json\/wp\/v2\/posts\/12318\/revisions"}],"wp:attachment":[{"href":"https:\/\/www.gml.si\/hu\/wp-json\/wp\/v2\/media?parent=12318"}],"wp:term":[{"taxonomy":"category","embeddable":true,"href":"https:\/\/www.gml.si\/hu\/wp-json\/wp\/v2\/categories?post=12318"},{"taxonomy":"post_tag","embeddable":true,"href":"https:\/\/www.gml.si\/hu\/wp-json\/wp\/v2\/tags?post=12318"}],"curies":[{"name":"wp","href":"https:\/\/api.w.org\/{rel}","templated":true}]}}