{"id":12330,"date":"2012-03-09T11:04:50","date_gmt":"2012-03-09T10:04:50","guid":{"rendered":"https:\/\/www.gml.si\/meghivo-budapest-xii-kerulet-kepzomuveszei\/"},"modified":"2012-03-09T11:04:50","modified_gmt":"2012-03-09T10:04:50","slug":"meghivo-budapest-xii-kerulet-kepzomuveszei","status":"publish","type":"post","link":"https:\/\/www.gml.si\/hu\/meghivo-budapest-xii-kerulet-kepzomuveszei\/","title":{"rendered":"MEGH\u00cdV\u00d3: Budapest XII. ker\u00fclet k\u00e9pz\u0151m\u0171v\u00e9szei"},"content":{"rendered":"<p><a href=\"https:\/\/www.gml.si\/wp-content\/uploads\/2012\/03\/Vabilo-Meghivo_ovitek.jpg\" data-lbwps-width=\"488\" data-lbwps-height=\"700\" data-lbwps-srcsmall=\"https:\/\/www.gml.si\/wp-content\/uploads\/2012\/03\/Vabilo-Meghivo_ovitek-348x500.jpg\"><img decoding=\"async\" class=\"alignright  wp-image-8240\" title=\"Vabilo-Meghivo_ovitek\" src=\"https:\/\/www.gml.si\/wp-content\/uploads\/2012\/03\/Vabilo-Meghivo_ovitek.jpg\" alt=\"\" width=\"150\" srcset=\"https:\/\/www.gml.si\/wp-content\/uploads\/2012\/03\/Vabilo-Meghivo_ovitek.jpg 488w, https:\/\/www.gml.si\/wp-content\/uploads\/2012\/03\/Vabilo-Meghivo_ovitek-348x500.jpg 348w, https:\/\/www.gml.si\/wp-content\/uploads\/2012\/03\/Vabilo-Meghivo_ovitek-34x50.jpg 34w\" sizes=\"(max-width: 488px) 100vw, 488px\" \/><\/a>A Gal\u00e9ria-M\u00fazeum Lendva \u00e9s a Budapest XII. ker\u00fclet Hegyvid\u00e9ki \u00d6nkorm\u00e1nyzata tisztelettel megh\u00edvja \u00d6nt \u00e9s Kedves Bar\u00e1tait a <strong><em>Hegyvid\u00e9ki t\u00e1vlatok<\/em><\/strong> c. ki\u00e1ll\u00edt\u00e1s\u00e1nak megnyit\u00f3j\u00e1ra, amely <strong>2012. m\u00e1rcius 27-\u00e9n, kedden 18 \u00f3rakor<\/strong> lesz a lendvai v\u00e1rban.<\/p>\n<p>K\u00f6sz\u00f6nt\u0151t mond: <em>Fonti Krisztina<\/em>, a Hegyvid\u00e9ki \u00d6nkorm\u00e1nyzat alpolg\u00e1rmestere \u00e9s <em>Dr. G\u00f6ncz L\u00e1szl\u00f3<\/em>, magyar nemzetis\u00e9gi parlamenti k\u00e9pvisel\u0151.<br \/>Szakmai m\u00e9ltat\u00e1st tart: <em>Breznay Andr\u00e1s<\/em>, fest\u0151m\u0171v\u00e9sz.<br \/>Zenei program: <em>G\u00f6tz Quartet<\/em>.<\/p>\n<p><strong>Ki\u00e1ll\u00edt\u00f3 alkot\u00f3k n\u00e9vsora:<\/strong><br \/>Angyal J\u00falia, \u00c1zbej Krist\u00f3f, Borza Ter\u00e9z, Breznay Andr\u00e1s, Ferdin\u00e1nd Judit, F\u00fczes Gergely, F\u00f3th Ern\u0151, Galambos Tam\u00e1s, Gy\u00fcgyi \u00d6d\u00f6n, Kampfl J\u00f3zsef, Kiss Nagy Andr\u00e1s, K\u00f3kay Krisztina, Kud\u00e1sz Emese, L\u00e1szl\u00f3 P\u00e9ter, Orient Enik\u0151, Pat\u00f3 K\u00e1roly, P\u00e1los Anna, Szathm\u00e1ry Gy\u00f6ngyi, Szmrecs\u00e1nyi Boldizs\u00e1r, V\u00edgh Tam\u00e1s<\/p>\n<p><span style=\"font-size: small;\">A ki\u00e1ll\u00edt\u00e1s megtekinthet\u0151 2012. m\u00e1jus 2-ig.<\/span><\/p>\n","protected":false},"excerpt":{"rendered":"<p>A Gal\u00e9ria-M\u00fazeum Lendva \u00e9s a Budapest XII. ker\u00fclet Hegyvid\u00e9ki \u00d6nkorm\u00e1nyzata tisztelettel megh\u00edvja \u00d6nt \u00e9s Kedves Bar\u00e1tait a Hegyvid\u00e9ki t\u00e1vlatok c. ki\u00e1ll\u00edt\u00e1s\u00e1nak megnyit\u00f3j\u00e1ra, amely 2012. m\u00e1rcius 27-\u00e9n, kedden 18 \u00f3rakor lesz a lendvai v\u00e1rban. K\u00f6sz\u00f6nt\u0151t mond: Fonti Krisztina, a Hegyvid\u00e9ki \u00d6nkorm\u00e1nyzat &hellip; <a href=\"https:\/\/www.gml.si\/hu\/meghivo-budapest-xii-kerulet-kepzomuveszei\/\"><\/p>\n<p>B\u0151vebben <span class=\"meta-nav\">\u2192<\/span><\/a><\/p>\n","protected":false},"author":5,"featured_media":0,"comment_status":"closed","ping_status":"open","sticky":false,"template":"","format":"standard","meta":{"inline_featured_image":false,"footnotes":""},"categories":[58],"tags":[],"class_list":["post-12330","post","type-post","status-publish","format-standard","hentry","category-hirek"],"_links":{"self":[{"href":"https:\/\/www.gml.si\/hu\/wp-json\/wp\/v2\/posts\/12330","targetHints":{"allow":["GET"]}}],"collection":[{"href":"https:\/\/www.gml.si\/hu\/wp-json\/wp\/v2\/posts"}],"about":[{"href":"https:\/\/www.gml.si\/hu\/wp-json\/wp\/v2\/types\/post"}],"author":[{"embeddable":true,"href":"https:\/\/www.gml.si\/hu\/wp-json\/wp\/v2\/users\/5"}],"replies":[{"embeddable":true,"href":"https:\/\/www.gml.si\/hu\/wp-json\/wp\/v2\/comments?post=12330"}],"version-history":[{"count":0,"href":"https:\/\/www.gml.si\/hu\/wp-json\/wp\/v2\/posts\/12330\/revisions"}],"wp:attachment":[{"href":"https:\/\/www.gml.si\/hu\/wp-json\/wp\/v2\/media?parent=12330"}],"wp:term":[{"taxonomy":"category","embeddable":true,"href":"https:\/\/www.gml.si\/hu\/wp-json\/wp\/v2\/categories?post=12330"},{"taxonomy":"post_tag","embeddable":true,"href":"https:\/\/www.gml.si\/hu\/wp-json\/wp\/v2\/tags?post=12330"}],"curies":[{"name":"wp","href":"https:\/\/api.w.org\/{rel}","templated":true}]}}