{"id":12351,"date":"2012-05-16T10:05:51","date_gmt":"2012-05-16T08:05:51","guid":{"rendered":"https:\/\/www.gml.si\/muzeumi-vilagnap-a-muravideki-zsidosag-dan-reisinger\/"},"modified":"2012-05-16T10:05:51","modified_gmt":"2012-05-16T08:05:51","slug":"muzeumi-vilagnap-a-muravideki-zsidosag-dan-reisinger","status":"publish","type":"post","link":"https:\/\/www.gml.si\/hu\/muzeumi-vilagnap-a-muravideki-zsidosag-dan-reisinger\/","title":{"rendered":"M\u00fazeumi Vil\u00e1gnap: A muravid\u00e9ki zsid\u00f3s\u00e1g \u2022 Dan Reisinger"},"content":{"rendered":"<p style=\"text-align: center;\"><a href=\"https:\/\/www.gml.si\/wp-content\/uploads\/2012\/05\/mur.zsido_.meghivo_web_950.jpg\" data-lbwps-width=\"950\" data-lbwps-height=\"459\" data-lbwps-srcsmall=\"https:\/\/www.gml.si\/wp-content\/uploads\/2012\/05\/mur.zsido_.meghivo_web_950-500x241.jpg\"><img decoding=\"async\" class=\"aligncenter  wp-image-8584\" title=\"VABILO-MEGH\u00cdV\u00d3: Mednarodni dan muzejev \/ M\u00fazeumi Vil\u00e1gnap\" src=\"https:\/\/www.gml.si\/wp-content\/uploads\/2012\/05\/mur.zsido_.meghivo_web_950.jpg\" alt=\"\" width=\"546\" srcset=\"https:\/\/www.gml.si\/wp-content\/uploads\/2012\/05\/mur.zsido_.meghivo_web_950.jpg 950w, https:\/\/www.gml.si\/wp-content\/uploads\/2012\/05\/mur.zsido_.meghivo_web_950-500x241.jpg 500w, https:\/\/www.gml.si\/wp-content\/uploads\/2012\/05\/mur.zsido_.meghivo_web_950-50x24.jpg 50w\" sizes=\"(max-width: 950px) 100vw, 950px\" \/><\/a><\/p>\n<p>A Lendvai Gal\u00e9ria \u00e9s M\u00fazeum \u00e9s a Lendvai Nyugd\u00edjas Egyes\u00fclet Kult\u00far\u00e1lis \u00d6r\u00f6ks\u00e9g Szekci\u00f3ja szeretettel h\u00edvja \u00e9s v\u00e1rja \u00d6nt \u00e9s kedves bar\u00e1tait a<strong> M\u00daZEUMI VIL\u00c1GNAP alkalm\u00e1b\u00f3l rendezett programra<\/strong>, amely <strong>2012. m\u00e1jus 18-\u00e1n, p\u00e9nteken d\u00e9lel\u0151tt 11.00 \u00f3rakor<\/strong>veszi kezdet\u00e9t a lendvai zsinag\u00f3g\u00e1ban.<\/p>\n<p>Ez alkalomb\u00f3l ker\u00fcl megnyit\u00e1sra A MURAVID\u00c9KI ZSID\u00d3S\u00c1G c\u00edm\u0171 \u00e1lland\u00f3 ki\u00e1ll\u00edt\u00e1s.<br \/> A ki\u00e1ll\u00edt\u00e1st bemutatja: <strong>dr. Lendvai Kepe Zolt\u00e1n<\/strong>, a Lendvai Gal\u00e9ria \u00e9s M\u00fazeum n\u00e9prajzkutat\u00f3 muzeol\u00f3gusa, a fel\u00faj\u00edtott \u00e9s kib\u0151v\u00edtett ki\u00e1ll\u00edt\u00e1s rendez\u0151je.<\/p>\n<p> A lendvai zsid\u00f3s\u00e1gr\u00f3l megeml\u00e9kezik: <strong>L\u00e1z\u00e1r Be\u00e1ta<\/strong>, a Magyar Nemzetis\u00e9gi T\u00e1j\u00e9koztat\u00e1si Int\u00e9zet igazgat\u00f3n\u0151je.<br \/> A muravid\u00e9ki zsid\u00f3s\u00e1gr\u00f3l megeml\u00e9kezik: <strong>mag. Franc Kuzmi\u010d<\/strong>, a Muraszombati Muravid\u00e9ki M\u00fazeum k\u00f6nyvt\u00e1ros muzeol\u00f3gusa.<br \/> A M\u00fazeumi Vil\u00e1gnap hangulat\u00e1t biztos\u00edtja a KONTRA-KVARTET, klezmer zenekar Mariborb\u00f3l.<\/p>\n<p> A programot m\u00fazeumpedag\u00f3giai \u00e9s andrag\u00f3giai foglalkoz\u00e1sok k\u00f6vetik, amelyekre minden kicsit, nagyot \u00e9s csal\u00e1dot szeretettel v\u00e1runk.<br \/> Ismerked\u00e9s a zsid\u00f3 konyh\u00e1val, receptekkel, \u00e9tkez\u00e9si szok\u00e1sokkal, a bibliai f\u0171szerekkel \u00e9s gy\u00f3gyn\u00f6v\u00e9nyekkel.<br \/> A M\u00fazeumi Vil\u00e1gnap alkalm\u00e1b\u00f3l a Lendvai Gal\u00e9ria \u00e9s M\u00fazeum \u00e1lland\u00f3 ki\u00e1ll\u00edt\u00e1sai ingyenesen megtekinthet\u0151ek.<\/p>\n<p> <em>Minden m\u00fazeumszeret\u0151 polg\u00e1rt tisztelettel v\u00e1runk!<\/em><\/p>\n<hr style=\"border-width: 1px; border-style: solid; border-color: #CCCCCC; color: #ffffff;\" noshade=\"noshade\" \/>\n<p>A M\u00fazeumi Vil\u00e1gnap alkalm\u00e1b\u00f3l szervezett rendezv\u00e9ny <strong>DAN REISINGER izraeli k\u00e9pz\u0151m\u0171v\u00e9sz ki\u00e1ll\u00edt\u00e1s\u00e1nak megnyit\u00f3j\u00e1val<\/strong> \u00e9s a grafik\u00e1inak a Lendvai Gal\u00e9ria \u00e9s M\u00fazeum r\u00e9sz\u00e9re t\u00f6rt\u00e9n\u0151 \u00fcnnep\u00e9lyes \u00e1tad\u00e1s\u00e1val folytat\u00f3dik.<\/p>\n<p> A ki\u00e1ll\u00edt\u00e1st megnyitja: <strong>mag. Anton Bala\u017eek<\/strong>, Lendva K\u00f6zs\u00e9g polg\u00e1rmestere.<br \/> A ki\u00e1ll\u00edt\u00e1st bemutatja: <strong>Tanja \u0160imonka<\/strong> m\u0171v\u00e9szett\u00f6rt\u00e9n\u00e9sz, a Lendvai M\u0171vel\u0151d\u00e9si \u00e9s Prom\u00f3ci\u00f3s Int\u00e9zet igazgat\u00f3ja.<\/p>\n<p><em>Tisztelettel v\u00e1rjuk!<\/em><\/p>\n<hr style=\"border-width: 1px; border-style: solid; border-color: #CCCCCC; color: #ffffff;\" noshade=\"noshade\" \/>\n<h2>F\u00c9NYK\u00c9PEK A MEGNY\u00cdT\u00d3R\u00d3L<\/h2>\n<p><a href=\"http:\/\/www.gml.si\/wp-content\/uploads\/2012\/05\/20120518_otvoritev_dan_muzejev_01.jpg\" data-lbwps-width=\"800\" data-lbwps-height=\"530\" data-lbwps-srcsmall=\"https:\/\/www.gml.si\/wp-content\/uploads\/2012\/05\/20120518_otvoritev_dan_muzejev_01-500x331.jpg\"><img loading=\"lazy\" decoding=\"async\" class=\"img-galerija-novica alignnone size-thumbnail wp-image-1927\" title=\"20120518_otvoritev_dan_muzejev_01\" src=\"http:\/\/www.gml.si\/wp-content\/uploads\/2012\/05\/20120518_otvoritev_dan_muzejev_01-120x120.jpg\" alt=\"20120518_otvoritev_dan_muzejev_01\" width=\"120\" height=\"120\" \/><\/a><a href=\"http:\/\/www.gml.si\/wp-content\/uploads\/2012\/05\/20120518_otvoritev_dan_muzejev_02.jpg\" data-lbwps-width=\"463\" data-lbwps-height=\"700\" data-lbwps-srcsmall=\"https:\/\/www.gml.si\/wp-content\/uploads\/2012\/05\/20120518_otvoritev_dan_muzejev_02-330x500.jpg\"><img loading=\"lazy\" decoding=\"async\" class=\"img-galerija-novica alignnone size-thumbnail wp-image-1928\" title=\"20120518_otvoritev_dan_muzejev_02\" src=\"http:\/\/www.gml.si\/wp-content\/uploads\/2012\/05\/20120518_otvoritev_dan_muzejev_02-120x120.jpg\" alt=\"20120518_otvoritev_dan_muzejev_02\" width=\"120\" height=\"120\" \/><\/a><a href=\"http:\/\/www.gml.si\/wp-content\/uploads\/2012\/05\/20120518_otvoritev_dan_muzejev_03.jpg\" data-lbwps-width=\"800\" data-lbwps-height=\"530\" data-lbwps-srcsmall=\"https:\/\/www.gml.si\/wp-content\/uploads\/2012\/05\/20120518_otvoritev_dan_muzejev_03-500x331.jpg\"><img loading=\"lazy\" decoding=\"async\" class=\"img-galerija-novica alignnone size-thumbnail wp-image-1929\" title=\"20120518_otvoritev_dan_muzejev_03\" src=\"http:\/\/www.gml.si\/wp-content\/uploads\/2012\/05\/20120518_otvoritev_dan_muzejev_03-120x120.jpg\" alt=\"20120518_otvoritev_dan_muzejev_03\" width=\"120\" height=\"120\" \/><\/a><a href=\"http:\/\/www.gml.si\/wp-content\/uploads\/2012\/05\/20120518_otvoritev_dan_muzejev_04.jpg\" data-lbwps-width=\"800\" data-lbwps-height=\"530\" data-lbwps-srcsmall=\"https:\/\/www.gml.si\/wp-content\/uploads\/2012\/05\/20120518_otvoritev_dan_muzejev_04-500x331.jpg\"><img loading=\"lazy\" decoding=\"async\" class=\"img-galerija-novica alignnone size-thumbnail wp-image-1930\" title=\"20120518_otvoritev_dan_muzejev_04\" src=\"http:\/\/www.gml.si\/wp-content\/uploads\/2012\/05\/20120518_otvoritev_dan_muzejev_04-120x120.jpg\" alt=\"20120518_otvoritev_dan_muzejev_04\" width=\"120\" height=\"120\" \/><\/a><a href=\"http:\/\/www.gml.si\/wp-content\/uploads\/2012\/05\/20120518_otvoritev_dan_muzejev_05.jpg\" data-lbwps-width=\"800\" data-lbwps-height=\"530\" data-lbwps-srcsmall=\"https:\/\/www.gml.si\/wp-content\/uploads\/2012\/05\/20120518_otvoritev_dan_muzejev_05-500x331.jpg\"><img loading=\"lazy\" decoding=\"async\" class=\"img-galerija-novica alignnone size-thumbnail wp-image-1931\" title=\"20120518_otvoritev_dan_muzejev_05\" src=\"http:\/\/www.gml.si\/wp-content\/uploads\/2012\/05\/20120518_otvoritev_dan_muzejev_05-120x120.jpg\" alt=\"20120518_otvoritev_dan_muzejev_05\" width=\"120\" height=\"120\" \/><\/a><a href=\"http:\/\/www.gml.si\/wp-content\/uploads\/2012\/05\/20120518_otvoritev_dan_muzejev_06.jpg\" data-lbwps-width=\"800\" data-lbwps-height=\"530\" data-lbwps-srcsmall=\"https:\/\/www.gml.si\/wp-content\/uploads\/2012\/05\/20120518_otvoritev_dan_muzejev_06-500x331.jpg\"><img loading=\"lazy\" decoding=\"async\" class=\"img-galerija-novica alignnone size-thumbnail wp-image-1932\" title=\"20120518_otvoritev_dan_muzejev_06\" src=\"http:\/\/www.gml.si\/wp-content\/uploads\/2012\/05\/20120518_otvoritev_dan_muzejev_06-120x120.jpg\" alt=\"20120518_otvoritev_dan_muzejev_06\" width=\"120\" height=\"120\" \/><\/a><a href=\"http:\/\/www.gml.si\/wp-content\/uploads\/2012\/05\/20120518_otvoritev_dan_muzejev_07.jpg\" data-lbwps-width=\"800\" data-lbwps-height=\"530\" data-lbwps-srcsmall=\"https:\/\/www.gml.si\/wp-content\/uploads\/2012\/05\/20120518_otvoritev_dan_muzejev_07-500x331.jpg\"><img loading=\"lazy\" decoding=\"async\" class=\"img-galerija-novica alignnone size-thumbnail wp-image-1933\" title=\"20120518_otvoritev_dan_muzejev_07\" src=\"http:\/\/www.gml.si\/wp-content\/uploads\/2012\/05\/20120518_otvoritev_dan_muzejev_07-120x120.jpg\" alt=\"20120518_otvoritev_dan_muzejev_07\" width=\"120\" height=\"120\" \/><\/a><a href=\"http:\/\/www.gml.si\/wp-content\/uploads\/2012\/05\/20120518_otvoritev_dan_muzejev_08.jpg\" data-lbwps-width=\"800\" data-lbwps-height=\"530\" data-lbwps-srcsmall=\"https:\/\/www.gml.si\/wp-content\/uploads\/2012\/05\/20120518_otvoritev_dan_muzejev_08-500x331.jpg\"><img loading=\"lazy\" decoding=\"async\" class=\"img-galerija-novica alignnone size-thumbnail wp-image-1934\" title=\"20120518_otvoritev_dan_muzejev_08\" src=\"http:\/\/www.gml.si\/wp-content\/uploads\/2012\/05\/20120518_otvoritev_dan_muzejev_08-120x120.jpg\" alt=\"20120518_otvoritev_dan_muzejev_08\" width=\"120\" height=\"120\" \/><\/a><a href=\"http:\/\/www.gml.si\/wp-content\/uploads\/2012\/05\/20120518_otvoritev_dan_muzejev_09.jpg\" data-lbwps-width=\"464\" data-lbwps-height=\"700\" data-lbwps-srcsmall=\"https:\/\/www.gml.si\/wp-content\/uploads\/2012\/05\/20120518_otvoritev_dan_muzejev_09-331x500.jpg\"><img loading=\"lazy\" decoding=\"async\" class=\"img-galerija-novica alignnone size-thumbnail wp-image-1935\" title=\"20120518_otvoritev_dan_muzejev_09\" src=\"http:\/\/www.gml.si\/wp-content\/uploads\/2012\/05\/20120518_otvoritev_dan_muzejev_09-120x120.jpg\" alt=\"20120518_otvoritev_dan_muzejev_09\" width=\"120\" height=\"120\" \/><\/a><a href=\"http:\/\/www.gml.si\/wp-content\/uploads\/2012\/05\/20120518_otvoritev_dan_muzejev_10.jpg\" data-lbwps-width=\"800\" data-lbwps-height=\"530\" data-lbwps-srcsmall=\"https:\/\/www.gml.si\/wp-content\/uploads\/2012\/05\/20120518_otvoritev_dan_muzejev_10-500x331.jpg\"><img loading=\"lazy\" decoding=\"async\" class=\"img-galerija-novica alignnone size-thumbnail wp-image-1936\" title=\"20120518_otvoritev_dan_muzejev_10\" src=\"http:\/\/www.gml.si\/wp-content\/uploads\/2012\/05\/20120518_otvoritev_dan_muzejev_10-120x120.jpg\" alt=\"20120518_otvoritev_dan_muzejev_10\" width=\"120\" height=\"120\" \/><\/a><a href=\"http:\/\/www.gml.si\/wp-content\/uploads\/2012\/05\/20120518_otvoritev_dan_muzejev_11.jpg\" data-lbwps-width=\"800\" data-lbwps-height=\"530\" data-lbwps-srcsmall=\"https:\/\/www.gml.si\/wp-content\/uploads\/2012\/05\/20120518_otvoritev_dan_muzejev_11-500x331.jpg\"><img loading=\"lazy\" decoding=\"async\" class=\"img-galerija-novica alignnone size-thumbnail wp-image-1937\" title=\"20120518_otvoritev_dan_muzejev_11\" src=\"http:\/\/www.gml.si\/wp-content\/uploads\/2012\/05\/20120518_otvoritev_dan_muzejev_11-120x120.jpg\" alt=\"20120518_otvoritev_dan_muzejev_11\" width=\"120\" height=\"120\" \/><\/a><a href=\"http:\/\/www.gml.si\/wp-content\/uploads\/2012\/05\/20120518_otvoritev_dan_muzejev_12.jpg\" data-lbwps-width=\"800\" data-lbwps-height=\"530\" data-lbwps-srcsmall=\"https:\/\/www.gml.si\/wp-content\/uploads\/2012\/05\/20120518_otvoritev_dan_muzejev_12-500x331.jpg\"><img loading=\"lazy\" decoding=\"async\" class=\"img-galerija-novica alignnone size-thumbnail wp-image-1938\" title=\"20120518_otvoritev_dan_muzejev_12\" src=\"http:\/\/www.gml.si\/wp-content\/uploads\/2012\/05\/20120518_otvoritev_dan_muzejev_12-120x120.jpg\" alt=\"20120518_otvoritev_dan_muzejev_12\" width=\"120\" height=\"120\" \/><\/a><a href=\"http:\/\/www.gml.si\/wp-content\/uploads\/2012\/05\/20120518_otvoritev_dan_muzejev_13.jpg\" data-lbwps-width=\"800\" data-lbwps-height=\"530\" data-lbwps-srcsmall=\"https:\/\/www.gml.si\/wp-content\/uploads\/2012\/05\/20120518_otvoritev_dan_muzejev_13-500x331.jpg\"><img loading=\"lazy\" decoding=\"async\" class=\"img-galerija-novica alignnone size-thumbnail wp-image-1939\" title=\"20120518_otvoritev_dan_muzejev_13\" src=\"http:\/\/www.gml.si\/wp-content\/uploads\/2012\/05\/20120518_otvoritev_dan_muzejev_13-120x120.jpg\" alt=\"20120518_otvoritev_dan_muzejev_13\" width=\"120\" height=\"120\" \/><\/a><a href=\"http:\/\/www.gml.si\/wp-content\/uploads\/2012\/05\/20120518_otvoritev_dan_muzejev_14.jpg\" data-lbwps-width=\"800\" data-lbwps-height=\"530\" data-lbwps-srcsmall=\"https:\/\/www.gml.si\/wp-content\/uploads\/2012\/05\/20120518_otvoritev_dan_muzejev_14-500x331.jpg\"><img loading=\"lazy\" decoding=\"async\" class=\"img-galerija-novica alignnone size-thumbnail wp-image-1940\" title=\"20120518_otvoritev_dan_muzejev_14\" src=\"http:\/\/www.gml.si\/wp-content\/uploads\/2012\/05\/20120518_otvoritev_dan_muzejev_14-120x120.jpg\" alt=\"20120518_otvoritev_dan_muzejev_14\" width=\"120\" height=\"120\" \/><\/a><a href=\"http:\/\/www.gml.si\/wp-content\/uploads\/2012\/05\/20120518_otvoritev_dan_muzejev_15.jpg\" data-lbwps-width=\"800\" data-lbwps-height=\"530\" data-lbwps-srcsmall=\"https:\/\/www.gml.si\/wp-content\/uploads\/2012\/05\/20120518_otvoritev_dan_muzejev_15-500x331.jpg\"><img loading=\"lazy\" decoding=\"async\" class=\"img-galerija-novica alignnone size-thumbnail wp-image-1941\" title=\"20120518_otvoritev_dan_muzejev_15\" src=\"http:\/\/www.gml.si\/wp-content\/uploads\/2012\/05\/20120518_otvoritev_dan_muzejev_15-120x120.jpg\" alt=\"20120518_otvoritev_dan_muzejev_15\" width=\"120\" height=\"120\" \/><\/a><a href=\"http:\/\/www.gml.si\/wp-content\/uploads\/2012\/05\/20120518_otvoritev_dan_muzejev_16.jpg\" data-lbwps-width=\"800\" data-lbwps-height=\"530\" data-lbwps-srcsmall=\"https:\/\/www.gml.si\/wp-content\/uploads\/2012\/05\/20120518_otvoritev_dan_muzejev_16-500x331.jpg\"><img loading=\"lazy\" decoding=\"async\" class=\"img-galerija-novica alignnone size-thumbnail wp-image-1942\" title=\"20120518_otvoritev_dan_muzejev_16\" src=\"http:\/\/www.gml.si\/wp-content\/uploads\/2012\/05\/20120518_otvoritev_dan_muzejev_16-120x120.jpg\" alt=\"20120518_otvoritev_dan_muzejev_16\" width=\"120\" height=\"120\" \/><\/a><a href=\"http:\/\/www.gml.si\/wp-content\/uploads\/2012\/05\/20120518_otvoritev_dan_muzejev_17.jpg\" data-lbwps-width=\"464\" data-lbwps-height=\"700\" data-lbwps-srcsmall=\"https:\/\/www.gml.si\/wp-content\/uploads\/2012\/05\/20120518_otvoritev_dan_muzejev_17-331x500.jpg\"><img loading=\"lazy\" decoding=\"async\" class=\"img-galerija-novica alignnone size-thumbnail wp-image-1943\" title=\"20120518_otvoritev_dan_muzejev_17\" src=\"http:\/\/www.gml.si\/wp-content\/uploads\/2012\/05\/20120518_otvoritev_dan_muzejev_17-120x120.jpg\" alt=\"20120518_otvoritev_dan_muzejev_17\" width=\"120\" height=\"120\" \/><\/a><a href=\"http:\/\/www.gml.si\/wp-content\/uploads\/2012\/05\/20120518_otvoritev_dan_muzejev_18.jpg\" data-lbwps-width=\"800\" data-lbwps-height=\"530\" data-lbwps-srcsmall=\"https:\/\/www.gml.si\/wp-content\/uploads\/2012\/05\/20120518_otvoritev_dan_muzejev_18-500x331.jpg\"><img loading=\"lazy\" decoding=\"async\" class=\"img-galerija-novica alignnone size-thumbnail wp-image-1944\" title=\"20120518_otvoritev_dan_muzejev_18\" src=\"http:\/\/www.gml.si\/wp-content\/uploads\/2012\/05\/20120518_otvoritev_dan_muzejev_18-120x120.jpg\" alt=\"20120518_otvoritev_dan_muzejev_18\" width=\"120\" height=\"120\" \/><\/a><a href=\"http:\/\/www.gml.si\/wp-content\/uploads\/2012\/05\/20120518_otvoritev_dan_muzejev_19.jpg\" data-lbwps-width=\"800\" data-lbwps-height=\"530\" data-lbwps-srcsmall=\"https:\/\/www.gml.si\/wp-content\/uploads\/2012\/05\/20120518_otvoritev_dan_muzejev_19-500x331.jpg\"><img loading=\"lazy\" decoding=\"async\" class=\"img-galerija-novica alignnone size-thumbnail wp-image-1945\" title=\"20120518_otvoritev_dan_muzejev_19\" src=\"http:\/\/www.gml.si\/wp-content\/uploads\/2012\/05\/20120518_otvoritev_dan_muzejev_19-120x120.jpg\" alt=\"20120518_otvoritev_dan_muzejev_19\" width=\"120\" height=\"120\" \/><\/a><a href=\"http:\/\/www.gml.si\/wp-content\/uploads\/2012\/05\/20120518_otvoritev_dan_muzejev_20.jpg\" data-lbwps-width=\"800\" data-lbwps-height=\"530\" data-lbwps-srcsmall=\"https:\/\/www.gml.si\/wp-content\/uploads\/2012\/05\/20120518_otvoritev_dan_muzejev_20-500x331.jpg\"><img loading=\"lazy\" decoding=\"async\" class=\"img-galerija-novica alignnone size-thumbnail wp-image-1946\" title=\"20120518_otvoritev_dan_muzejev_20\" src=\"http:\/\/www.gml.si\/wp-content\/uploads\/2012\/05\/20120518_otvoritev_dan_muzejev_20-120x120.jpg\" alt=\"20120518_otvoritev_dan_muzejev_20\" width=\"120\" height=\"120\" \/><\/a><a href=\"http:\/\/www.gml.si\/wp-content\/uploads\/2012\/05\/20120518_otvoritev_dan_muzejev_21.jpg\" data-lbwps-width=\"800\" data-lbwps-height=\"530\" data-lbwps-srcsmall=\"https:\/\/www.gml.si\/wp-content\/uploads\/2012\/05\/20120518_otvoritev_dan_muzejev_21-500x331.jpg\"><img loading=\"lazy\" decoding=\"async\" class=\"img-galerija-novica alignnone size-thumbnail wp-image-1947\" title=\"20120518_otvoritev_dan_muzejev_21\" src=\"http:\/\/www.gml.si\/wp-content\/uploads\/2012\/05\/20120518_otvoritev_dan_muzejev_21-120x120.jpg\" alt=\"20120518_otvoritev_dan_muzejev_21\" width=\"120\" height=\"120\" \/><\/a><a href=\"http:\/\/www.gml.si\/wp-content\/uploads\/2012\/05\/20120518_otvoritev_dan_muzejev_22.jpg\" data-lbwps-width=\"464\" data-lbwps-height=\"700\" data-lbwps-srcsmall=\"https:\/\/www.gml.si\/wp-content\/uploads\/2012\/05\/20120518_otvoritev_dan_muzejev_22-331x500.jpg\"><img loading=\"lazy\" decoding=\"async\" class=\"img-galerija-novica alignnone size-thumbnail wp-image-1948\" title=\"20120518_otvoritev_dan_muzejev_22\" src=\"http:\/\/www.gml.si\/wp-content\/uploads\/2012\/05\/20120518_otvoritev_dan_muzejev_22-120x120.jpg\" alt=\"20120518_otvoritev_dan_muzejev_22\" width=\"120\" height=\"120\" \/><\/a><a href=\"http:\/\/www.gml.si\/wp-content\/uploads\/2012\/05\/20120518_otvoritev_dan_muzejev_23.jpg\" data-lbwps-width=\"800\" data-lbwps-height=\"530\" data-lbwps-srcsmall=\"https:\/\/www.gml.si\/wp-content\/uploads\/2012\/05\/20120518_otvoritev_dan_muzejev_23-500x331.jpg\"><img loading=\"lazy\" decoding=\"async\" class=\"img-galerija-novica alignnone size-thumbnail wp-image-1949\" title=\"20120518_otvoritev_dan_muzejev_23\" src=\"http:\/\/www.gml.si\/wp-content\/uploads\/2012\/05\/20120518_otvoritev_dan_muzejev_23-120x120.jpg\" alt=\"20120518_otvoritev_dan_muzejev_23\" width=\"120\" height=\"120\" \/><\/a><a href=\"http:\/\/www.gml.si\/wp-content\/uploads\/2012\/05\/20120518_otvoritev_dan_muzejev_24.jpg\" data-lbwps-width=\"464\" data-lbwps-height=\"700\" data-lbwps-srcsmall=\"https:\/\/www.gml.si\/wp-content\/uploads\/2012\/05\/20120518_otvoritev_dan_muzejev_24-331x500.jpg\"><img loading=\"lazy\" decoding=\"async\" class=\"img-galerija-novica alignnone size-thumbnail wp-image-1950\" title=\"20120518_otvoritev_dan_muzejev_24\" src=\"http:\/\/www.gml.si\/wp-content\/uploads\/2012\/05\/20120518_otvoritev_dan_muzejev_24-120x120.jpg\" alt=\"20120518_otvoritev_dan_muzejev_24\" width=\"120\" height=\"120\" \/><\/a><a href=\"http:\/\/www.gml.si\/wp-content\/uploads\/2012\/05\/20120518_otvoritev_dan_muzejev_25.jpg\" data-lbwps-width=\"800\" data-lbwps-height=\"530\" data-lbwps-srcsmall=\"https:\/\/www.gml.si\/wp-content\/uploads\/2012\/05\/20120518_otvoritev_dan_muzejev_25-500x331.jpg\"><img loading=\"lazy\" decoding=\"async\" class=\"img-galerija-novica alignnone size-thumbnail wp-image-1951\" title=\"20120518_otvoritev_dan_muzejev_25\" src=\"http:\/\/www.gml.si\/wp-content\/uploads\/2012\/05\/20120518_otvoritev_dan_muzejev_25-120x120.jpg\" alt=\"20120518_otvoritev_dan_muzejev_25\" width=\"120\" height=\"120\" \/><\/a><a href=\"http:\/\/www.gml.si\/wp-content\/uploads\/2012\/05\/20120518_otvoritev_dan_muzejev_26.jpg\" data-lbwps-width=\"800\" data-lbwps-height=\"530\" data-lbwps-srcsmall=\"https:\/\/www.gml.si\/wp-content\/uploads\/2012\/05\/20120518_otvoritev_dan_muzejev_26-500x331.jpg\"><img loading=\"lazy\" decoding=\"async\" class=\"img-galerija-novica alignnone size-thumbnail wp-image-1952\" title=\"20120518_otvoritev_dan_muzejev_26\" src=\"http:\/\/www.gml.si\/wp-content\/uploads\/2012\/05\/20120518_otvoritev_dan_muzejev_26-120x120.jpg\" alt=\"20120518_otvoritev_dan_muzejev_26\" width=\"120\" height=\"120\" \/><\/a><\/p>\n","protected":false},"excerpt":{"rendered":"<p>A Lendvai Gal\u00e9ria \u00e9s M\u00fazeum \u00e9s a Lendvai Nyugd\u00edjas Egyes\u00fclet Kult\u00far\u00e1lis \u00d6r\u00f6ks\u00e9g Szekci\u00f3ja szeretettel h\u00edvja \u00e9s v\u00e1rja \u00d6nt \u00e9s kedves bar\u00e1tait a M\u00daZEUMI VIL\u00c1GNAP alkalm\u00e1b\u00f3l rendezett programra, amely 2012. m\u00e1jus 18-\u00e1n, p\u00e9nteken d\u00e9lel\u0151tt 11.00 \u00f3rakorveszi kezdet\u00e9t a lendvai zsinag\u00f3g\u00e1ban. Ez &hellip; <a href=\"https:\/\/www.gml.si\/hu\/muzeumi-vilagnap-a-muravideki-zsidosag-dan-reisinger\/\"><\/p>\n<p>B\u0151vebben <span class=\"meta-nav\">\u2192<\/span><\/a><\/p>\n","protected":false},"author":5,"featured_media":8584,"comment_status":"closed","ping_status":"open","sticky":false,"template":"","format":"standard","meta":{"inline_featured_image":false,"footnotes":""},"categories":[58],"tags":[],"class_list":["post-12351","post","type-post","status-publish","format-standard","has-post-thumbnail","hentry","category-hirek"],"_links":{"self":[{"href":"https:\/\/www.gml.si\/hu\/wp-json\/wp\/v2\/posts\/12351","targetHints":{"allow":["GET"]}}],"collection":[{"href":"https:\/\/www.gml.si\/hu\/wp-json\/wp\/v2\/posts"}],"about":[{"href":"https:\/\/www.gml.si\/hu\/wp-json\/wp\/v2\/types\/post"}],"author":[{"embeddable":true,"href":"https:\/\/www.gml.si\/hu\/wp-json\/wp\/v2\/users\/5"}],"replies":[{"embeddable":true,"href":"https:\/\/www.gml.si\/hu\/wp-json\/wp\/v2\/comments?post=12351"}],"version-history":[{"count":0,"href":"https:\/\/www.gml.si\/hu\/wp-json\/wp\/v2\/posts\/12351\/revisions"}],"wp:featuredmedia":[{"embeddable":true,"href":"https:\/\/www.gml.si\/hu\/wp-json\/wp\/v2\/media\/8584"}],"wp:attachment":[{"href":"https:\/\/www.gml.si\/hu\/wp-json\/wp\/v2\/media?parent=12351"}],"wp:term":[{"taxonomy":"category","embeddable":true,"href":"https:\/\/www.gml.si\/hu\/wp-json\/wp\/v2\/categories?post=12351"},{"taxonomy":"post_tag","embeddable":true,"href":"https:\/\/www.gml.si\/hu\/wp-json\/wp\/v2\/tags?post=12351"}],"curies":[{"name":"wp","href":"https:\/\/api.w.org\/{rel}","templated":true}]}}