{"id":12357,"date":"2012-06-08T15:18:11","date_gmt":"2012-06-08T13:18:11","guid":{"rendered":"https:\/\/www.gml.si\/meghivo-muzeumpedagogia-a-lendvai-varban\/"},"modified":"2012-06-08T15:18:11","modified_gmt":"2012-06-08T13:18:11","slug":"meghivo-muzeumpedagogia-a-lendvai-varban","status":"publish","type":"post","link":"https:\/\/www.gml.si\/hu\/meghivo-muzeumpedagogia-a-lendvai-varban\/","title":{"rendered":"MEGH\u00cdV\u00d3: M\u00fazeumpedag\u00f3gia a lendvai v\u00e1rban"},"content":{"rendered":"<p><a href=\"https:\/\/www.gml.si\/wp-content\/uploads\/2012\/06\/muz-ped.BGA_.jpg\" data-lbwps-width=\"565\" data-lbwps-height=\"800\" data-lbwps-srcsmall=\"https:\/\/www.gml.si\/wp-content\/uploads\/2012\/06\/muz-ped.BGA_-353x500.jpg\"><img loading=\"lazy\" decoding=\"async\" class=\"alignright\" title=\"muz-ped.BGA\" src=\"https:\/\/www.gml.si\/wp-content\/uploads\/2012\/06\/muz-ped.BGA_.jpg\" alt=\"\" width=\"150\" height=\"212\" \/><\/a>A Lendvai Gal\u00e9ria \u00e9s M\u00fazeum tisztelettel megh\u00edvja \u00d6nt<br \/><strong>2012. j\u00fanius 13-\u00e1n, szerd\u00e1n 10 \u00f3rai<\/strong> kezdettel a <br \/><em>M\u00fazeumpedag\u00f3gia a lendvai v\u00e1rban<\/em> elnevez\u00e9s\u0171 rendezv\u00e9ny\u00e9re, amelyen m\u00fazeumpedag\u00f3giai sajt\u00f3t\u00e1j\u00e9koztat\u00f3ra \u00e9s a Bethlen G\u00e1bor Alap \u00e1ltal finansz\u00edrozott \u00faj m\u00fazeumpedag\u00f3giai eszk\u00f6z\u00f6k bemutat\u00f3j\u00e1ra ker\u00fcl sor.<\/p>\n<p>Minden \u00e9rdekl\u0151d\u0151t szeretettel v\u00e1runk!<\/p>\n","protected":false},"excerpt":{"rendered":"<p>A Lendvai Gal\u00e9ria \u00e9s M\u00fazeum tisztelettel megh\u00edvja \u00d6nt2012. j\u00fanius 13-\u00e1n, szerd\u00e1n 10 \u00f3rai kezdettel a M\u00fazeumpedag\u00f3gia a lendvai v\u00e1rban elnevez\u00e9s\u0171 rendezv\u00e9ny\u00e9re, amelyen m\u00fazeumpedag\u00f3giai sajt\u00f3t\u00e1j\u00e9koztat\u00f3ra \u00e9s a Bethlen G\u00e1bor Alap \u00e1ltal finansz\u00edrozott \u00faj m\u00fazeumpedag\u00f3giai eszk\u00f6z\u00f6k bemutat\u00f3j\u00e1ra ker\u00fcl sor. Minden \u00e9rdekl\u0151d\u0151t szeretettel &hellip; <a href=\"https:\/\/www.gml.si\/hu\/meghivo-muzeumpedagogia-a-lendvai-varban\/\"><\/p>\n<p>B\u0151vebben <span class=\"meta-nav\">\u2192<\/span><\/a><\/p>\n","protected":false},"author":5,"featured_media":0,"comment_status":"closed","ping_status":"open","sticky":false,"template":"","format":"standard","meta":{"inline_featured_image":false,"footnotes":""},"categories":[58],"tags":[],"class_list":["post-12357","post","type-post","status-publish","format-standard","hentry","category-hirek"],"_links":{"self":[{"href":"https:\/\/www.gml.si\/hu\/wp-json\/wp\/v2\/posts\/12357","targetHints":{"allow":["GET"]}}],"collection":[{"href":"https:\/\/www.gml.si\/hu\/wp-json\/wp\/v2\/posts"}],"about":[{"href":"https:\/\/www.gml.si\/hu\/wp-json\/wp\/v2\/types\/post"}],"author":[{"embeddable":true,"href":"https:\/\/www.gml.si\/hu\/wp-json\/wp\/v2\/users\/5"}],"replies":[{"embeddable":true,"href":"https:\/\/www.gml.si\/hu\/wp-json\/wp\/v2\/comments?post=12357"}],"version-history":[{"count":0,"href":"https:\/\/www.gml.si\/hu\/wp-json\/wp\/v2\/posts\/12357\/revisions"}],"wp:attachment":[{"href":"https:\/\/www.gml.si\/hu\/wp-json\/wp\/v2\/media?parent=12357"}],"wp:term":[{"taxonomy":"category","embeddable":true,"href":"https:\/\/www.gml.si\/hu\/wp-json\/wp\/v2\/categories?post=12357"},{"taxonomy":"post_tag","embeddable":true,"href":"https:\/\/www.gml.si\/hu\/wp-json\/wp\/v2\/tags?post=12357"}],"curies":[{"name":"wp","href":"https:\/\/api.w.org\/{rel}","templated":true}]}}