{"id":12360,"date":"2012-06-11T16:02:31","date_gmt":"2012-06-11T14:02:31","guid":{"rendered":"https:\/\/www.gml.si\/kiallitas-a-zsolnay-gyar-aranykora\/"},"modified":"2012-06-11T16:02:31","modified_gmt":"2012-06-11T14:02:31","slug":"kiallitas-a-zsolnay-gyar-aranykora","status":"publish","type":"post","link":"https:\/\/www.gml.si\/hu\/kiallitas-a-zsolnay-gyar-aranykora\/","title":{"rendered":"KI\u00c1LL\u00cdT\u00c1S: A Zsolnay gy\u00e1r aranykora"},"content":{"rendered":"<p><strong>Megh\u00edv\u00f3<\/strong><\/p>\n<p> <a href=\"https:\/\/www.gml.si\/wp-content\/uploads\/2012\/06\/vabilo_zsolnay_A5_20120605_ovitek.jpg\" data-lbwps-width=\"495\" data-lbwps-height=\"700\" data-lbwps-srcsmall=\"https:\/\/www.gml.si\/wp-content\/uploads\/2012\/06\/vabilo_zsolnay_A5_20120605_ovitek-353x500.jpg\"><img decoding=\"async\" class=\"alignright  wp-image-8666\" title=\"vabilo_zsolnay_A5_20120605_ovitek\" src=\"https:\/\/www.gml.si\/wp-content\/uploads\/2012\/06\/vabilo_zsolnay_A5_20120605_ovitek.jpg\" alt=\"\" width=\"150\" srcset=\"https:\/\/www.gml.si\/wp-content\/uploads\/2012\/06\/vabilo_zsolnay_A5_20120605_ovitek.jpg 495w, https:\/\/www.gml.si\/wp-content\/uploads\/2012\/06\/vabilo_zsolnay_A5_20120605_ovitek-353x500.jpg 353w, https:\/\/www.gml.si\/wp-content\/uploads\/2012\/06\/vabilo_zsolnay_A5_20120605_ovitek-35x50.jpg 35w\" sizes=\"(max-width: 495px) 100vw, 495px\" \/><\/a>A Pannon EGTC ter\u00fcleti t\u00e1rsul\u00e1s keret\u00e9ben Lendva K\u00f6zs\u00e9g<br \/> \u00e9s a Gal\u00e9ria-M\u00fazeum Lendva tisztelettel v\u00e1rja \u00d6nt<\/p>\n<p> <em><strong>\u00bbA Zsolnay gy\u00e1r aranykora.<\/strong><\/em><br \/> <em><strong>Historizmust\u00f3l az art deco-ig. V\u00e1logat\u00e1s a p\u00e9csi<\/strong><\/em><br \/> <em><strong>Janus Pannonius M\u00fazeum gy\u0171jtem\u00e9ny\u00e9b\u0151l.\u00ab,<\/strong><\/em><\/p>\n<p> c. ki\u00e1ll\u00edt\u00e1s megnyit\u00f3j\u00e1ra, amelyre <strong>2012. j\u00fanius 15-\u00e9n, p\u00e9nteken, 17.00 \u00f3rakor<\/strong> ker\u00fcl sor a lendvai v\u00e1rban.<\/p>\n<p> A ki\u00e1ll\u00edt\u00e1st <em>dr. P\u00e1va Zsolt<\/em>, P\u00e9cs polg\u00e1rmestere \u00e9s <em>mag. Anton Bala\u017eek<\/em>, Lendva K\u00f6zs\u00e9g polg\u00e1rmestere nyitj\u00e1k meg.<\/p>\n<p> A ki\u00e1ll\u00edt\u00e1st szakmailag m\u00e9ltatja <em>dr. Kov\u00e1cs Orsolya<\/em>, a Zsolnay M\u00fazeum m\u0171v\u00e9szett\u00f6rt\u00e9n\u00e9sze.<\/p>\n<p> K\u00f6zrem\u0171k\u00f6dik: a Vita kamarak\u00f3rus \u00e9s Du\u0161an Stojanovi\u0107 a n\u00f6vend\u00e9keivel.<\/p>\n<hr style=\"border-width: 1px; border-style: solid; border-color: #CCCCCC; color: #ffffff;\" noshade=\"noshade\" \/>\n<p>Ezzel az esem\u00e9nnyel egyid\u0151ben alakul meg a Pannon EGTC ter\u00fcleti t\u00e1rsul\u00e1s projekt\u00edrod\u00e1ja is.<\/p>\n","protected":false},"excerpt":{"rendered":"<p>Megh\u00edv\u00f3 A Pannon EGTC ter\u00fcleti t\u00e1rsul\u00e1s keret\u00e9ben Lendva K\u00f6zs\u00e9g \u00e9s a Gal\u00e9ria-M\u00fazeum Lendva tisztelettel v\u00e1rja \u00d6nt \u00bbA Zsolnay gy\u00e1r aranykora. Historizmust\u00f3l az art deco-ig. V\u00e1logat\u00e1s a p\u00e9csi Janus Pannonius M\u00fazeum gy\u0171jtem\u00e9ny\u00e9b\u0151l.\u00ab, c. ki\u00e1ll\u00edt\u00e1s megnyit\u00f3j\u00e1ra, amelyre 2012. j\u00fanius 15-\u00e9n, p\u00e9nteken, 17.00 &hellip; <a href=\"https:\/\/www.gml.si\/hu\/kiallitas-a-zsolnay-gyar-aranykora\/\"><\/p>\n<p>B\u0151vebben <span class=\"meta-nav\">\u2192<\/span><\/a><\/p>\n","protected":false},"author":5,"featured_media":8666,"comment_status":"closed","ping_status":"open","sticky":false,"template":"","format":"standard","meta":{"inline_featured_image":false,"footnotes":""},"categories":[58],"tags":[],"class_list":["post-12360","post","type-post","status-publish","format-standard","has-post-thumbnail","hentry","category-hirek"],"_links":{"self":[{"href":"https:\/\/www.gml.si\/hu\/wp-json\/wp\/v2\/posts\/12360","targetHints":{"allow":["GET"]}}],"collection":[{"href":"https:\/\/www.gml.si\/hu\/wp-json\/wp\/v2\/posts"}],"about":[{"href":"https:\/\/www.gml.si\/hu\/wp-json\/wp\/v2\/types\/post"}],"author":[{"embeddable":true,"href":"https:\/\/www.gml.si\/hu\/wp-json\/wp\/v2\/users\/5"}],"replies":[{"embeddable":true,"href":"https:\/\/www.gml.si\/hu\/wp-json\/wp\/v2\/comments?post=12360"}],"version-history":[{"count":0,"href":"https:\/\/www.gml.si\/hu\/wp-json\/wp\/v2\/posts\/12360\/revisions"}],"wp:featuredmedia":[{"embeddable":true,"href":"https:\/\/www.gml.si\/hu\/wp-json\/wp\/v2\/media\/8666"}],"wp:attachment":[{"href":"https:\/\/www.gml.si\/hu\/wp-json\/wp\/v2\/media?parent=12360"}],"wp:term":[{"taxonomy":"category","embeddable":true,"href":"https:\/\/www.gml.si\/hu\/wp-json\/wp\/v2\/categories?post=12360"},{"taxonomy":"post_tag","embeddable":true,"href":"https:\/\/www.gml.si\/hu\/wp-json\/wp\/v2\/tags?post=12360"}],"curies":[{"name":"wp","href":"https:\/\/api.w.org\/{rel}","templated":true}]}}