{"id":12391,"date":"2012-09-18T19:37:23","date_gmt":"2012-09-18T17:37:23","guid":{"rendered":"https:\/\/www.gml.si\/meghivo-a-lendvai-nemzetkozi-muvesztelep-40-eve\/"},"modified":"2012-09-18T19:37:23","modified_gmt":"2012-09-18T17:37:23","slug":"meghivo-a-lendvai-nemzetkozi-muvesztelep-40-eve","status":"publish","type":"post","link":"https:\/\/www.gml.si\/hu\/meghivo-a-lendvai-nemzetkozi-muvesztelep-40-eve\/","title":{"rendered":"MEGH\u00cdV\u00d3: A Lendvai Nemzetk\u00f6zi M\u0171v\u00e9sztelep 40 \u00e9ve"},"content":{"rendered":"<p><em>Kedves M\u0171kedvel\u0151k!<\/em> <\/p>\n<p><a href=\"https:\/\/www.gml.si\/wp-content\/uploads\/2012\/09\/grafika_40mlk.jpg\" data-lbwps-width=\"591\" data-lbwps-height=\"591\" data-lbwps-srcsmall=\"https:\/\/www.gml.si\/wp-content\/uploads\/2012\/09\/grafika_40mlk-500x500.jpg\"><img loading=\"lazy\" decoding=\"async\" class=\"alignright\" title=\"grafika_40mlk\" src=\"https:\/\/www.gml.si\/wp-content\/uploads\/2012\/09\/grafika_40mlk.jpg\" alt=\"\" width=\"200\" height=\"200\" \/><\/a>A Lendvai Gal\u00e9ria \u00e9s M\u00fazeum \u00e9s a Lendvai Nemzetk\u00f6zi M\u0171v\u00e9sztelep id\u00e9n \u00fcnnepli 40 \u00e9ves jubileum\u00e1t.<br \/>\u00a0<br \/>Az \u00fcnneps\u00e9gsorozat k\u00f6zponti esem\u00e9nyek\u00e9nt ny\u00edlik p\u00e9nteken, <strong>2012. szeptember 21-\u00e9n, 19 \u00f3rakor<\/strong> a lendvai v\u00e1rban <strong>A Lendvai Nemzetk\u00f6zi M\u0171v\u00e9sztelep 40 \u00e9ve<\/strong> c\u00edm\u0171 ki\u00e1ll\u00edt\u00e1s.<\/p>\n<p>A m\u0171v\u00e9sztelep gazdag gy\u0171jtem\u00e9ny\u00e9b\u0151l v\u00e1logatott ki\u00e1ll\u00edt\u00e1s egyik r\u00e9sz\u00e9t a lendvai Sz\u00ednh\u00e1z- \u00e9s Hangversenyterem el\u0151csarnok\u00e1ban tekinthetik meg.<\/p>\n<p><em>\u00d6nt is szeretettel v\u00e1rjuk.<\/em><\/p>\n<p><span style=\"font-size: small;\">A ki\u00e1ll\u00edt\u00e1s 2013. janu\u00e1r 12-ig tekinthet\u0151 meg.<\/span><\/p>\n","protected":false},"excerpt":{"rendered":"<p>Kedves M\u0171kedvel\u0151k! A Lendvai Gal\u00e9ria \u00e9s M\u00fazeum \u00e9s a Lendvai Nemzetk\u00f6zi M\u0171v\u00e9sztelep id\u00e9n \u00fcnnepli 40 \u00e9ves jubileum\u00e1t.\u00a0Az \u00fcnneps\u00e9gsorozat k\u00f6zponti esem\u00e9nyek\u00e9nt ny\u00edlik p\u00e9nteken, 2012. szeptember 21-\u00e9n, 19 \u00f3rakor a lendvai v\u00e1rban A Lendvai Nemzetk\u00f6zi M\u0171v\u00e9sztelep 40 \u00e9ve c\u00edm\u0171 ki\u00e1ll\u00edt\u00e1s. A m\u0171v\u00e9sztelep &hellip; <a href=\"https:\/\/www.gml.si\/hu\/meghivo-a-lendvai-nemzetkozi-muvesztelep-40-eve\/\"><\/p>\n<p>B\u0151vebben <span class=\"meta-nav\">\u2192<\/span><\/a><\/p>\n","protected":false},"author":5,"featured_media":8878,"comment_status":"closed","ping_status":"open","sticky":false,"template":"","format":"standard","meta":{"inline_featured_image":false,"footnotes":""},"categories":[58],"tags":[],"class_list":["post-12391","post","type-post","status-publish","format-standard","has-post-thumbnail","hentry","category-hirek"],"_links":{"self":[{"href":"https:\/\/www.gml.si\/hu\/wp-json\/wp\/v2\/posts\/12391","targetHints":{"allow":["GET"]}}],"collection":[{"href":"https:\/\/www.gml.si\/hu\/wp-json\/wp\/v2\/posts"}],"about":[{"href":"https:\/\/www.gml.si\/hu\/wp-json\/wp\/v2\/types\/post"}],"author":[{"embeddable":true,"href":"https:\/\/www.gml.si\/hu\/wp-json\/wp\/v2\/users\/5"}],"replies":[{"embeddable":true,"href":"https:\/\/www.gml.si\/hu\/wp-json\/wp\/v2\/comments?post=12391"}],"version-history":[{"count":0,"href":"https:\/\/www.gml.si\/hu\/wp-json\/wp\/v2\/posts\/12391\/revisions"}],"wp:featuredmedia":[{"embeddable":true,"href":"https:\/\/www.gml.si\/hu\/wp-json\/wp\/v2\/media\/8878"}],"wp:attachment":[{"href":"https:\/\/www.gml.si\/hu\/wp-json\/wp\/v2\/media?parent=12391"}],"wp:term":[{"taxonomy":"category","embeddable":true,"href":"https:\/\/www.gml.si\/hu\/wp-json\/wp\/v2\/categories?post=12391"},{"taxonomy":"post_tag","embeddable":true,"href":"https:\/\/www.gml.si\/hu\/wp-json\/wp\/v2\/tags?post=12391"}],"curies":[{"name":"wp","href":"https:\/\/api.w.org\/{rel}","templated":true}]}}