{"id":12422,"date":"2013-05-15T09:29:05","date_gmt":"2013-05-15T07:29:05","guid":{"rendered":"https:\/\/www.gml.si\/meghivo-tarlatvezetes-es-koncert\/"},"modified":"2013-05-15T09:29:05","modified_gmt":"2013-05-15T07:29:05","slug":"meghivo-tarlatvezetes-es-koncert","status":"publish","type":"post","link":"https:\/\/www.gml.si\/hu\/meghivo-tarlatvezetes-es-koncert\/","title":{"rendered":"MEGH\u00cdV\u00d3: T\u00e1rlatvezet\u00e9s \u00e9s koncert"},"content":{"rendered":"<p>A M\u00fazeumi Vil\u00e1gnap alkalm\u00e1b\u00f3l a Gal\u00e9ria\u2212M\u00fazeum Lendva szeretettel megh\u00edvja \u00d6nt \u00e9s kedves bar\u00e1tait <strong>2013. m\u00e1jus 18-\u00e1n<\/strong>, <strong>18 \u00f3rai kezdettel<\/strong> a Rembrandt grafik\u00e1i c\u00edm\u0171 ki\u00e1ll\u00edt\u00e1s t\u00e1rlatvezet\u00e9s\u00e9re \u00e9s az azt k\u00f6vet\u0151 koncertre. A t\u00e1rlatvezet\u00e9st <em>dr. Janez Bala\u017eic<\/em>, a Maribori Egyetem Pedag\u00f3giai Kar\u00e1nak el\u0151ad\u00f3ja, m\u00fazeumi tan\u00e1csos vezeti.<\/p>\n<p>A koncerten <em>Sara K\u00f6ve\u0161<\/em>, a Zeneiskola Lendva 7. oszt\u00e1lyos tanul\u00f3ja zongor\u00e1zik.<\/p>\n<p>A bel\u00e9p\u00e9s d\u00edjtalan.<\/p>\n","protected":false},"excerpt":{"rendered":"<p>A M\u00fazeumi Vil\u00e1gnap alkalm\u00e1b\u00f3l a Gal\u00e9ria\u2212M\u00fazeum Lendva szeretettel megh\u00edvja \u00d6nt \u00e9s kedves bar\u00e1tait 2013. m\u00e1jus 18-\u00e1n, 18 \u00f3rai kezdettel a Rembrandt grafik\u00e1i c\u00edm\u0171 ki\u00e1ll\u00edt\u00e1s t\u00e1rlatvezet\u00e9s\u00e9re \u00e9s az azt k\u00f6vet\u0151 koncertre. A t\u00e1rlatvezet\u00e9st dr. Janez Bala\u017eic, a Maribori Egyetem Pedag\u00f3giai Kar\u00e1nak &hellip; <a href=\"https:\/\/www.gml.si\/hu\/meghivo-tarlatvezetes-es-koncert\/\"><\/p>\n<p>B\u0151vebben <span class=\"meta-nav\">\u2192<\/span><\/a><\/p>\n","protected":false},"author":5,"featured_media":0,"comment_status":"closed","ping_status":"open","sticky":false,"template":"","format":"standard","meta":{"inline_featured_image":false,"footnotes":""},"categories":[58],"tags":[],"class_list":["post-12422","post","type-post","status-publish","format-standard","hentry","category-hirek"],"_links":{"self":[{"href":"https:\/\/www.gml.si\/hu\/wp-json\/wp\/v2\/posts\/12422","targetHints":{"allow":["GET"]}}],"collection":[{"href":"https:\/\/www.gml.si\/hu\/wp-json\/wp\/v2\/posts"}],"about":[{"href":"https:\/\/www.gml.si\/hu\/wp-json\/wp\/v2\/types\/post"}],"author":[{"embeddable":true,"href":"https:\/\/www.gml.si\/hu\/wp-json\/wp\/v2\/users\/5"}],"replies":[{"embeddable":true,"href":"https:\/\/www.gml.si\/hu\/wp-json\/wp\/v2\/comments?post=12422"}],"version-history":[{"count":0,"href":"https:\/\/www.gml.si\/hu\/wp-json\/wp\/v2\/posts\/12422\/revisions"}],"wp:attachment":[{"href":"https:\/\/www.gml.si\/hu\/wp-json\/wp\/v2\/media?parent=12422"}],"wp:term":[{"taxonomy":"category","embeddable":true,"href":"https:\/\/www.gml.si\/hu\/wp-json\/wp\/v2\/categories?post=12422"},{"taxonomy":"post_tag","embeddable":true,"href":"https:\/\/www.gml.si\/hu\/wp-json\/wp\/v2\/tags?post=12422"}],"curies":[{"name":"wp","href":"https:\/\/api.w.org\/{rel}","templated":true}]}}