{"id":12439,"date":"2013-08-22T15:53:55","date_gmt":"2013-08-22T13:53:55","guid":{"rendered":"https:\/\/www.gml.si\/konyvbemutato-lyndvamuseum-5-a-lendvai-galeria-es-muzeum-40-eve\/"},"modified":"2013-08-22T15:53:55","modified_gmt":"2013-08-22T13:53:55","slug":"konyvbemutato-lyndvamuseum-5-a-lendvai-galeria-es-muzeum-40-eve","status":"publish","type":"post","link":"https:\/\/www.gml.si\/hu\/konyvbemutato-lyndvamuseum-5-a-lendvai-galeria-es-muzeum-40-eve\/","title":{"rendered":"K\u00d6NYVBEMUTAT\u00d3: Lyndvamuseum 5 &#8211; A Lendvai Gal\u00e9ria \u00e9s M\u00fazeum 40 \u00e9ve"},"content":{"rendered":"<p><em>Tisztelt M\u00fazeumbar\u00e1tok, Kedves \u00c9rt\u00e9k\u0151rz\u0151k!<\/em><\/p>\n<p>A Lendvai Gal\u00e9ria \u00e9s M\u00fazeum <em>id\u00e9n \u00fcnnepli m\u0171k\u00f6d\u00e9s\u00e9nek 40. \u00e9vfordul\u00f3j\u00e1t. <\/em>Ebb\u0151l az alkalomb\u00f3l\u00a0 a muravid\u00e9ki r\u00e9gi\u00f3, a Lendvai K\u00f6zs\u00e9g \u00e9s a szlov\u00e9niai magyars\u00e1g egyik legjelent\u0151sebb kultur\u00e1lis \u00e9s tudom\u00e1nyos int\u00e9zm\u00e9ny\u00e9r\u0151l sz\u00f3l\u00f3 k\u00f6nyv bemutat\u00f3j\u00e1ra h\u00edvjuk, amely A Lendvai Gal\u00e9ria \u00e9s M\u00fazeum 40 \u00e9ve c\u00edmet viseli.<\/p>\n<hr style=\"border-width: 1px; border-style: solid; border-color: #CCCCCC; color: #ffffff;\" noshade=\"noshade\" \/>\n<p><a href=\"https:\/\/www.gml.si\/wp-content\/uploads\/2013\/08\/Lyndva-5_ovitek_20130711_17mm_web_malo.jpg\" data-lbwps-width=\"472\" data-lbwps-height=\"700\" data-lbwps-srcsmall=\"https:\/\/www.gml.si\/wp-content\/uploads\/2013\/08\/Lyndva-5_ovitek_20130711_17mm_web_malo-337x500.jpg\"><img loading=\"lazy\" decoding=\"async\" class=\"alignleft\" alt=\"Lyndva-5_ovitek_20130711_17mm_web_malo\" src=\"https:\/\/www.gml.si\/wp-content\/uploads\/2013\/08\/Lyndva-5_ovitek_20130711_17mm_web_malo.jpg\" width=\"200\" height=\"297\" \/><\/a> <strong>K\u00d6NYVBEMUTAT\u00d3<\/strong><\/p>\n<p>A Lendvai Gal\u00e9ria \u00e9s M\u00fazeum <br \/>tisztelettel megh\u00edvja \u00d6nt \u00e9s kedves Bar\u00e1tait <br \/><strong>2013. augusztus 24-\u00e9n, szombaton, <br \/>13 \u00f3rakor<\/strong> a Lendvai Polg\u00e1rosod\u00e1s M\u00fazeum\u00e1ba, a F\u0151 utca 52. sz\u00e1m alatt a Lyndvamuseum foly\u00f3irat\u00e1nak leg\u00fajabb, 5. sz\u00e1m\u00e1nak bemutat\u00f3j\u00e1ra, amely A Lendvai Gal\u00e9ria \u00e9s M\u00fazeum 40 \u00e9ve c\u00edmet viseli.<\/p>\n<p>A kiadv\u00e1ny megtekint\u00e9se: <a href=\"http:\/\/issuu.com\/gmlendava\/docs\/2013-08_lyndvamuseum5_web\">Lyndvamuseum 5<\/a><\/p>\n<hr style=\"border-width: 1px; border-style: solid; border-color: #CCCCCC; color: #ffffff;\" noshade=\"noshade\" \/>\n<h2>F\u00c9NYK\u00c9PEK A RENDEZV\u00c9NYR\u0150L<\/h2>\n<p><a href=\"http:\/\/www.gml.si\/wp-content\/uploads\/2013\/08\/20130824_GML_40let_konyvbemutato_05.jpg\" data-lbwps-width=\"900\" data-lbwps-height=\"675\" data-lbwps-srcsmall=\"https:\/\/www.gml.si\/wp-content\/uploads\/2013\/08\/20130824_GML_40let_konyvbemutato_05-500x375.jpg\"><img loading=\"lazy\" decoding=\"async\" class=\"img-galerija-novica alignnone size-thumbnail wp-image-2584\" title=\"20130824_GML_40let_konyvbemutato_05\" alt=\"20130824_GML_40let_konyvbemutato_05\" src=\"http:\/\/www.gml.si\/wp-content\/uploads\/2013\/08\/20130824_GML_40let_konyvbemutato_05-120x120.jpg\" width=\"120\" height=\"120\" \/><\/a> <a href=\"http:\/\/www.gml.si\/wp-content\/uploads\/2013\/08\/20130824_GML_40let_konyvbemutato_06.jpg\" data-lbwps-width=\"900\" data-lbwps-height=\"675\" data-lbwps-srcsmall=\"https:\/\/www.gml.si\/wp-content\/uploads\/2013\/08\/20130824_GML_40let_konyvbemutato_06-500x375.jpg\"><img loading=\"lazy\" decoding=\"async\" class=\"img-galerija-novica alignnone size-thumbnail wp-image-2585\" title=\"20130824_GML_40let_konyvbemutato_06\" alt=\"20130824_GML_40let_konyvbemutato_06\" src=\"http:\/\/www.gml.si\/wp-content\/uploads\/2013\/08\/20130824_GML_40let_konyvbemutato_06-120x120.jpg\" width=\"120\" height=\"120\" \/><\/a> <a href=\"http:\/\/www.gml.si\/wp-content\/uploads\/2013\/08\/20130824_GML_40let_konyvbemutato_15.jpg\" data-lbwps-width=\"900\" data-lbwps-height=\"675\" data-lbwps-srcsmall=\"https:\/\/www.gml.si\/wp-content\/uploads\/2013\/08\/20130824_GML_40let_konyvbemutato_15-500x375.jpg\"><img loading=\"lazy\" decoding=\"async\" class=\"img-galerija-novica alignnone size-thumbnail wp-image-2586\" title=\"20130824_GML_40let_konyvbemutato_15\" alt=\"20130824_GML_40let_konyvbemutato_15\" src=\"http:\/\/www.gml.si\/wp-content\/uploads\/2013\/08\/20130824_GML_40let_konyvbemutato_15-120x120.jpg\" width=\"120\" height=\"120\" \/><\/a> <a href=\"http:\/\/www.gml.si\/wp-content\/uploads\/2013\/08\/20130824_GML_40let_konyvbemutato_20.jpg\" data-lbwps-width=\"525\" data-lbwps-height=\"700\" data-lbwps-srcsmall=\"https:\/\/www.gml.si\/wp-content\/uploads\/2013\/08\/20130824_GML_40let_konyvbemutato_20-375x500.jpg\"><img loading=\"lazy\" decoding=\"async\" class=\"img-galerija-novica alignnone size-thumbnail wp-image-2587\" title=\"20130824_GML_40let_konyvbemutato_20\" alt=\"20130824_GML_40let_konyvbemutato_20\" src=\"http:\/\/www.gml.si\/wp-content\/uploads\/2013\/08\/20130824_GML_40let_konyvbemutato_20-120x120.jpg\" width=\"120\" height=\"120\" \/><\/a><\/p>\n","protected":false},"excerpt":{"rendered":"<p>Tisztelt M\u00fazeumbar\u00e1tok, Kedves \u00c9rt\u00e9k\u0151rz\u0151k! A Lendvai Gal\u00e9ria \u00e9s M\u00fazeum id\u00e9n \u00fcnnepli m\u0171k\u00f6d\u00e9s\u00e9nek 40. \u00e9vfordul\u00f3j\u00e1t. Ebb\u0151l az alkalomb\u00f3l\u00a0 a muravid\u00e9ki r\u00e9gi\u00f3, a Lendvai K\u00f6zs\u00e9g \u00e9s a szlov\u00e9niai magyars\u00e1g egyik legjelent\u0151sebb kultur\u00e1lis \u00e9s tudom\u00e1nyos int\u00e9zm\u00e9ny\u00e9r\u0151l sz\u00f3l\u00f3 k\u00f6nyv bemutat\u00f3j\u00e1ra h\u00edvjuk, amely A Lendvai &hellip; <a href=\"https:\/\/www.gml.si\/hu\/konyvbemutato-lyndvamuseum-5-a-lendvai-galeria-es-muzeum-40-eve\/\"><\/p>\n<p>B\u0151vebben <span class=\"meta-nav\">\u2192<\/span><\/a><\/p>\n","protected":false},"author":5,"featured_media":9074,"comment_status":"closed","ping_status":"open","sticky":false,"template":"","format":"standard","meta":{"inline_featured_image":false,"footnotes":""},"categories":[58],"tags":[],"class_list":["post-12439","post","type-post","status-publish","format-standard","has-post-thumbnail","hentry","category-hirek"],"_links":{"self":[{"href":"https:\/\/www.gml.si\/hu\/wp-json\/wp\/v2\/posts\/12439","targetHints":{"allow":["GET"]}}],"collection":[{"href":"https:\/\/www.gml.si\/hu\/wp-json\/wp\/v2\/posts"}],"about":[{"href":"https:\/\/www.gml.si\/hu\/wp-json\/wp\/v2\/types\/post"}],"author":[{"embeddable":true,"href":"https:\/\/www.gml.si\/hu\/wp-json\/wp\/v2\/users\/5"}],"replies":[{"embeddable":true,"href":"https:\/\/www.gml.si\/hu\/wp-json\/wp\/v2\/comments?post=12439"}],"version-history":[{"count":0,"href":"https:\/\/www.gml.si\/hu\/wp-json\/wp\/v2\/posts\/12439\/revisions"}],"wp:featuredmedia":[{"embeddable":true,"href":"https:\/\/www.gml.si\/hu\/wp-json\/wp\/v2\/media\/9074"}],"wp:attachment":[{"href":"https:\/\/www.gml.si\/hu\/wp-json\/wp\/v2\/media?parent=12439"}],"wp:term":[{"taxonomy":"category","embeddable":true,"href":"https:\/\/www.gml.si\/hu\/wp-json\/wp\/v2\/categories?post=12439"},{"taxonomy":"post_tag","embeddable":true,"href":"https:\/\/www.gml.si\/hu\/wp-json\/wp\/v2\/tags?post=12439"}],"curies":[{"name":"wp","href":"https:\/\/api.w.org\/{rel}","templated":true}]}}