{"id":12448,"date":"2013-09-09T14:17:54","date_gmt":"2013-09-09T12:17:54","guid":{"rendered":"https:\/\/www.gml.si\/meghivo-tarlatvezetes-a-rembrandt-kiallitason\/"},"modified":"2013-09-09T14:17:54","modified_gmt":"2013-09-09T12:17:54","slug":"meghivo-tarlatvezetes-a-rembrandt-kiallitason","status":"publish","type":"post","link":"https:\/\/www.gml.si\/hu\/meghivo-tarlatvezetes-a-rembrandt-kiallitason\/","title":{"rendered":"MEGH\u00cdV\u00d3: T\u00e1rlatvezet\u00e9s a Rembrandt ki\u00e1ll\u00edt\u00e1son"},"content":{"rendered":"<p><a href=\"https:\/\/www.gml.si\/wp-content\/uploads\/2013\/09\/Vabilo-na-strokovno-vodstvo_20130909.jpg\" data-lbwps-width=\"1018\" data-lbwps-height=\"700\" data-lbwps-srcsmall=\"https:\/\/www.gml.si\/wp-content\/uploads\/2013\/09\/Vabilo-na-strokovno-vodstvo_20130909-500x343.jpg\"><img loading=\"lazy\" decoding=\"async\" class=\"alignleft\" alt=\"Vabilo-na-strokovno-vodstvo_20130909\" src=\"https:\/\/www.gml.si\/wp-content\/uploads\/2013\/09\/Vabilo-na-strokovno-vodstvo_20130909.jpg\" width=\"546\" height=\"375\" \/><\/a><\/p>\n<p>A Lendvai Gal\u00e9ria \u00e9s M\u00fazeum tisztelettel megh\u00edvja \u00d6nt \u00e9s kedves bar\u00e1tait <strong>2013. szeptember 13-\u00e1n, 18 \u00f3rakor<\/strong> egy t\u00e1rlatvezet\u00e9sre a <em>Rembrandt<\/em> ki\u00e1ll\u00edt\u00e1son.<\/p>\n<p>A t\u00e1rlatvezet\u00e9st <strong>mag. Breda \u0160krjanec<\/strong>, m\u00fazeumi tan\u00e1csos, a ljubljanai Nemzetk\u00f6zi Grafikai \u00e9s K\u00e9pz\u0151m\u0171v\u00e9szeti K\u00f6zpont munkat\u00e1rsa\u00a0 vezeti.<\/p>\n<p><em>A t\u00e1rlatvezet\u00e9s szlov\u00e9n nyelven folyik.<\/em><\/p>\n<p>A bel\u00e9p\u00e9s d\u00edjtalan.<\/p>\n","protected":false},"excerpt":{"rendered":"<p>A Lendvai Gal\u00e9ria \u00e9s M\u00fazeum tisztelettel megh\u00edvja \u00d6nt \u00e9s kedves bar\u00e1tait 2013. szeptember 13-\u00e1n, 18 \u00f3rakor egy t\u00e1rlatvezet\u00e9sre a Rembrandt ki\u00e1ll\u00edt\u00e1son. A t\u00e1rlatvezet\u00e9st mag. Breda \u0160krjanec, m\u00fazeumi tan\u00e1csos, a ljubljanai Nemzetk\u00f6zi Grafikai \u00e9s K\u00e9pz\u0151m\u0171v\u00e9szeti K\u00f6zpont munkat\u00e1rsa\u00a0 vezeti. A t\u00e1rlatvezet\u00e9s szlov\u00e9n &hellip; <a href=\"https:\/\/www.gml.si\/hu\/meghivo-tarlatvezetes-a-rembrandt-kiallitason\/\"><\/p>\n<p>B\u0151vebben <span class=\"meta-nav\">\u2192<\/span><\/a><\/p>\n","protected":false},"author":5,"featured_media":9098,"comment_status":"closed","ping_status":"open","sticky":false,"template":"","format":"standard","meta":{"inline_featured_image":false,"footnotes":""},"categories":[58],"tags":[],"class_list":["post-12448","post","type-post","status-publish","format-standard","has-post-thumbnail","hentry","category-hirek"],"_links":{"self":[{"href":"https:\/\/www.gml.si\/hu\/wp-json\/wp\/v2\/posts\/12448","targetHints":{"allow":["GET"]}}],"collection":[{"href":"https:\/\/www.gml.si\/hu\/wp-json\/wp\/v2\/posts"}],"about":[{"href":"https:\/\/www.gml.si\/hu\/wp-json\/wp\/v2\/types\/post"}],"author":[{"embeddable":true,"href":"https:\/\/www.gml.si\/hu\/wp-json\/wp\/v2\/users\/5"}],"replies":[{"embeddable":true,"href":"https:\/\/www.gml.si\/hu\/wp-json\/wp\/v2\/comments?post=12448"}],"version-history":[{"count":0,"href":"https:\/\/www.gml.si\/hu\/wp-json\/wp\/v2\/posts\/12448\/revisions"}],"wp:featuredmedia":[{"embeddable":true,"href":"https:\/\/www.gml.si\/hu\/wp-json\/wp\/v2\/media\/9098"}],"wp:attachment":[{"href":"https:\/\/www.gml.si\/hu\/wp-json\/wp\/v2\/media?parent=12448"}],"wp:term":[{"taxonomy":"category","embeddable":true,"href":"https:\/\/www.gml.si\/hu\/wp-json\/wp\/v2\/categories?post=12448"},{"taxonomy":"post_tag","embeddable":true,"href":"https:\/\/www.gml.si\/hu\/wp-json\/wp\/v2\/tags?post=12448"}],"curies":[{"name":"wp","href":"https:\/\/api.w.org\/{rel}","templated":true}]}}