{"id":12451,"date":"2013-09-24T12:09:05","date_gmt":"2013-09-24T10:09:05","guid":{"rendered":"https:\/\/www.gml.si\/2013-szeptember-27-en-van-a-turizmus-vilagnapja\/"},"modified":"2013-09-24T12:09:05","modified_gmt":"2013-09-24T10:09:05","slug":"2013-szeptember-27-en-van-a-turizmus-vilagnapja","status":"publish","type":"post","link":"https:\/\/www.gml.si\/hu\/2013-szeptember-27-en-van-a-turizmus-vilagnapja\/","title":{"rendered":"2013. szeptember 27-\u00e9n van a Turizmus Vil\u00e1gnapja"},"content":{"rendered":"<p><a href=\"https:\/\/www.gml.si\/wp-content\/uploads\/2013\/09\/Svetovni_dan_turizma_A4_2013_END3_small.jpg\" data-lbwps-width=\"572\" data-lbwps-height=\"800\" data-lbwps-srcsmall=\"https:\/\/www.gml.si\/wp-content\/uploads\/2013\/09\/Svetovni_dan_turizma_A4_2013_END3_small-357x500.jpg\"><img loading=\"lazy\" decoding=\"async\" class=\"wp-image-9100 alignleft\" alt=\"Svetovni_dan_turizma_A4_2013_END3_small\" src=\"https:\/\/www.gml.si\/wp-content\/uploads\/2013\/09\/Svetovni_dan_turizma_A4_2013_END3_small.jpg\" width=\"200\" height=\"280\" srcset=\"https:\/\/www.gml.si\/wp-content\/uploads\/2013\/09\/Svetovni_dan_turizma_A4_2013_END3_small.jpg 572w, https:\/\/www.gml.si\/wp-content\/uploads\/2013\/09\/Svetovni_dan_turizma_A4_2013_END3_small-357x500.jpg 357w, https:\/\/www.gml.si\/wp-content\/uploads\/2013\/09\/Svetovni_dan_turizma_A4_2013_END3_small-35x50.jpg 35w\" sizes=\"auto, (max-width: 200px) 100vw, 200px\" \/><\/a>A Turizmus Vil\u00e1gnapja alkalm\u00e1b\u00f3l a Lendvai Turisztikai Sz\u00f6vets\u00e9g szeretettel megh\u00edv minden \u00e9rdekl\u0151d\u0151t Lendva kult\u00fart\u00f6rt\u00e9neti nevezetess\u00e9geinek d\u00edjmentes megtekint\u00e9s\u00e9re <strong>2013. szeptember 27-\u00e9n, p\u00e9nteken 10.00 \u00e9s 17.00 \u00f3ra<\/strong> k\u00f6z\u00f6tt.<\/p>\n<p>Ez alkalomb\u00f3l megtekinthet\u0151 a Sz\u00ednh\u00e1z- \u00e9s Hangversenyterem, a zsinag\u00f3ga, a Gal\u00e9ria \u00e9s M\u00fazeum a lendvai v\u00e1rban, valamint a Lendva polg\u00e1rosod\u00e1s\u00e1t, erny\u0151gy\u00e1rt\u00e1s\u00e1t \u00e9s nyomd\u00e1szat\u00e1t bemutat\u00f3 m\u00fazeum. <\/p>\n<p>A Szenth\u00e1roms\u00e1g-k\u00e1polna Hadik Mih\u00e1ly m\u00fami\u00e1j\u00e1val 11.00 \u00e9s 12.00 \u00f3ra, illetve 14.00 \u00e9s 15.30 \u00f3ra k\u00f6z\u00f6tt l\u00e1togathat\u00f3.<\/p>\n<p>Tov\u00e1bbi inform\u00e1ci\u00f3: <a href=\"http:\/\/www.lendava-vabi.si\">www.lendava-vabi.si<\/a><\/p>\n","protected":false},"excerpt":{"rendered":"<p>A Turizmus Vil\u00e1gnapja alkalm\u00e1b\u00f3l a Lendvai Turisztikai Sz\u00f6vets\u00e9g szeretettel megh\u00edv minden \u00e9rdekl\u0151d\u0151t Lendva kult\u00fart\u00f6rt\u00e9neti nevezetess\u00e9geinek d\u00edjmentes megtekint\u00e9s\u00e9re 2013. szeptember 27-\u00e9n, p\u00e9nteken 10.00 \u00e9s 17.00 \u00f3ra k\u00f6z\u00f6tt. Ez alkalomb\u00f3l megtekinthet\u0151 a Sz\u00ednh\u00e1z- \u00e9s Hangversenyterem, a zsinag\u00f3ga, a Gal\u00e9ria \u00e9s M\u00fazeum a &hellip; <a href=\"https:\/\/www.gml.si\/hu\/2013-szeptember-27-en-van-a-turizmus-vilagnapja\/\"><\/p>\n<p>B\u0151vebben <span class=\"meta-nav\">\u2192<\/span><\/a><\/p>\n","protected":false},"author":5,"featured_media":9100,"comment_status":"closed","ping_status":"open","sticky":false,"template":"","format":"standard","meta":{"inline_featured_image":false,"footnotes":""},"categories":[58],"tags":[],"class_list":["post-12451","post","type-post","status-publish","format-standard","has-post-thumbnail","hentry","category-hirek"],"_links":{"self":[{"href":"https:\/\/www.gml.si\/hu\/wp-json\/wp\/v2\/posts\/12451","targetHints":{"allow":["GET"]}}],"collection":[{"href":"https:\/\/www.gml.si\/hu\/wp-json\/wp\/v2\/posts"}],"about":[{"href":"https:\/\/www.gml.si\/hu\/wp-json\/wp\/v2\/types\/post"}],"author":[{"embeddable":true,"href":"https:\/\/www.gml.si\/hu\/wp-json\/wp\/v2\/users\/5"}],"replies":[{"embeddable":true,"href":"https:\/\/www.gml.si\/hu\/wp-json\/wp\/v2\/comments?post=12451"}],"version-history":[{"count":0,"href":"https:\/\/www.gml.si\/hu\/wp-json\/wp\/v2\/posts\/12451\/revisions"}],"wp:featuredmedia":[{"embeddable":true,"href":"https:\/\/www.gml.si\/hu\/wp-json\/wp\/v2\/media\/9100"}],"wp:attachment":[{"href":"https:\/\/www.gml.si\/hu\/wp-json\/wp\/v2\/media?parent=12451"}],"wp:term":[{"taxonomy":"category","embeddable":true,"href":"https:\/\/www.gml.si\/hu\/wp-json\/wp\/v2\/categories?post=12451"},{"taxonomy":"post_tag","embeddable":true,"href":"https:\/\/www.gml.si\/hu\/wp-json\/wp\/v2\/tags?post=12451"}],"curies":[{"name":"wp","href":"https:\/\/api.w.org\/{rel}","templated":true}]}}