{"id":12463,"date":"2013-11-14T09:54:19","date_gmt":"2013-11-14T08:54:19","guid":{"rendered":"https:\/\/www.gml.si\/likovna-razstava-ricarda-hoop-in-zsigmond-lucza\/"},"modified":"2013-11-14T09:54:19","modified_gmt":"2013-11-14T08:54:19","slug":"likovna-razstava-ricarda-hoop-in-zsigmond-lucza","status":"publish","type":"post","link":"https:\/\/www.gml.si\/hu\/likovna-razstava-ricarda-hoop-in-zsigmond-lucza\/","title":{"rendered":"LIKOVNA RAZSTAVA: Ricarda HOOP in Zsigmond LUCZA"},"content":{"rendered":"<p><a href=\"https:\/\/www.gml.si\/wp-content\/uploads\/2013\/11\/ricarda_hoop_Vabilo_sprednja.jpg\" data-lbwps-width=\"566\" data-lbwps-height=\"800\" data-lbwps-srcsmall=\"https:\/\/www.gml.si\/wp-content\/uploads\/2013\/11\/ricarda_hoop_Vabilo_sprednja-353x500.jpg\"><img decoding=\"async\" class=\"alignleft  wp-image-9110\" alt=\"ricarda_hoop_Vabilo_sprednja\" src=\"https:\/\/www.gml.si\/wp-content\/uploads\/2013\/11\/ricarda_hoop_Vabilo_sprednja.jpg\" width=\"200\" srcset=\"https:\/\/www.gml.si\/wp-content\/uploads\/2013\/11\/ricarda_hoop_Vabilo_sprednja.jpg 566w, https:\/\/www.gml.si\/wp-content\/uploads\/2013\/11\/ricarda_hoop_Vabilo_sprednja-353x500.jpg 353w, https:\/\/www.gml.si\/wp-content\/uploads\/2013\/11\/ricarda_hoop_Vabilo_sprednja-35x50.jpg 35w\" sizes=\"(max-width: 566px) 100vw, 566px\" \/><\/a>M e g h \u00ed v \u00f3<\/p>\n<p>A lendvai Gal\u00e9ria-M\u00fazeum tisztelettel megh\u00edvja \u00d6nt \u00e9s kedves bar\u00e1tait Ricarda HOOP \u00e9s LUCZA Zsigmond fest\u0151m\u0171v\u00e9szek ki\u00e1ll\u00edt\u00e1s\u00e1nak megnyit\u00f3j\u00e1ra, <strong>2013. november 23-\u00e1n, szombaton 18 \u00f3r\u00e1ra<\/strong> a sz\u00ednh\u00e1z \u00e9s hangversenyterem aul\u00e1j\u00e1ba.<\/p>\n<p>A ki\u00e1ll\u00edt\u00e1st Pisnjak Atilla m\u0171v\u00e9szett\u00f6rt\u00e9n\u00e9sz nyitja meg.<\/p>\n<p><span style=\"font-size: 11px;\">A ki\u00e1ll\u00edt\u00e1s 2013. december 12-ig tekinthet\u0151 meg.<\/span><\/p>\n","protected":false},"excerpt":{"rendered":"<p>M e g h \u00ed v \u00f3 A lendvai Gal\u00e9ria-M\u00fazeum tisztelettel megh\u00edvja \u00d6nt \u00e9s kedves bar\u00e1tait Ricarda HOOP \u00e9s LUCZA Zsigmond fest\u0151m\u0171v\u00e9szek ki\u00e1ll\u00edt\u00e1s\u00e1nak megnyit\u00f3j\u00e1ra, 2013. november 23-\u00e1n, szombaton 18 \u00f3r\u00e1ra a sz\u00ednh\u00e1z \u00e9s hangversenyterem aul\u00e1j\u00e1ba. A ki\u00e1ll\u00edt\u00e1st Pisnjak Atilla m\u0171v\u00e9szett\u00f6rt\u00e9n\u00e9sz &hellip; <a href=\"https:\/\/www.gml.si\/hu\/likovna-razstava-ricarda-hoop-in-zsigmond-lucza\/\"><\/p>\n<p>B\u0151vebben <span class=\"meta-nav\">\u2192<\/span><\/a><\/p>\n","protected":false},"author":5,"featured_media":9110,"comment_status":"closed","ping_status":"open","sticky":false,"template":"","format":"standard","meta":{"inline_featured_image":false,"footnotes":""},"categories":[58],"tags":[],"class_list":["post-12463","post","type-post","status-publish","format-standard","has-post-thumbnail","hentry","category-hirek"],"_links":{"self":[{"href":"https:\/\/www.gml.si\/hu\/wp-json\/wp\/v2\/posts\/12463","targetHints":{"allow":["GET"]}}],"collection":[{"href":"https:\/\/www.gml.si\/hu\/wp-json\/wp\/v2\/posts"}],"about":[{"href":"https:\/\/www.gml.si\/hu\/wp-json\/wp\/v2\/types\/post"}],"author":[{"embeddable":true,"href":"https:\/\/www.gml.si\/hu\/wp-json\/wp\/v2\/users\/5"}],"replies":[{"embeddable":true,"href":"https:\/\/www.gml.si\/hu\/wp-json\/wp\/v2\/comments?post=12463"}],"version-history":[{"count":0,"href":"https:\/\/www.gml.si\/hu\/wp-json\/wp\/v2\/posts\/12463\/revisions"}],"wp:featuredmedia":[{"embeddable":true,"href":"https:\/\/www.gml.si\/hu\/wp-json\/wp\/v2\/media\/9110"}],"wp:attachment":[{"href":"https:\/\/www.gml.si\/hu\/wp-json\/wp\/v2\/media?parent=12463"}],"wp:term":[{"taxonomy":"category","embeddable":true,"href":"https:\/\/www.gml.si\/hu\/wp-json\/wp\/v2\/categories?post=12463"},{"taxonomy":"post_tag","embeddable":true,"href":"https:\/\/www.gml.si\/hu\/wp-json\/wp\/v2\/tags?post=12463"}],"curies":[{"name":"wp","href":"https:\/\/api.w.org\/{rel}","templated":true}]}}