{"id":12470,"date":"2013-11-30T10:50:06","date_gmt":"2013-11-30T09:50:06","guid":{"rendered":"https:\/\/www.gml.si\/kiallitas-hojnik-cvetka\/"},"modified":"2013-11-30T10:50:06","modified_gmt":"2013-11-30T09:50:06","slug":"kiallitas-hojnik-cvetka","status":"publish","type":"post","link":"https:\/\/www.gml.si\/hu\/kiallitas-hojnik-cvetka\/","title":{"rendered":"KI\u00c1LL\u00cdT\u00c1S: HOJNIK Cvetka"},"content":{"rendered":"<p><span style=\"font-size: 11px;\"><a href=\"https:\/\/www.gml.si\/wp-content\/uploads\/2013\/11\/Vabilo_CH.jpg\" data-lbwps-width=\"566\" data-lbwps-height=\"800\" data-lbwps-srcsmall=\"https:\/\/www.gml.si\/wp-content\/uploads\/2013\/11\/Vabilo_CH-353x500.jpg\"><img decoding=\"async\" class=\"alignleft  wp-image-9120\" alt=\"Vabilo_CH\" src=\"https:\/\/www.gml.si\/wp-content\/uploads\/2013\/11\/Vabilo_CH.jpg\" width=\"200\" srcset=\"https:\/\/www.gml.si\/wp-content\/uploads\/2013\/11\/Vabilo_CH.jpg 566w, https:\/\/www.gml.si\/wp-content\/uploads\/2013\/11\/Vabilo_CH-353x500.jpg 353w, https:\/\/www.gml.si\/wp-content\/uploads\/2013\/11\/Vabilo_CH-35x50.jpg 35w\" sizes=\"(max-width: 566px) 100vw, 566px\" \/><\/a><\/span>MEGH\u00cdV\u00d3<\/p>\n<p>Tisztelettel megh\u00edvjuk \u00d6nt \u00e9s kedves bar\u00e1tait CVETKA HOJNIK \u00e1ttekint\u0151 ki\u00e1ll\u00edt\u00e1s\u00e1nak megnyit\u00f3j\u00e1ra \u00e9s monogr\u00e1fi\u00e1j\u00e1nak bemutat\u00f3j\u00e1ra <strong>2013. december 6-\u00e1n 18 \u00f3r\u00e1ra<\/strong> a lendvai v\u00e1rba.<\/p>\n<p>A ki\u00e1ll\u00edt\u00e1st szakmailag <em>mag. Milena Koren Bo\u017ei\u010dek<\/em> m\u0171v\u00e9szett\u00f6rt\u00e9n\u00e9sz, <em>Mario Berdi\u010d<\/em>, <em>mag. Jasna Merk\u00fa<\/em> \u00e9s <em>Enzo di Grazia<\/em> m\u0171v\u00e9szeti kritikusok m\u00e9ltatj\u00e1k.<\/p>\n<p>A t\u00e1rlatot megnyitja <em>mag. Anton Bala\u017eek<\/em>, Lendva K\u00f6zs\u00e9g polg\u00e1rmestere.<\/p>\n<p><span style=\"font-size: 11px;\">A ki\u00e1ll\u00edt\u00e1s 2014. febru\u00e1r 10-ig tekinthet\u0151 meg.<\/span><\/p>\n","protected":false},"excerpt":{"rendered":"<p>MEGH\u00cdV\u00d3 Tisztelettel megh\u00edvjuk \u00d6nt \u00e9s kedves bar\u00e1tait CVETKA HOJNIK \u00e1ttekint\u0151 ki\u00e1ll\u00edt\u00e1s\u00e1nak megnyit\u00f3j\u00e1ra \u00e9s monogr\u00e1fi\u00e1j\u00e1nak bemutat\u00f3j\u00e1ra 2013. december 6-\u00e1n 18 \u00f3r\u00e1ra a lendvai v\u00e1rba. A ki\u00e1ll\u00edt\u00e1st szakmailag mag. Milena Koren Bo\u017ei\u010dek m\u0171v\u00e9szett\u00f6rt\u00e9n\u00e9sz, Mario Berdi\u010d, mag. Jasna Merk\u00fa \u00e9s Enzo di Grazia &hellip; <a href=\"https:\/\/www.gml.si\/hu\/kiallitas-hojnik-cvetka\/\"><\/p>\n<p>B\u0151vebben <span class=\"meta-nav\">\u2192<\/span><\/a><\/p>\n","protected":false},"author":5,"featured_media":9120,"comment_status":"closed","ping_status":"open","sticky":false,"template":"","format":"standard","meta":{"inline_featured_image":false,"footnotes":""},"categories":[58],"tags":[],"class_list":["post-12470","post","type-post","status-publish","format-standard","has-post-thumbnail","hentry","category-hirek"],"_links":{"self":[{"href":"https:\/\/www.gml.si\/hu\/wp-json\/wp\/v2\/posts\/12470","targetHints":{"allow":["GET"]}}],"collection":[{"href":"https:\/\/www.gml.si\/hu\/wp-json\/wp\/v2\/posts"}],"about":[{"href":"https:\/\/www.gml.si\/hu\/wp-json\/wp\/v2\/types\/post"}],"author":[{"embeddable":true,"href":"https:\/\/www.gml.si\/hu\/wp-json\/wp\/v2\/users\/5"}],"replies":[{"embeddable":true,"href":"https:\/\/www.gml.si\/hu\/wp-json\/wp\/v2\/comments?post=12470"}],"version-history":[{"count":0,"href":"https:\/\/www.gml.si\/hu\/wp-json\/wp\/v2\/posts\/12470\/revisions"}],"wp:featuredmedia":[{"embeddable":true,"href":"https:\/\/www.gml.si\/hu\/wp-json\/wp\/v2\/media\/9120"}],"wp:attachment":[{"href":"https:\/\/www.gml.si\/hu\/wp-json\/wp\/v2\/media?parent=12470"}],"wp:term":[{"taxonomy":"category","embeddable":true,"href":"https:\/\/www.gml.si\/hu\/wp-json\/wp\/v2\/categories?post=12470"},{"taxonomy":"post_tag","embeddable":true,"href":"https:\/\/www.gml.si\/hu\/wp-json\/wp\/v2\/tags?post=12470"}],"curies":[{"name":"wp","href":"https:\/\/api.w.org\/{rel}","templated":true}]}}