{"id":12476,"date":"2013-12-21T16:04:49","date_gmt":"2013-12-21T15:04:49","guid":{"rendered":"https:\/\/www.gml.si\/unnepi-jokivansag-a-2013-as-ev-vegen\/"},"modified":"2013-12-21T16:04:49","modified_gmt":"2013-12-21T15:04:49","slug":"unnepi-jokivansag-a-2013-as-ev-vegen","status":"publish","type":"post","link":"https:\/\/www.gml.si\/hu\/unnepi-jokivansag-a-2013-as-ev-vegen\/","title":{"rendered":"\u00dcnnepi j\u00f3k\u00edv\u00e1ns\u00e1g a 2013-as \u00e9v v\u00e9g\u00e9n"},"content":{"rendered":"<p><strong><a href=\"https:\/\/www.gml.si\/wp-content\/uploads\/2013\/12\/voscilnica_2013.jpg\" data-lbwps-width=\"537\" data-lbwps-height=\"760\" data-lbwps-srcsmall=\"https:\/\/www.gml.si\/wp-content\/uploads\/2013\/12\/voscilnica_2013-353x500.jpg\"><img decoding=\"async\" class=\"alignleft  wp-image-9124\" alt=\"voscilnica_2013\" src=\"https:\/\/www.gml.si\/wp-content\/uploads\/2013\/12\/voscilnica_2013.jpg\" width=\"200\" srcset=\"https:\/\/www.gml.si\/wp-content\/uploads\/2013\/12\/voscilnica_2013.jpg 537w, https:\/\/www.gml.si\/wp-content\/uploads\/2013\/12\/voscilnica_2013-353x500.jpg 353w, https:\/\/www.gml.si\/wp-content\/uploads\/2013\/12\/voscilnica_2013-35x50.jpg 35w\" sizes=\"(max-width: 537px) 100vw, 537px\" \/><\/a><\/strong><em>V novem letu naj bodo dnevi sre\u010dni in zdravi, poti uspe\u0161ne in nasmehi zadovoljni.<\/em><\/p>\n<p><em>Mehitt kar\u00e1csonyt \u00e9s boldog eredm\u00e9nyekben gazdag \u00faj esztend\u0151t k\u00edv\u00e1nunk!<\/em><\/p>\n<p><em>May Peace be your gift at Christmas and your blessing all year throuh!<\/em><\/p>\n<p><strong>Galerija-Muzej Lendava \/ <br \/>Gal\u00e9ria-M\u00fazeum Lendva<\/strong><\/p>\n","protected":false},"excerpt":{"rendered":"<p>V novem letu naj bodo dnevi sre\u010dni in zdravi, poti uspe\u0161ne in nasmehi zadovoljni. Mehitt kar\u00e1csonyt \u00e9s boldog eredm\u00e9nyekben gazdag \u00faj esztend\u0151t k\u00edv\u00e1nunk! May Peace be your gift at Christmas and your blessing all year throuh! Galerija-Muzej Lendava \/ Gal\u00e9ria-M\u00fazeum &hellip; <a href=\"https:\/\/www.gml.si\/hu\/unnepi-jokivansag-a-2013-as-ev-vegen\/\"><\/p>\n<p>B\u0151vebben <span class=\"meta-nav\">\u2192<\/span><\/a><\/p>\n","protected":false},"author":5,"featured_media":9124,"comment_status":"closed","ping_status":"open","sticky":false,"template":"","format":"standard","meta":{"inline_featured_image":false,"footnotes":""},"categories":[58],"tags":[],"class_list":["post-12476","post","type-post","status-publish","format-standard","has-post-thumbnail","hentry","category-hirek"],"_links":{"self":[{"href":"https:\/\/www.gml.si\/hu\/wp-json\/wp\/v2\/posts\/12476","targetHints":{"allow":["GET"]}}],"collection":[{"href":"https:\/\/www.gml.si\/hu\/wp-json\/wp\/v2\/posts"}],"about":[{"href":"https:\/\/www.gml.si\/hu\/wp-json\/wp\/v2\/types\/post"}],"author":[{"embeddable":true,"href":"https:\/\/www.gml.si\/hu\/wp-json\/wp\/v2\/users\/5"}],"replies":[{"embeddable":true,"href":"https:\/\/www.gml.si\/hu\/wp-json\/wp\/v2\/comments?post=12476"}],"version-history":[{"count":0,"href":"https:\/\/www.gml.si\/hu\/wp-json\/wp\/v2\/posts\/12476\/revisions"}],"wp:featuredmedia":[{"embeddable":true,"href":"https:\/\/www.gml.si\/hu\/wp-json\/wp\/v2\/media\/9124"}],"wp:attachment":[{"href":"https:\/\/www.gml.si\/hu\/wp-json\/wp\/v2\/media?parent=12476"}],"wp:term":[{"taxonomy":"category","embeddable":true,"href":"https:\/\/www.gml.si\/hu\/wp-json\/wp\/v2\/categories?post=12476"},{"taxonomy":"post_tag","embeddable":true,"href":"https:\/\/www.gml.si\/hu\/wp-json\/wp\/v2\/tags?post=12476"}],"curies":[{"name":"wp","href":"https:\/\/api.w.org\/{rel}","templated":true}]}}