{"id":12553,"date":"2014-08-01T15:13:43","date_gmt":"2014-08-01T13:13:43","guid":{"rendered":"https:\/\/www.gml.si\/stefan-galic-fossziliak\/"},"modified":"2014-08-01T15:13:43","modified_gmt":"2014-08-01T13:13:43","slug":"stefan-galic-fossziliak","status":"publish","type":"post","link":"https:\/\/www.gml.si\/hu\/stefan-galic-fossziliak\/","title":{"rendered":"\u0160TEFAN GALI\u010c: Fossz\u00edli\u00e1k"},"content":{"rendered":"<p><a href=\"https:\/\/www.gml.si\/wp-content\/uploads\/2014\/08\/GALIC_vabilo_Galerija_INSULA_Izola_web.jpg\" data-lbwps-width=\"336\" data-lbwps-height=\"800\" data-lbwps-srcsmall=\"https:\/\/www.gml.si\/wp-content\/uploads\/2014\/08\/GALIC_vabilo_Galerija_INSULA_Izola_web-210x500.jpg\"><img loading=\"lazy\" decoding=\"async\" class=\"alignleft wp-image-9690\" src=\"https:\/\/www.gml.si\/wp-content\/uploads\/2014\/08\/GALIC_vabilo_Galerija_INSULA_Izola_web.jpg\" alt=\"GALIC_vabilo_Galerija_INSULA_Izola_web\" width=\"100\" height=\"238\" srcset=\"https:\/\/www.gml.si\/wp-content\/uploads\/2014\/08\/GALIC_vabilo_Galerija_INSULA_Izola_web.jpg 336w, https:\/\/www.gml.si\/wp-content\/uploads\/2014\/08\/GALIC_vabilo_Galerija_INSULA_Izola_web-210x500.jpg 210w, https:\/\/www.gml.si\/wp-content\/uploads\/2014\/08\/GALIC_vabilo_Galerija_INSULA_Izola_web-21x50.jpg 21w\" sizes=\"auto, (max-width: 100px) 100vw, 100px\" \/><\/a>Tisztelettel megh\u00edvjuk \u00d6n\u00f6ket a<\/p>\n<p><strong>\u0160TEFAN GALI\u010c<\/strong>:\u00a0<strong>Fossz\u00edli\u00e1k<\/strong><\/p>\n<p>c\u00edm\u0171 ki\u00e1ll\u00edt\u00e1s megny\u00edt\u00f3j\u00e1ra, amely 2014. augusztus 7-\u00e9n, cs\u00fct\u00f6rt\u00f6k\u00f6n, 19 \u00f3rakor lesz az izolai Insula Gal\u00e9ri\u00e1ban (Szlov\u00e9nia tergermell\u00e9ke).<\/p>\n<p>A ki\u00e1ll\u00edt\u00e1s 2014. szeptember 1-j\u00e9ig l\u00e1togathat\u00f3.<\/p>\n","protected":false},"excerpt":{"rendered":"<p>\u0160TEFAN GALI\u010c: Fossz\u00edli\u00e1k<br \/>\nc\u00edm\u0171 ki\u00e1ll\u00edt\u00e1s megny\u00edt\u00f3ja, 2014. augusztus 7-\u00e9n, cs\u00fct\u00f6rt\u00f6k\u00f6n, 19 \u00f3rakor az izolai Insula Gal\u00e9ri\u00e1ban <a href=\"https:\/\/www.gml.si\/hu\/stefan-galic-fossziliak\/\"><\/p>\n<p>B\u0151vebben <span class=\"meta-nav\">\u2192<\/span><\/a><\/p>\n","protected":false},"author":5,"featured_media":9690,"comment_status":"closed","ping_status":"closed","sticky":false,"template":"","format":"standard","meta":{"inline_featured_image":false,"footnotes":""},"categories":[66],"tags":[],"class_list":["post-12553","post","type-post","status-publish","format-standard","has-post-thumbnail","hentry","category-elozo"],"_links":{"self":[{"href":"https:\/\/www.gml.si\/hu\/wp-json\/wp\/v2\/posts\/12553","targetHints":{"allow":["GET"]}}],"collection":[{"href":"https:\/\/www.gml.si\/hu\/wp-json\/wp\/v2\/posts"}],"about":[{"href":"https:\/\/www.gml.si\/hu\/wp-json\/wp\/v2\/types\/post"}],"author":[{"embeddable":true,"href":"https:\/\/www.gml.si\/hu\/wp-json\/wp\/v2\/users\/5"}],"replies":[{"embeddable":true,"href":"https:\/\/www.gml.si\/hu\/wp-json\/wp\/v2\/comments?post=12553"}],"version-history":[{"count":0,"href":"https:\/\/www.gml.si\/hu\/wp-json\/wp\/v2\/posts\/12553\/revisions"}],"wp:featuredmedia":[{"embeddable":true,"href":"https:\/\/www.gml.si\/hu\/wp-json\/wp\/v2\/media\/9690"}],"wp:attachment":[{"href":"https:\/\/www.gml.si\/hu\/wp-json\/wp\/v2\/media?parent=12553"}],"wp:term":[{"taxonomy":"category","embeddable":true,"href":"https:\/\/www.gml.si\/hu\/wp-json\/wp\/v2\/categories?post=12553"},{"taxonomy":"post_tag","embeddable":true,"href":"https:\/\/www.gml.si\/hu\/wp-json\/wp\/v2\/tags?post=12553"}],"curies":[{"name":"wp","href":"https:\/\/api.w.org\/{rel}","templated":true}]}}