{"id":12556,"date":"2014-08-18T09:12:36","date_gmt":"2014-08-18T07:12:36","guid":{"rendered":"https:\/\/www.gml.si\/magyar-nyelvu-szakmai-vezetes-a-goya-kiallitason\/"},"modified":"2014-08-18T09:12:36","modified_gmt":"2014-08-18T07:12:36","slug":"magyar-nyelvu-szakmai-vezetes-a-goya-kiallitason","status":"publish","type":"post","link":"https:\/\/www.gml.si\/hu\/magyar-nyelvu-szakmai-vezetes-a-goya-kiallitason\/","title":{"rendered":"Magyar nyelv\u0171 szakmai vezet\u00e9s a Goya ki\u00e1ll\u00edt\u00e1son"},"content":{"rendered":"<p>MEGH\u00cdV\u00d3<\/p>\n<p>A Lendvai Gal\u00e9ria \u00e9s M\u00fazeum szeretettel megh\u00edvja \u00d6nt <strong>cs\u00fct\u00f6rt\u00f6k\u00f6n, 2014. augusztus 28-\u00e1n, 19 \u00f3rakor<\/strong> a lendvai v\u00e1rban tartand\u00f3 magyar nyelv\u0171 szakmai t\u00e1rlatvezet\u00e9sre a <em>Francisco de Goya: Los Caprichos<\/em> c. ki\u00e1ll\u00edt\u00e1son.<\/p>\n<p>A t\u00e1rlatvezet\u00e9st <em><strong>Pisnjak Attila<\/strong><\/em> m\u0171v\u00e9szett\u00f6rt\u00e9n\u00e9sz vezeti.<\/p>\n<p><strong>A rendezv\u00e9nyre a bel\u00e9p\u00e9s d\u00edjtalan.<\/strong><\/p>\n<p><strong><a href=\"https:\/\/www.gml.si\/wp-content\/uploads\/2014\/08\/goya_reklam_magyarorszag_A5_20140813_splet.jpg\" data-lbwps-width=\"800\" data-lbwps-height=\"564\" data-lbwps-srcsmall=\"https:\/\/www.gml.si\/wp-content\/uploads\/2014\/08\/goya_reklam_magyarorszag_A5_20140813_splet-500x352.jpg\"><img loading=\"lazy\" decoding=\"async\" class=\"wp-image-9692 alignleft\" src=\"https:\/\/www.gml.si\/wp-content\/uploads\/2014\/08\/goya_reklam_magyarorszag_A5_20140813_splet.jpg\" alt=\"goya_reklam_magyarorszag_A5_20140813_splet\" width=\"620\" height=\"437\" srcset=\"https:\/\/www.gml.si\/wp-content\/uploads\/2014\/08\/goya_reklam_magyarorszag_A5_20140813_splet.jpg 800w, https:\/\/www.gml.si\/wp-content\/uploads\/2014\/08\/goya_reklam_magyarorszag_A5_20140813_splet-500x352.jpg 500w, https:\/\/www.gml.si\/wp-content\/uploads\/2014\/08\/goya_reklam_magyarorszag_A5_20140813_splet-50x35.jpg 50w\" sizes=\"auto, (max-width: 620px) 100vw, 620px\" \/><\/a><\/strong><\/p>\n<p>\u00a0<\/p>\n","protected":false},"excerpt":{"rendered":"<p>Pisnjak Attila m\u0171v\u00e9szett\u00f6rt\u00e9n\u00e9sz magyar nyelv\u0171 szakmai t\u00e1rlatvezet\u00e9se Francisco de Goya: Los Caprichos c. ki\u00e1ll\u00edt\u00e1son cs\u00fct\u00f6rt\u00f6k\u00f6n, 2014. augusztus 28-\u00e1n, 19 \u00f3rakor lesz a lendvai v\u00e1rban. <a href=\"https:\/\/www.gml.si\/hu\/magyar-nyelvu-szakmai-vezetes-a-goya-kiallitason\/\"><\/p>\n<p>B\u0151vebben <span class=\"meta-nav\">\u2192<\/span><\/a><\/p>\n","protected":false},"author":5,"featured_media":9692,"comment_status":"closed","ping_status":"closed","sticky":false,"template":"","format":"standard","meta":{"inline_featured_image":false,"footnotes":""},"categories":[58],"tags":[],"class_list":["post-12556","post","type-post","status-publish","format-standard","has-post-thumbnail","hentry","category-hirek"],"_links":{"self":[{"href":"https:\/\/www.gml.si\/hu\/wp-json\/wp\/v2\/posts\/12556","targetHints":{"allow":["GET"]}}],"collection":[{"href":"https:\/\/www.gml.si\/hu\/wp-json\/wp\/v2\/posts"}],"about":[{"href":"https:\/\/www.gml.si\/hu\/wp-json\/wp\/v2\/types\/post"}],"author":[{"embeddable":true,"href":"https:\/\/www.gml.si\/hu\/wp-json\/wp\/v2\/users\/5"}],"replies":[{"embeddable":true,"href":"https:\/\/www.gml.si\/hu\/wp-json\/wp\/v2\/comments?post=12556"}],"version-history":[{"count":0,"href":"https:\/\/www.gml.si\/hu\/wp-json\/wp\/v2\/posts\/12556\/revisions"}],"wp:featuredmedia":[{"embeddable":true,"href":"https:\/\/www.gml.si\/hu\/wp-json\/wp\/v2\/media\/9692"}],"wp:attachment":[{"href":"https:\/\/www.gml.si\/hu\/wp-json\/wp\/v2\/media?parent=12556"}],"wp:term":[{"taxonomy":"category","embeddable":true,"href":"https:\/\/www.gml.si\/hu\/wp-json\/wp\/v2\/categories?post=12556"},{"taxonomy":"post_tag","embeddable":true,"href":"https:\/\/www.gml.si\/hu\/wp-json\/wp\/v2\/tags?post=12556"}],"curies":[{"name":"wp","href":"https:\/\/api.w.org\/{rel}","templated":true}]}}