{"id":12559,"date":"2014-08-21T13:27:35","date_gmt":"2014-08-21T11:27:35","guid":{"rendered":"https:\/\/www.gml.si\/megkezdodott-a-42-nemzetkozi-muvesztelep-lendva-2014-bronzontes\/"},"modified":"2014-08-21T13:27:35","modified_gmt":"2014-08-21T11:27:35","slug":"megkezdodott-a-42-nemzetkozi-muvesztelep-lendva-2014-bronzontes","status":"publish","type":"post","link":"https:\/\/www.gml.si\/hu\/megkezdodott-a-42-nemzetkozi-muvesztelep-lendva-2014-bronzontes\/","title":{"rendered":"Megkezd\u0151d\u00f6tt a 42. Nemzetk\u00f6zi M\u0171v\u00e9sztelep Lendva, 2014 &#8211; Bronz\u00f6nt\u00e9s"},"content":{"rendered":"<p><a href=\"https:\/\/www.gml.si\/wp-content\/uploads\/2014\/08\/42MLK_plakat_100x60cm_splet.jpg\" data-lbwps-width=\"510\" data-lbwps-height=\"850\" data-lbwps-srcsmall=\"https:\/\/www.gml.si\/wp-content\/uploads\/2014\/08\/42MLK_plakat_100x60cm_splet-300x500.jpg\"><img loading=\"lazy\" decoding=\"async\" class=\"alignright wp-image-9694\" src=\"https:\/\/www.gml.si\/wp-content\/uploads\/2014\/08\/42MLK_plakat_100x60cm_splet.jpg\" alt=\"42MLK_plakat_100x60cm_splet\" width=\"200\" height=\"333\" srcset=\"https:\/\/www.gml.si\/wp-content\/uploads\/2014\/08\/42MLK_plakat_100x60cm_splet.jpg 510w, https:\/\/www.gml.si\/wp-content\/uploads\/2014\/08\/42MLK_plakat_100x60cm_splet-300x500.jpg 300w, https:\/\/www.gml.si\/wp-content\/uploads\/2014\/08\/42MLK_plakat_100x60cm_splet-30x50.jpg 30w\" sizes=\"auto, (max-width: 200px) 100vw, 200px\" \/><\/a>A lendvai v\u00e1rban megkezd\u0151d\u00f6tt a\u00a0<strong>42. Nemzetk\u00f6zi M\u0171v\u00e9sztelep Lendva, 2014 &#8211; Bronz\u00f6nt\u00e9s<\/strong> (2014. augusztus 19. \u2013 szeptember 5.).<\/p>\n<p>R\u00e9sztvev\u0151k:<\/p>\n<p>1.\u00a0\u00a0 \u00a0Bo\u0161tjan Drinovec (Szlov\u00e9nia)<br \/>2.\u00a0\u00a0 \u00a0Metod Frlic (Szlov\u00e9nia)<br \/>3.\u00a0\u00a0 \u00a0Kir\u00e1ly Ferenc (Szlov\u00e9nia)<br \/>4.\u00a0\u00a0 \u00a0Lipovics J\u00e1nos (Magyarorsz\u00e1g)<br \/>5.\u00a0\u00a0 \u00a0Peru\u0161ko Bogdani\u0107 (Horv\u00e1torsz\u00e1g)<br \/>6.\u00a0\u00a0 \u00a0Matja\u017e Po\u010divav\u0161ek (Szlov\u00e9nia)<br \/>7.\u00a0\u00a0 \u00a0Mitja Stanek (Szlov\u00e9nia)<\/p>\n","protected":false},"excerpt":{"rendered":"<p>A lendvai v\u00e1rban megkezd\u0151d\u00f6tt a 42. Nemzetk\u00f6zi M\u0171v\u00e9sztelep Lendva, 2014 &#8211; Bronz\u00f6nt\u00e9s (2014. augusztus 19. \u2013 szeptember 5.). <a href=\"https:\/\/www.gml.si\/hu\/megkezdodott-a-42-nemzetkozi-muvesztelep-lendva-2014-bronzontes\/\"><\/p>\n<p>B\u0151vebben <span class=\"meta-nav\">\u2192<\/span><\/a><\/p>\n","protected":false},"author":5,"featured_media":9694,"comment_status":"closed","ping_status":"closed","sticky":false,"template":"","format":"standard","meta":{"inline_featured_image":false,"footnotes":""},"categories":[58],"tags":[],"class_list":["post-12559","post","type-post","status-publish","format-standard","has-post-thumbnail","hentry","category-hirek"],"_links":{"self":[{"href":"https:\/\/www.gml.si\/hu\/wp-json\/wp\/v2\/posts\/12559","targetHints":{"allow":["GET"]}}],"collection":[{"href":"https:\/\/www.gml.si\/hu\/wp-json\/wp\/v2\/posts"}],"about":[{"href":"https:\/\/www.gml.si\/hu\/wp-json\/wp\/v2\/types\/post"}],"author":[{"embeddable":true,"href":"https:\/\/www.gml.si\/hu\/wp-json\/wp\/v2\/users\/5"}],"replies":[{"embeddable":true,"href":"https:\/\/www.gml.si\/hu\/wp-json\/wp\/v2\/comments?post=12559"}],"version-history":[{"count":0,"href":"https:\/\/www.gml.si\/hu\/wp-json\/wp\/v2\/posts\/12559\/revisions"}],"wp:featuredmedia":[{"embeddable":true,"href":"https:\/\/www.gml.si\/hu\/wp-json\/wp\/v2\/media\/9694"}],"wp:attachment":[{"href":"https:\/\/www.gml.si\/hu\/wp-json\/wp\/v2\/media?parent=12559"}],"wp:term":[{"taxonomy":"category","embeddable":true,"href":"https:\/\/www.gml.si\/hu\/wp-json\/wp\/v2\/categories?post=12559"},{"taxonomy":"post_tag","embeddable":true,"href":"https:\/\/www.gml.si\/hu\/wp-json\/wp\/v2\/tags?post=12559"}],"curies":[{"name":"wp","href":"https:\/\/api.w.org\/{rel}","templated":true}]}}