{"id":12565,"date":"2014-09-10T09:55:59","date_gmt":"2014-09-10T07:55:59","guid":{"rendered":"https:\/\/www.gml.si\/az-europai-zsido-kultura-napja-2014\/"},"modified":"2014-09-10T09:55:59","modified_gmt":"2014-09-10T07:55:59","slug":"az-europai-zsido-kultura-napja-2014","status":"publish","type":"post","link":"https:\/\/www.gml.si\/hu\/az-europai-zsido-kultura-napja-2014\/","title":{"rendered":"AZ EUR\u00d3PAI ZSID\u00d3 KULT\u00daRA NAPJA 2014"},"content":{"rendered":"<p><a href=\"https:\/\/www.gml.si\/wp-content\/uploads\/2014\/09\/vabilo_EDJK_2014_A5_20140908-1.jpg\" data-lbwps-width=\"564\" data-lbwps-height=\"800\" data-lbwps-srcsmall=\"https:\/\/www.gml.si\/wp-content\/uploads\/2014\/09\/vabilo_EDJK_2014_A5_20140908-1-352x500.jpg\"><img loading=\"lazy\" decoding=\"async\" class=\"alignleft wp-image-9700\" src=\"https:\/\/www.gml.si\/wp-content\/uploads\/2014\/09\/vabilo_EDJK_2014_A5_20140908-1.jpg\" alt=\"vabilo_EDJK_2014_A5_20140908-1\" width=\"200\" height=\"284\" srcset=\"https:\/\/www.gml.si\/wp-content\/uploads\/2014\/09\/vabilo_EDJK_2014_A5_20140908-1.jpg 564w, https:\/\/www.gml.si\/wp-content\/uploads\/2014\/09\/vabilo_EDJK_2014_A5_20140908-1-352x500.jpg 352w, https:\/\/www.gml.si\/wp-content\/uploads\/2014\/09\/vabilo_EDJK_2014_A5_20140908-1-35x50.jpg 35w\" sizes=\"auto, (max-width: 200px) 100vw, 200px\" \/><\/a>EUR\u00d3PAI ZSID\u00d3 KULT\u00daRA NAPJA 2014<br \/> <strong>A N\u0150K SZEREPE A JUDAIZMUSBAN<br \/> <em>LENDVAI ZSINAG\u00d3GA \u2013 <br \/> SZLOV\u00c9N HOLOKAUSZT M\u00daZEUM<\/em><\/strong><em><br \/> 9220 Lendva, Als\u00f3 utca 5<\/em><\/p>\n<p>Eur\u00f3pa sz\u00e1mos v\u00e1ros\u00e1ban szeptember 14-\u00e9n az Eur\u00f3pai Zsid\u00f3 Kult\u00fara Napj\u00e1t \u00fcnnepelj\u00fck. Id\u00e9n a k\u00f6z\u00e9ppontban a n\u0151k judaizmusban elfoglalt helye \u00e1ll, ennek megfelel\u0151en alak\u00edtottuk ki a lendvai programokat is.<\/p>\n<p>\u00cdgy szeretettel v\u00e1rjuk:<br \/> <strong>2014. szeptember 12-\u00e9n, p\u00e9nteken 18 \u00f3rakor <\/strong>Polona Vetrih \u201eEngedj\u00e9tek meg, hogy magamra figyeljek\u201d c. sz\u00f3l\u00f3estj\u00e9re,<\/p>\n<p>amelyet <strong>18.30-kor<\/strong> Bojan Zadravec \u201eEgy asztaln\u00e1l a muravid\u00e9ki zsid\u00f3kkal \u2013 szak\u00e1csk\u00f6nyv a szent\u00edr\u00e1s alapj\u00e1n\u201d c. k\u00f6nyv\u00e9nek bemutat\u00f3ja \u00e9s besz\u00e9lget\u00e9s a szerz\u0151vel.<\/p>\n<hr \/>\n<h4>Az Eur\u00f3pai Zsid\u00f3 Kult\u00fara Napj\u00e1n, 2014. szeptember 14-\u00e9n, vas\u00e1rnap, a Lendvai Zsinag\u00f3ga 9 \u00e9s 12, valamint 14 \u00e9s 17 \u00f3ra k\u00f6z\u00f6tt <strong><strong>d\u00edjmentesen l\u00e1togathat\u00f3.<\/strong><\/strong><\/h4>\n<hr \/>\n<p><strong><strong>Inf\u00f3:<br \/><a href=\"http:\/\/www.jewisheritage.org\">www.jewisheritage.org<\/a><\/strong><\/strong><\/p>\n","protected":false},"excerpt":{"rendered":"<p>Eur\u00f3pa sz\u00e1mos v\u00e1ros\u00e1ban szeptember 14-\u00e9n az Eur\u00f3pai Zsid\u00f3 Kult\u00fara Napj\u00e1t \u00fcnnepelj\u00fck. Id\u00e9n a k\u00f6z\u00e9ppontban a n\u0151k judaizmusban elfoglalt helye \u00e1ll, ennek megfelel\u0151en alak\u00edtottuk ki a lendvai programokat is. <a href=\"https:\/\/www.gml.si\/hu\/az-europai-zsido-kultura-napja-2014\/\"><\/p>\n<p>B\u0151vebben <span class=\"meta-nav\">\u2192<\/span><\/a><\/p>\n","protected":false},"author":5,"featured_media":9700,"comment_status":"closed","ping_status":"closed","sticky":false,"template":"","format":"standard","meta":{"inline_featured_image":false,"footnotes":""},"categories":[58],"tags":[],"class_list":["post-12565","post","type-post","status-publish","format-standard","has-post-thumbnail","hentry","category-hirek"],"_links":{"self":[{"href":"https:\/\/www.gml.si\/hu\/wp-json\/wp\/v2\/posts\/12565","targetHints":{"allow":["GET"]}}],"collection":[{"href":"https:\/\/www.gml.si\/hu\/wp-json\/wp\/v2\/posts"}],"about":[{"href":"https:\/\/www.gml.si\/hu\/wp-json\/wp\/v2\/types\/post"}],"author":[{"embeddable":true,"href":"https:\/\/www.gml.si\/hu\/wp-json\/wp\/v2\/users\/5"}],"replies":[{"embeddable":true,"href":"https:\/\/www.gml.si\/hu\/wp-json\/wp\/v2\/comments?post=12565"}],"version-history":[{"count":0,"href":"https:\/\/www.gml.si\/hu\/wp-json\/wp\/v2\/posts\/12565\/revisions"}],"wp:featuredmedia":[{"embeddable":true,"href":"https:\/\/www.gml.si\/hu\/wp-json\/wp\/v2\/media\/9700"}],"wp:attachment":[{"href":"https:\/\/www.gml.si\/hu\/wp-json\/wp\/v2\/media?parent=12565"}],"wp:term":[{"taxonomy":"category","embeddable":true,"href":"https:\/\/www.gml.si\/hu\/wp-json\/wp\/v2\/categories?post=12565"},{"taxonomy":"post_tag","embeddable":true,"href":"https:\/\/www.gml.si\/hu\/wp-json\/wp\/v2\/tags?post=12565"}],"curies":[{"name":"wp","href":"https:\/\/api.w.org\/{rel}","templated":true}]}}