{"id":12568,"date":"2014-09-24T09:16:50","date_gmt":"2014-09-24T07:16:50","guid":{"rendered":"https:\/\/www.gml.si\/szeptember-27-e-a-turizmus-vilagnapja\/"},"modified":"2014-09-24T09:16:50","modified_gmt":"2014-09-24T07:16:50","slug":"szeptember-27-e-a-turizmus-vilagnapja","status":"publish","type":"post","link":"https:\/\/www.gml.si\/hu\/szeptember-27-e-a-turizmus-vilagnapja\/","title":{"rendered":"Szeptember 27-e: A Turizmus Vil\u00e1gnapja"},"content":{"rendered":"<p><p><img loading=\"lazy\" decoding=\"async\" class=\"alignright wp-image-9702\" src=\"https:\/\/www.gml.si\/wp-content\/uploads\/2014\/09\/svet_dan_turizma_vabilo_splet.jpg\" alt=\"svet_dan_turizma_vabilo_splet\" width=\"250\" height=\"176\" srcset=\"https:\/\/www.gml.si\/wp-content\/uploads\/2014\/09\/svet_dan_turizma_vabilo_splet.jpg 1135w, https:\/\/www.gml.si\/wp-content\/uploads\/2014\/09\/svet_dan_turizma_vabilo_splet-500x352.jpg 500w, https:\/\/www.gml.si\/wp-content\/uploads\/2014\/09\/svet_dan_turizma_vabilo_splet-1024x721.jpg 1024w, https:\/\/www.gml.si\/wp-content\/uploads\/2014\/09\/svet_dan_turizma_vabilo_splet-50x35.jpg 50w\" sizes=\"auto, (max-width: 250px) 100vw, 250px\" \/>A Turizmus Vil\u00e1gnapja alkalm\u00e1b\u00f3l szeretettel megh\u00edvunk minden \u00e9rdekl\u0151d\u0151t Lendva kult\u00fart\u00f6rt\u00e9neti nevezetess\u00e9geinek d\u00edjmentes megtekint\u00e9s\u00e9re <strong>2014. szeptember 27-\u00e9n, szombaton 10.00 \u00e9s 17.00 \u00f3ra k\u00f6z\u00f6tt.<\/strong><\/p>\n<p>Ez alkalomb\u00f3l megtekinthet\u0151 a Sz\u00ednh\u00e1z\u00e9s Hangversenyterem, a Lendvai Zsinag\u00f3ga \u2013 Szlov\u00e9n Holokauszt M\u00fazeum, a Gal\u00e9ria \u00e9s M\u00fazeum a lendvai v\u00e1rban, valamint a Lendva polg\u00e1rosod\u00e1s\u00e1t, erny\u0151gy\u00e1rt\u00e1s\u00e1t \u00e9s nyomd\u00e1szat\u00e1t bemutat\u00f3 m\u00fazeum.<\/p><\/p>\n","protected":false},"excerpt":{"rendered":"<p>A Turizmus Vil\u00e1gnapja alkalm\u00e1b\u00f3l szeretettel megh\u00edvunk minden \u00e9rdekl\u0151d\u0151t Lendva kult\u00fart\u00f6rt\u00e9neti nevezetess\u00e9geinek d\u00edjmentes megtekint\u00e9s\u00e9re 2014. szeptember 27-\u00e9n, szombaton 10.00 \u00e9s 17.00 \u00f3ra k\u00f6z\u00f6tt. <a href=\"https:\/\/www.gml.si\/hu\/szeptember-27-e-a-turizmus-vilagnapja\/\"><\/p>\n<p>B\u0151vebben <span class=\"meta-nav\">\u2192<\/span><\/a><\/p>\n","protected":false},"author":5,"featured_media":9702,"comment_status":"closed","ping_status":"closed","sticky":false,"template":"","format":"standard","meta":{"inline_featured_image":false,"footnotes":""},"categories":[58],"tags":[],"class_list":["post-12568","post","type-post","status-publish","format-standard","has-post-thumbnail","hentry","category-hirek"],"_links":{"self":[{"href":"https:\/\/www.gml.si\/hu\/wp-json\/wp\/v2\/posts\/12568","targetHints":{"allow":["GET"]}}],"collection":[{"href":"https:\/\/www.gml.si\/hu\/wp-json\/wp\/v2\/posts"}],"about":[{"href":"https:\/\/www.gml.si\/hu\/wp-json\/wp\/v2\/types\/post"}],"author":[{"embeddable":true,"href":"https:\/\/www.gml.si\/hu\/wp-json\/wp\/v2\/users\/5"}],"replies":[{"embeddable":true,"href":"https:\/\/www.gml.si\/hu\/wp-json\/wp\/v2\/comments?post=12568"}],"version-history":[{"count":0,"href":"https:\/\/www.gml.si\/hu\/wp-json\/wp\/v2\/posts\/12568\/revisions"}],"wp:featuredmedia":[{"embeddable":true,"href":"https:\/\/www.gml.si\/hu\/wp-json\/wp\/v2\/media\/9702"}],"wp:attachment":[{"href":"https:\/\/www.gml.si\/hu\/wp-json\/wp\/v2\/media?parent=12568"}],"wp:term":[{"taxonomy":"category","embeddable":true,"href":"https:\/\/www.gml.si\/hu\/wp-json\/wp\/v2\/categories?post=12568"},{"taxonomy":"post_tag","embeddable":true,"href":"https:\/\/www.gml.si\/hu\/wp-json\/wp\/v2\/tags?post=12568"}],"curies":[{"name":"wp","href":"https:\/\/api.w.org\/{rel}","templated":true}]}}