{"id":12592,"date":"2015-01-13T23:36:36","date_gmt":"2015-01-13T22:36:36","guid":{"rendered":"https:\/\/www.gml.si\/kiallitas-kelet-kozep-europa-zsinagogai-1782-es-1944-kozott\/"},"modified":"2015-01-13T23:36:36","modified_gmt":"2015-01-13T22:36:36","slug":"kiallitas-kelet-kozep-europa-zsinagogai-1782-es-1944-kozott","status":"publish","type":"post","link":"https:\/\/www.gml.si\/hu\/kiallitas-kelet-kozep-europa-zsinagogai-1782-es-1944-kozott\/","title":{"rendered":"KI\u00c1LL\u00cdT\u00c1S: Kelet-K\u00f6z\u00e9p-Eur\u00f3pa zsinag\u00f3g\u00e1i 1782 \u00e9s 1944 k\u00f6z\u00f6tt"},"content":{"rendered":"<p>M e g h \u00ed v \u00f3<\/p>\n<p>Tisztelettel megh\u00edvjuk a <strong><em>Kelet-K\u00f6z\u00e9p-Eur\u00f3pa zsinag\u00f3g\u00e1i 1782-1944<\/em><\/strong> c\u00edm\u0171 ki\u00e1ll\u00edt\u00e1sra, amit a holokauszt \u00e1ldozatainak nemzetk\u00f6zi eml\u00e9knapja alkalm\u00e1b\u00f3l<br \/> nyitunk meg.<\/p>\n<p>A ki\u00e1ll\u00edt\u00e1s anyag\u00e1t a Magyar K\u00f6zt\u00e1rsas\u00e1g Szlov\u00e9niai Nagyk\u00f6vets\u00e9ge k\u00f6zvet\u00edti, \u00e9s <em>M\u00e1rky Zolt\u00e1n<\/em>, lendvai konzul nyitja meg.<\/p>\n<p>Az egybegy\u0171ltekhez <em>L\u00e1z\u00e1r Be\u00e1ta<\/em>, a lendvai zsid\u00f3s\u00e1gr\u00f3l sz\u00f3l\u00f3 k\u00f6nyv t\u00e1rsszerz\u0151je is sz\u00f3l.<\/p>\n<p>A ki\u00e1ll\u00edt\u00e1s megnyit\u00f3ja <strong>2015. jan. 16-\u00e1n, p\u00e9nteken, 17 \u00f3rakor<\/strong> lesz a lendvai zsinag\u00f3g\u00e1ban.<\/p>\n<hr \/>\n<h2>A MEGH\u00cdV\u00d3 L\u00c1TK\u00c9PE:<\/h2>\n<p><a href=\"http:\/\/www.gml.si\/wp-content\/uploads\/2015\/01\/vabilo_SOAH_2015_A5_20150112-1_800.jpg\" data-lbwps-width=\"564\" data-lbwps-height=\"800\" data-lbwps-srcsmall=\"https:\/\/www.gml.si\/wp-content\/uploads\/2015\/01\/vabilo_SOAH_2015_A5_20150112-1_800-353x500.jpg\"><img loading=\"lazy\" decoding=\"async\" class=\"aligncenter size-full wp-image-9920\" src=\"http:\/\/www.gml.si\/wp-content\/uploads\/2015\/01\/vabilo_SOAH_2015_A5_20150112-1_800.jpg\" alt=\"vabilo_SOAH_2015_A5_20150112-1_800\" width=\"564\" height=\"800\" srcset=\"https:\/\/www.gml.si\/wp-content\/uploads\/2015\/01\/vabilo_SOAH_2015_A5_20150112-1_800.jpg 564w, https:\/\/www.gml.si\/wp-content\/uploads\/2015\/01\/vabilo_SOAH_2015_A5_20150112-1_800-353x500.jpg 353w, https:\/\/www.gml.si\/wp-content\/uploads\/2015\/01\/vabilo_SOAH_2015_A5_20150112-1_800-35x50.jpg 35w\" sizes=\"auto, (max-width: 564px) 100vw, 564px\" \/><\/a><a href=\"http:\/\/www.gml.si\/wp-content\/uploads\/2015\/01\/vabilo_SOAH_2015_A5_20150112-2_800.jpg\" data-lbwps-width=\"564\" data-lbwps-height=\"800\" data-lbwps-srcsmall=\"https:\/\/www.gml.si\/wp-content\/uploads\/2015\/01\/vabilo_SOAH_2015_A5_20150112-2_800-353x500.jpg\"><img loading=\"lazy\" decoding=\"async\" class=\"aligncenter size-full wp-image-9922\" src=\"http:\/\/www.gml.si\/wp-content\/uploads\/2015\/01\/vabilo_SOAH_2015_A5_20150112-2_800.jpg\" alt=\"vabilo_SOAH_2015_A5_20150112-2_800\" width=\"564\" height=\"800\" srcset=\"https:\/\/www.gml.si\/wp-content\/uploads\/2015\/01\/vabilo_SOAH_2015_A5_20150112-2_800.jpg 564w, https:\/\/www.gml.si\/wp-content\/uploads\/2015\/01\/vabilo_SOAH_2015_A5_20150112-2_800-353x500.jpg 353w, https:\/\/www.gml.si\/wp-content\/uploads\/2015\/01\/vabilo_SOAH_2015_A5_20150112-2_800-35x50.jpg 35w\" sizes=\"auto, (max-width: 564px) 100vw, 564px\" \/><\/a><\/p>\n<p>&nbsp;<\/p>\n<p>&nbsp;<\/p>\n","protected":false},"excerpt":{"rendered":"<p>A ki\u00e1ll\u00edt\u00e1s megnyit\u00f3ja 2015. jan. 16-\u00e1n, p\u00e9nteken, 17 \u00f3rakor lesz a lendvai zsinag\u00f3g\u00e1ban. <a href=\"https:\/\/www.gml.si\/hu\/kiallitas-kelet-kozep-europa-zsinagogai-1782-es-1944-kozott\/\"><\/p>\n<p>B\u0151vebben <span class=\"meta-nav\">\u2192<\/span><\/a><\/p>\n","protected":false},"author":5,"featured_media":9920,"comment_status":"closed","ping_status":"closed","sticky":false,"template":"","format":"standard","meta":{"inline_featured_image":false,"footnotes":""},"categories":[58],"tags":[],"class_list":["post-12592","post","type-post","status-publish","format-standard","has-post-thumbnail","hentry","category-hirek"],"_links":{"self":[{"href":"https:\/\/www.gml.si\/hu\/wp-json\/wp\/v2\/posts\/12592","targetHints":{"allow":["GET"]}}],"collection":[{"href":"https:\/\/www.gml.si\/hu\/wp-json\/wp\/v2\/posts"}],"about":[{"href":"https:\/\/www.gml.si\/hu\/wp-json\/wp\/v2\/types\/post"}],"author":[{"embeddable":true,"href":"https:\/\/www.gml.si\/hu\/wp-json\/wp\/v2\/users\/5"}],"replies":[{"embeddable":true,"href":"https:\/\/www.gml.si\/hu\/wp-json\/wp\/v2\/comments?post=12592"}],"version-history":[{"count":0,"href":"https:\/\/www.gml.si\/hu\/wp-json\/wp\/v2\/posts\/12592\/revisions"}],"wp:featuredmedia":[{"embeddable":true,"href":"https:\/\/www.gml.si\/hu\/wp-json\/wp\/v2\/media\/9920"}],"wp:attachment":[{"href":"https:\/\/www.gml.si\/hu\/wp-json\/wp\/v2\/media?parent=12592"}],"wp:term":[{"taxonomy":"category","embeddable":true,"href":"https:\/\/www.gml.si\/hu\/wp-json\/wp\/v2\/categories?post=12592"},{"taxonomy":"post_tag","embeddable":true,"href":"https:\/\/www.gml.si\/hu\/wp-json\/wp\/v2\/tags?post=12592"}],"curies":[{"name":"wp","href":"https:\/\/api.w.org\/{rel}","templated":true}]}}