{"id":12614,"date":"2015-05-14T18:09:11","date_gmt":"2015-05-14T16:09:11","guid":{"rendered":"https:\/\/www.gml.si\/muzeumi-vilagnap-lendvan-2015-majus-18\/"},"modified":"2015-05-14T18:09:11","modified_gmt":"2015-05-14T16:09:11","slug":"muzeumi-vilagnap-lendvan-2015-majus-18","status":"publish","type":"post","link":"https:\/\/www.gml.si\/hu\/muzeumi-vilagnap-lendvan-2015-majus-18\/","title":{"rendered":"M\u00fazeumi Vil\u00e1gnap Lendv\u00e1n (2015. m\u00e1jus 18.)"},"content":{"rendered":"<p><p><a href=\"https:\/\/www.gml.si\/wp-content\/uploads\/2015\/05\/Vabilo-letak_HUN_web_1000px.jpg\" data-lbwps-width=\"707\" data-lbwps-height=\"1000\" data-lbwps-srcsmall=\"https:\/\/www.gml.si\/wp-content\/uploads\/2015\/05\/Vabilo-letak_HUN_web_1000px-354x500.jpg\"><img loading=\"lazy\" decoding=\"async\" class=\"alignleft wp-image-10154\" src=\"https:\/\/www.gml.si\/wp-content\/uploads\/2015\/05\/Vabilo-letak_HUN_web_1000px.jpg\" alt=\"Vabilo-letak_HUN_web_1000px\" width=\"250\" height=\"354\" srcset=\"https:\/\/www.gml.si\/wp-content\/uploads\/2015\/05\/Vabilo-letak_HUN_web_1000px.jpg 707w, https:\/\/www.gml.si\/wp-content\/uploads\/2015\/05\/Vabilo-letak_HUN_web_1000px-354x500.jpg 354w, https:\/\/www.gml.si\/wp-content\/uploads\/2015\/05\/Vabilo-letak_HUN_web_1000px-35x50.jpg 35w\" sizes=\"auto, (max-width: 250px) 100vw, 250px\" \/><\/a>Tisztelettel megh\u00edvjuk a M\u00fazeumi Vil\u00e1gnap alkalm\u00e1b\u00f3l szervezett rendezv\u00e9nyeinkre:<\/p>\n<p><strong>16.00 \u00f3rakor<\/strong><br \/> <em>Zsinag\u00f3ga<\/em><\/p>\n<p>El\u0151ad\u00e1s:<br \/> <strong>Az \u00e9let Izraelben<\/strong><\/p>\n<p>Vladimir Vajda \u00e9lm\u00e9nybesz\u00e1mol\u00f3ja izraeli tapasztalatair\u00f3l<\/p>\n<hr \/>\n<p><strong>18.00 \u00f3rakor<\/strong><em><br \/> A lendvai v\u00e1r gal\u00e9riahelyis\u00e9ge<\/em><\/p>\n<p>K\u00f6nyvbemutat\u00f3:<br \/> <strong>Lyndvamuseum 8 &#8211; Nevezetes lendvaiak I.<\/strong><\/p>\n<p>A kiadv\u00e1nyt dr. Lendvai Kepe Zolt\u00e1n f\u0151m\u00fazeol\u00f3gus mutatja be<\/p>\n<hr \/>\n<p>Szakmai t\u00e1rlatvezet\u00e9s:<br \/> <strong>Hommage \u00e0 Picasso<\/strong><br \/> A szakmai t\u00e1rlatvezet\u00e9st mag. Breda \u0160krjanec m\u0171v\u00e9szett\u00f6rt\u00e9n\u00e9sz tartja meg<\/p>\n<hr \/>\n<p><strong>20.00 \u00f3rakor<\/strong><br \/> <em>Zsinag\u00f3ga<\/em><\/p>\n<p>A lendvai zeneiskola v\u00e9gz\u0151s \u00e9s egykori tanul\u00f3inak hangversenye<\/p>\n<hr \/>\n<p><strong>Nyitvatart\u00e1si id\u0151pontok a M\u00fazeumi Vil\u00e1gnapon:<\/strong><br \/> <em>Lendvai v\u00e1r:<\/em> 8.00 \u2013 20.00<br \/> <em>Lendva polg\u00e1rosod\u00e1sa, nyomd\u00e1szata \u00e9s ernyogy\u00e1rt\u00e1sa:<\/em> 10.00 \u2013 16.00<br \/> <em>Zsinag\u00f3ga:<\/em> 10.00 \u2013 21.00<\/p>\n<p>Szervez\u0151: Galerija-Muzej Lendava\/Gal\u00e9ria-M\u00fazeum Lendva<\/p><\/p>\n","protected":false},"excerpt":{"rendered":"<p>Tisztelettel megh\u00edvjuk \u00d6n\u00f6ket a M\u00fazeumi Vil\u00e1gnap alkalm\u00e1b\u00f3l szervezett rendezv\u00e9nyeinkre a lendvai v\u00e1rba \u00e9s a zsinag\u00f3g\u00e1ba. <a href=\"https:\/\/www.gml.si\/hu\/muzeumi-vilagnap-lendvan-2015-majus-18\/\"><\/p>\n<p>B\u0151vebben <span class=\"meta-nav\">\u2192<\/span><\/a><\/p>\n","protected":false},"author":5,"featured_media":10156,"comment_status":"closed","ping_status":"closed","sticky":false,"template":"","format":"standard","meta":{"inline_featured_image":false,"footnotes":""},"categories":[58],"tags":[],"class_list":["post-12614","post","type-post","status-publish","format-standard","has-post-thumbnail","hentry","category-hirek"],"_links":{"self":[{"href":"https:\/\/www.gml.si\/hu\/wp-json\/wp\/v2\/posts\/12614","targetHints":{"allow":["GET"]}}],"collection":[{"href":"https:\/\/www.gml.si\/hu\/wp-json\/wp\/v2\/posts"}],"about":[{"href":"https:\/\/www.gml.si\/hu\/wp-json\/wp\/v2\/types\/post"}],"author":[{"embeddable":true,"href":"https:\/\/www.gml.si\/hu\/wp-json\/wp\/v2\/users\/5"}],"replies":[{"embeddable":true,"href":"https:\/\/www.gml.si\/hu\/wp-json\/wp\/v2\/comments?post=12614"}],"version-history":[{"count":0,"href":"https:\/\/www.gml.si\/hu\/wp-json\/wp\/v2\/posts\/12614\/revisions"}],"wp:featuredmedia":[{"embeddable":true,"href":"https:\/\/www.gml.si\/hu\/wp-json\/wp\/v2\/media\/10156"}],"wp:attachment":[{"href":"https:\/\/www.gml.si\/hu\/wp-json\/wp\/v2\/media?parent=12614"}],"wp:term":[{"taxonomy":"category","embeddable":true,"href":"https:\/\/www.gml.si\/hu\/wp-json\/wp\/v2\/categories?post=12614"},{"taxonomy":"post_tag","embeddable":true,"href":"https:\/\/www.gml.si\/hu\/wp-json\/wp\/v2\/tags?post=12614"}],"curies":[{"name":"wp","href":"https:\/\/api.w.org\/{rel}","templated":true}]}}