{"id":12617,"date":"2015-05-15T17:35:43","date_gmt":"2015-05-15T15:35:43","guid":{"rendered":"https:\/\/www.gml.si\/emlekest-az-alsolendvai-zsidosag-elhurcolasanak-71-evforduloja-es-a-muravideki-holokauszt-aldozatai\/"},"modified":"2015-05-15T17:35:43","modified_gmt":"2015-05-15T15:35:43","slug":"emlekest-az-alsolendvai-zsidosag-elhurcolasanak-71-evforduloja-es-a-muravideki-holokauszt-aldozatai","status":"publish","type":"post","link":"https:\/\/www.gml.si\/hu\/emlekest-az-alsolendvai-zsidosag-elhurcolasanak-71-evforduloja-es-a-muravideki-holokauszt-aldozatai\/","title":{"rendered":"Eml\u00e9kest: Az als\u00f3lendvai zsid\u00f3s\u00e1g elhurcol\u00e1s\u00e1nak 71. \u00e9vfordul\u00f3ja \u00e9s a muravid\u00e9ki holokauszt \u00e1ldozatai"},"content":{"rendered":"<p><strong><a href=\"https:\/\/www.gml.si\/wp-content\/uploads\/2015\/05\/71let_deportacije_vabilo-meghivo.jpg\" data-lbwps-width=\"1150\" data-lbwps-height=\"810\" data-lbwps-srcsmall=\"https:\/\/www.gml.si\/wp-content\/uploads\/2015\/05\/71let_deportacije_vabilo-meghivo-500x352.jpg\"><img loading=\"lazy\" decoding=\"async\" class=\" wp-image-10158 alignleft\" src=\"https:\/\/www.gml.si\/wp-content\/uploads\/2015\/05\/71let_deportacije_vabilo-meghivo.jpg\" alt=\"71let_deportacije_vabilo-meghivo\" width=\"620\" height=\"437\" srcset=\"https:\/\/www.gml.si\/wp-content\/uploads\/2015\/05\/71let_deportacije_vabilo-meghivo.jpg 1150w, https:\/\/www.gml.si\/wp-content\/uploads\/2015\/05\/71let_deportacije_vabilo-meghivo-500x352.jpg 500w, https:\/\/www.gml.si\/wp-content\/uploads\/2015\/05\/71let_deportacije_vabilo-meghivo-1024x721.jpg 1024w, https:\/\/www.gml.si\/wp-content\/uploads\/2015\/05\/71let_deportacije_vabilo-meghivo-50x35.jpg 50w\" sizes=\"auto, (max-width: 620px) 100vw, 620px\" \/><\/a><\/strong><\/p>\n<p><strong>Megh\u00edv\u00f3<\/strong><\/p>\n<p>Tisztelettel megh\u00edvjuk \u00d6nt az<br \/><em>\u2026amikor az ember kevesebbet \u00e9rt <\/em><em>a legkisebb porszemn\u00e9l\u2026<\/em><\/p>\n<p>c\u00edm\u0171 irodalmi-zen\u00e9s estre, amelyen az als\u00f3lendvai zsid\u00f3s\u00e1g elhurcol\u00e1s\u00e1nak<br \/>71. \u00e9vfordul\u00f3j\u00e1ra \u00e9s a muravid\u00e9ki holokauszt \u00e1ldozataira eml\u00e9kez\u00fcnk.<\/p>\n<p>Az eml\u00e9kest <strong>cs\u00fct\u00f6rt\u00f6k\u00f6n, 2015. m\u00e1jus 21-\u00e9n, 19.30-kor<\/strong> lesz a Lendvai Zsinag\u00f3g\u00e1ban.<\/p>\n<p>Megeml\u00e9kez\u0151 besz\u00e9det mondanak <em><strong>mag. Anton Bala\u017eek<\/strong><\/em>, Lendva K\u00f6zs\u00e9g polg\u00e1rmestere, <em><strong>Szil\u00e1gyin\u00e9 B\u00e1torfi Edit<\/strong><\/em>, nagyk\u00f6vet asszony \u00e9s <em><strong>Szalay-Bobrovniczky Vince<\/strong><\/em>, a Minisztereln\u00f6ks\u00e9g helyettes \u00e1llamtitk\u00e1ra, a magyar IHRA deleg\u00e1ci\u00f3 vezet\u0151je.<\/p>\n<p><em>A megeml\u00e9kez\u00e9sre Magyarorsz\u00e1g IHRA eln\u00f6ks\u00e9ge keret\u00e9ben ker\u00fcl sor.<\/em><\/p>\n","protected":false},"excerpt":{"rendered":"<p>Az eml\u00e9kest cs\u00fct\u00f6rt\u00f6k\u00f6n, 2015. m\u00e1jus 21-\u00e9n, 19.30-kor lesz a Lendvai Zsinag\u00f3g\u00e1ban. <a href=\"https:\/\/www.gml.si\/hu\/emlekest-az-alsolendvai-zsidosag-elhurcolasanak-71-evforduloja-es-a-muravideki-holokauszt-aldozatai\/\"><\/p>\n<p>B\u0151vebben <span class=\"meta-nav\">\u2192<\/span><\/a><\/p>\n","protected":false},"author":5,"featured_media":10158,"comment_status":"closed","ping_status":"closed","sticky":false,"template":"","format":"standard","meta":{"inline_featured_image":false,"footnotes":""},"categories":[58],"tags":[],"class_list":["post-12617","post","type-post","status-publish","format-standard","has-post-thumbnail","hentry","category-hirek"],"_links":{"self":[{"href":"https:\/\/www.gml.si\/hu\/wp-json\/wp\/v2\/posts\/12617","targetHints":{"allow":["GET"]}}],"collection":[{"href":"https:\/\/www.gml.si\/hu\/wp-json\/wp\/v2\/posts"}],"about":[{"href":"https:\/\/www.gml.si\/hu\/wp-json\/wp\/v2\/types\/post"}],"author":[{"embeddable":true,"href":"https:\/\/www.gml.si\/hu\/wp-json\/wp\/v2\/users\/5"}],"replies":[{"embeddable":true,"href":"https:\/\/www.gml.si\/hu\/wp-json\/wp\/v2\/comments?post=12617"}],"version-history":[{"count":0,"href":"https:\/\/www.gml.si\/hu\/wp-json\/wp\/v2\/posts\/12617\/revisions"}],"wp:featuredmedia":[{"embeddable":true,"href":"https:\/\/www.gml.si\/hu\/wp-json\/wp\/v2\/media\/10158"}],"wp:attachment":[{"href":"https:\/\/www.gml.si\/hu\/wp-json\/wp\/v2\/media?parent=12617"}],"wp:term":[{"taxonomy":"category","embeddable":true,"href":"https:\/\/www.gml.si\/hu\/wp-json\/wp\/v2\/categories?post=12617"},{"taxonomy":"post_tag","embeddable":true,"href":"https:\/\/www.gml.si\/hu\/wp-json\/wp\/v2\/tags?post=12617"}],"curies":[{"name":"wp","href":"https:\/\/api.w.org\/{rel}","templated":true}]}}