{"id":12620,"date":"2015-06-16T14:14:38","date_gmt":"2015-06-16T12:14:38","guid":{"rendered":"https:\/\/www.gml.si\/muzeumok-nyari-ejszakaja-2015\/"},"modified":"2015-06-16T14:14:38","modified_gmt":"2015-06-16T12:14:38","slug":"muzeumok-nyari-ejszakaja-2015","status":"publish","type":"post","link":"https:\/\/www.gml.si\/hu\/muzeumok-nyari-ejszakaja-2015\/","title":{"rendered":"M\u00fazeumok Ny\u00e1ri \u00c9jszak\u00e1ja 2015"},"content":{"rendered":"<p><p><a href=\"https:\/\/www.gml.si\/wp-content\/uploads\/2015\/06\/Vabilo_poletna_muzejska_noc_2015_HUN_web.jpg\" data-lbwps-width=\"900\" data-lbwps-height=\"618\" data-lbwps-srcsmall=\"https:\/\/www.gml.si\/wp-content\/uploads\/2015\/06\/Vabilo_poletna_muzejska_noc_2015_HUN_web-500x343.jpg\"><img loading=\"lazy\" decoding=\"async\" class=\"alignleft wp-image-10202\" src=\"https:\/\/www.gml.si\/wp-content\/uploads\/2015\/06\/Vabilo_poletna_muzejska_noc_2015_HUN_web.jpg\" alt=\"Vabilo_poletna_muzejska_noc_2015_HUN_web\" width=\"620\" height=\"426\" srcset=\"https:\/\/www.gml.si\/wp-content\/uploads\/2015\/06\/Vabilo_poletna_muzejska_noc_2015_HUN_web.jpg 900w, https:\/\/www.gml.si\/wp-content\/uploads\/2015\/06\/Vabilo_poletna_muzejska_noc_2015_HUN_web-500x343.jpg 500w, https:\/\/www.gml.si\/wp-content\/uploads\/2015\/06\/Vabilo_poletna_muzejska_noc_2015_HUN_web-50x34.jpg 50w\" sizes=\"auto, (max-width: 620px) 100vw, 620px\" \/><\/a><\/p>\n<p>MEGH\u00cdV\u00d3<\/p>\n<p>A M\u00fazeumok Ny\u00e1ri \u00c9jszak\u00e1ja alkalm\u00e1b\u00f3l a Lendvai Gal\u00e9ria \u00e9s M\u00fazeum szeretettel megh\u00edvja \u00d6n\u00f6ket <strong>szombaton, 2015. j\u00fanius 20-\u00e1n, 18 \u00e9s 24 \u00f3ra<\/strong> k\u00f6z\u00f6tt a lendvai v\u00e1rba.<\/p>\n<h2><strong>PROGRAM<\/strong><\/h2>\n<p><strong>18.00:<\/strong> Szlov\u00e9n nyelv\u0171 szakmai t\u00e1rlatvezet\u00e9s Hommage \u00e1 Picasso c. ki\u00e1ll\u00edt\u00e1son. A t\u00e1rlatvezet\u00e9st dr. Janez Bala\u017eic, a Maribori Egyetem Pedag\u00f3giai Kar\u00e1nak el\u0151ad\u00f3ja, m\u00fazeumi tan\u00e1csos vezeti.<\/p>\n<p><strong>19.30:<\/strong> Flamenco-est Ana Pand\u00farral.<\/p>\n<p><strong>20.30:<\/strong> James Ivory: T\u00fal\u00e9lni Picass\u00f3t c\u00edm\u0171 film vet\u00edt\u00e9se.<\/p>\n<p><em>A bel\u00e9p\u00e9s ingyenes.<\/em><\/p>\n<p>A v\u00e1rudvaron \u00edzel\u00edt\u0151 a spanyol gasztron\u00f3mi\u00e1b\u00f3l (paella in sangria) Elk\u00e9sz\u00edti a Lovski dom vend\u00e9gl\u0151.<\/p>\n<p>&nbsp;<\/p><\/p>\n","protected":false},"excerpt":{"rendered":"<p>A M\u00fazeumok Ny\u00e1ri \u00c9jszak\u00e1ja alkalm\u00e1b\u00f3l a Lendvai Gal\u00e9ria \u00e9s M\u00fazeum szeretettel megh\u00edvja \u00d6n\u00f6ket szombaton, 2015. j\u00fanius 20-\u00e1n, 18 \u00e9s 24 \u00f3ra k\u00f6z\u00f6tt a lendvai v\u00e1rba. <a href=\"https:\/\/www.gml.si\/hu\/muzeumok-nyari-ejszakaja-2015\/\"><\/p>\n<p>B\u0151vebben <span class=\"meta-nav\">\u2192<\/span><\/a><\/p>\n","protected":false},"author":5,"featured_media":10206,"comment_status":"closed","ping_status":"closed","sticky":false,"template":"","format":"standard","meta":{"inline_featured_image":false,"footnotes":""},"categories":[58],"tags":[],"class_list":["post-12620","post","type-post","status-publish","format-standard","has-post-thumbnail","hentry","category-hirek"],"_links":{"self":[{"href":"https:\/\/www.gml.si\/hu\/wp-json\/wp\/v2\/posts\/12620","targetHints":{"allow":["GET"]}}],"collection":[{"href":"https:\/\/www.gml.si\/hu\/wp-json\/wp\/v2\/posts"}],"about":[{"href":"https:\/\/www.gml.si\/hu\/wp-json\/wp\/v2\/types\/post"}],"author":[{"embeddable":true,"href":"https:\/\/www.gml.si\/hu\/wp-json\/wp\/v2\/users\/5"}],"replies":[{"embeddable":true,"href":"https:\/\/www.gml.si\/hu\/wp-json\/wp\/v2\/comments?post=12620"}],"version-history":[{"count":0,"href":"https:\/\/www.gml.si\/hu\/wp-json\/wp\/v2\/posts\/12620\/revisions"}],"wp:featuredmedia":[{"embeddable":true,"href":"https:\/\/www.gml.si\/hu\/wp-json\/wp\/v2\/media\/10206"}],"wp:attachment":[{"href":"https:\/\/www.gml.si\/hu\/wp-json\/wp\/v2\/media?parent=12620"}],"wp:term":[{"taxonomy":"category","embeddable":true,"href":"https:\/\/www.gml.si\/hu\/wp-json\/wp\/v2\/categories?post=12620"},{"taxonomy":"post_tag","embeddable":true,"href":"https:\/\/www.gml.si\/hu\/wp-json\/wp\/v2\/tags?post=12620"}],"curies":[{"name":"wp","href":"https:\/\/api.w.org\/{rel}","templated":true}]}}