{"id":12634,"date":"2015-09-22T11:44:55","date_gmt":"2015-09-22T09:44:55","guid":{"rendered":"https:\/\/www.gml.si\/szeptember-27-e-a-turizmus-vilagnapja-2\/"},"modified":"2015-09-22T11:44:55","modified_gmt":"2015-09-22T09:44:55","slug":"szeptember-27-e-a-turizmus-vilagnapja-2","status":"publish","type":"post","link":"https:\/\/www.gml.si\/hu\/szeptember-27-e-a-turizmus-vilagnapja-2\/","title":{"rendered":"Szeptember 27-e: A Turizmus Vil\u00e1gnapja"},"content":{"rendered":"<p><a href=\"https:\/\/www.gml.si\/wp-content\/uploads\/2015\/09\/svet_dan_turizma_A5_2015-1_splet.jpg\" data-lbwps-width=\"1000\" data-lbwps-height=\"705\" data-lbwps-srcsmall=\"https:\/\/www.gml.si\/wp-content\/uploads\/2015\/09\/svet_dan_turizma_A5_2015-1_splet-500x353.jpg\"><img loading=\"lazy\" decoding=\"async\" class=\"alignright wp-image-10220\" src=\"https:\/\/www.gml.si\/wp-content\/uploads\/2015\/09\/svet_dan_turizma_A5_2015-1_splet.jpg\" alt=\"svet_dan_turizma_A5_2015-1_splet\" width=\"250\" height=\"176\" srcset=\"https:\/\/www.gml.si\/wp-content\/uploads\/2015\/09\/svet_dan_turizma_A5_2015-1_splet.jpg 1000w, https:\/\/www.gml.si\/wp-content\/uploads\/2015\/09\/svet_dan_turizma_A5_2015-1_splet-500x353.jpg 500w, https:\/\/www.gml.si\/wp-content\/uploads\/2015\/09\/svet_dan_turizma_A5_2015-1_splet-50x35.jpg 50w\" sizes=\"auto, (max-width: 250px) 100vw, 250px\" \/><\/a>A Turizmus Vil\u00e1gnapja alkalm\u00e1b\u00f3l szeretettel megh\u00edvunk minden \u00e9rdekl\u0151d\u0151t Lendva kult\u00fart\u00f6rt\u00e9neti nevezetess\u00e9geinek d\u00edjmentes megtekint\u00e9s\u00e9re <strong>2015. szeptember 27-\u00e9n, vas\u00e1rnap 10 \u00e9s 17 \u00f3ra k\u00f6z\u00f6tt.<\/strong><\/p>\n<p>Ez alkalomb\u00f3l megtekinthet\u0151 a Sz\u00ednh\u00e1z- \u00e9s Hangversenyterem, a Lendvai Zsinag\u00f3ga \u2013 Szlov\u00e9n Holokauszt M\u00fazeum, a Gal\u00e9ria \u00e9s M\u00fazeum a lendvai v\u00e1rban, valamint a Lendva polg\u00e1rosod\u00e1s\u00e1t, erny\u0151gy\u00e1rt\u00e1s\u00e1t \u00e9s nyomd\u00e1szat\u00e1t bemutat\u00f3 m\u00fazeum.<\/p>\n","protected":false},"excerpt":{"rendered":"<p>A Turizmus Vil\u00e1gnapja alkalm\u00e1b\u00f3l szeretettel megh\u00edvunk minden \u00e9rdekl\u0151d\u0151t Lendva kult\u00fart\u00f6rt\u00e9neti nevezetess\u00e9geinek d\u00edjmentes megtekint\u00e9s\u00e9re 2015. szeptember 27-\u00e9n, vas\u00e1rnap 10 \u00e9s 17 \u00f3ra k\u00f6z\u00f6tt. <a href=\"https:\/\/www.gml.si\/hu\/szeptember-27-e-a-turizmus-vilagnapja-2\/\"><\/p>\n<p>B\u0151vebben <span class=\"meta-nav\">\u2192<\/span><\/a><\/p>\n","protected":false},"author":5,"featured_media":10220,"comment_status":"closed","ping_status":"closed","sticky":false,"template":"","format":"standard","meta":{"inline_featured_image":false,"footnotes":""},"categories":[58],"tags":[],"class_list":["post-12634","post","type-post","status-publish","format-standard","has-post-thumbnail","hentry","category-hirek"],"_links":{"self":[{"href":"https:\/\/www.gml.si\/hu\/wp-json\/wp\/v2\/posts\/12634","targetHints":{"allow":["GET"]}}],"collection":[{"href":"https:\/\/www.gml.si\/hu\/wp-json\/wp\/v2\/posts"}],"about":[{"href":"https:\/\/www.gml.si\/hu\/wp-json\/wp\/v2\/types\/post"}],"author":[{"embeddable":true,"href":"https:\/\/www.gml.si\/hu\/wp-json\/wp\/v2\/users\/5"}],"replies":[{"embeddable":true,"href":"https:\/\/www.gml.si\/hu\/wp-json\/wp\/v2\/comments?post=12634"}],"version-history":[{"count":0,"href":"https:\/\/www.gml.si\/hu\/wp-json\/wp\/v2\/posts\/12634\/revisions"}],"wp:featuredmedia":[{"embeddable":true,"href":"https:\/\/www.gml.si\/hu\/wp-json\/wp\/v2\/media\/10220"}],"wp:attachment":[{"href":"https:\/\/www.gml.si\/hu\/wp-json\/wp\/v2\/media?parent=12634"}],"wp:term":[{"taxonomy":"category","embeddable":true,"href":"https:\/\/www.gml.si\/hu\/wp-json\/wp\/v2\/categories?post=12634"},{"taxonomy":"post_tag","embeddable":true,"href":"https:\/\/www.gml.si\/hu\/wp-json\/wp\/v2\/tags?post=12634"}],"curies":[{"name":"wp","href":"https:\/\/api.w.org\/{rel}","templated":true}]}}