{"id":12649,"date":"2015-11-12T21:23:05","date_gmt":"2015-11-12T20:23:05","guid":{"rendered":"https:\/\/www.gml.si\/kepzomuveszeti-kiallitas-orban-peter-es-szerdi-gabor\/"},"modified":"2015-11-12T21:23:05","modified_gmt":"2015-11-12T20:23:05","slug":"kepzomuveszeti-kiallitas-orban-peter-es-szerdi-gabor","status":"publish","type":"post","link":"https:\/\/www.gml.si\/hu\/kepzomuveszeti-kiallitas-orban-peter-es-szerdi-gabor\/","title":{"rendered":"K\u00c9PZ\u0150M\u0170V\u00c9SZETI KI\u00c1LL\u00cdT\u00c1S: Orb\u00e1n P\u00e9ter \u00e9s Szerdi G\u00e1bor"},"content":{"rendered":"<p><a href=\"https:\/\/www.gml.si\/wp-content\/uploads\/2015\/11\/Plakat_Orban-Szerdi_web.jpg\" data-lbwps-width=\"630\" data-lbwps-height=\"900\" data-lbwps-srcsmall=\"https:\/\/www.gml.si\/wp-content\/uploads\/2015\/11\/Plakat_Orban-Szerdi_web-350x500.jpg\"><img loading=\"lazy\" decoding=\"async\" class=\"alignright wp-image-10244\" src=\"https:\/\/www.gml.si\/wp-content\/uploads\/2015\/11\/Plakat_Orban-Szerdi_web.jpg\" alt=\"Plakat_Orban-Szerdi_web\" width=\"250\" height=\"357\" srcset=\"https:\/\/www.gml.si\/wp-content\/uploads\/2015\/11\/Plakat_Orban-Szerdi_web.jpg 630w, https:\/\/www.gml.si\/wp-content\/uploads\/2015\/11\/Plakat_Orban-Szerdi_web-350x500.jpg 350w, https:\/\/www.gml.si\/wp-content\/uploads\/2015\/11\/Plakat_Orban-Szerdi_web-35x50.jpg 35w\" sizes=\"auto, (max-width: 250px) 100vw, 250px\" \/><\/a>MEGH\u00cdV\u00d3<\/p>\n<p> A Lendvai Gal\u00e9ria \u00e9s M\u00fazeum <br \/> tisztelettel megh\u00edvja \u00d6nt \u00e9s kedves bar\u00e1tait <br \/> Orb\u00e1n P\u00e9ter \u00e9s Szerdi G\u00e1bor k\u00e9pz\u0151m\u0171v\u00e9szek ki\u00e1ll\u00edt\u00e1s\u00e1nak megnyit\u00f3j\u00e1ra, <br \/> <strong>2015. november 20-\u00e1n, <br \/> p\u00e9nteken 18 \u00f3r\u00e1ra<\/strong> <br \/> a lendvai v\u00e1rba.<\/p>\n<p> A ki\u00e1ll\u00edt\u00e1st <em><strong>Edita Filo<\/strong><\/em> <br \/> m\u0171v\u00e9szett\u00f6rt\u00e9n\u00e9sz nyitja meg.<\/p>\n<p> <span style=\"font-size: 11px;\">A ki\u00e1ll\u00edt\u00e1s 2015. december 15-ig tekinthet\u0151 meg.<\/span><\/p>\n<table style=\"background-color: #e2e4bd;\">\n<tbody>\n<tr>\n<td>Ez alkalommal a padl\u00e1sgal\u00e9ri\u00e1ban sor ker\u00fcl a 43. Nemzetk\u00f6zi M\u0171v\u00e9sztelep Lendva 2015 bronzalkot\u00e1sainak bemutat\u00f3j\u00e1ra.<\/p>\n<p> A ki\u00e1ll\u00edt\u00e1st <em><strong>Pavel Toplak<\/strong><\/em> m\u0171v\u00e9szett\u00f6rt\u00e9n\u00e9sz m\u00e9ltatja.<\/td>\n<\/tr>\n<\/tbody>\n<\/table>\n<hr \/>\n<h2>A MEGH\u00cdV\u00d3 GRAFIK\u00c1JA<\/h2>\n<p><a href=\"https:\/\/www.gml.si\/wp-content\/uploads\/2015\/11\/Vabilo-Meghivo_Orban-Szerdi_43MLK_2015_web-1.jpg\" data-lbwps-width=\"1100\" data-lbwps-height=\"539\" data-lbwps-srcsmall=\"https:\/\/www.gml.si\/wp-content\/uploads\/2015\/11\/Vabilo-Meghivo_Orban-Szerdi_43MLK_2015_web-1-500x245.jpg\"><img loading=\"lazy\" decoding=\"async\" class=\"alignleft wp-image-10238\" src=\"https:\/\/www.gml.si\/wp-content\/uploads\/2015\/11\/Vabilo-Meghivo_Orban-Szerdi_43MLK_2015_web-1.jpg\" alt=\"Vabilo-Meghivo_zunanja1\" width=\"620\" height=\"304\" srcset=\"https:\/\/www.gml.si\/wp-content\/uploads\/2015\/11\/Vabilo-Meghivo_Orban-Szerdi_43MLK_2015_web-1.jpg 1100w, https:\/\/www.gml.si\/wp-content\/uploads\/2015\/11\/Vabilo-Meghivo_Orban-Szerdi_43MLK_2015_web-1-500x245.jpg 500w, https:\/\/www.gml.si\/wp-content\/uploads\/2015\/11\/Vabilo-Meghivo_Orban-Szerdi_43MLK_2015_web-1-1024x502.jpg 1024w, https:\/\/www.gml.si\/wp-content\/uploads\/2015\/11\/Vabilo-Meghivo_Orban-Szerdi_43MLK_2015_web-1-50x25.jpg 50w\" sizes=\"auto, (max-width: 620px) 100vw, 620px\" \/><\/a> <a href=\"https:\/\/www.gml.si\/wp-content\/uploads\/2015\/11\/Vabilo-Meghivo_Orban-Szerdi_43MLK_2015_web-2.jpg\" data-lbwps-width=\"1100\" data-lbwps-height=\"539\" data-lbwps-srcsmall=\"https:\/\/www.gml.si\/wp-content\/uploads\/2015\/11\/Vabilo-Meghivo_Orban-Szerdi_43MLK_2015_web-2-500x245.jpg\"><img loading=\"lazy\" decoding=\"async\" class=\"alignleft wp-image-10240\" src=\"https:\/\/www.gml.si\/wp-content\/uploads\/2015\/11\/Vabilo-Meghivo_Orban-Szerdi_43MLK_2015_web-2.jpg\" alt=\"Vabilo-Meghivo_zunanja1\" width=\"620\" height=\"304\" srcset=\"https:\/\/www.gml.si\/wp-content\/uploads\/2015\/11\/Vabilo-Meghivo_Orban-Szerdi_43MLK_2015_web-2.jpg 1100w, https:\/\/www.gml.si\/wp-content\/uploads\/2015\/11\/Vabilo-Meghivo_Orban-Szerdi_43MLK_2015_web-2-500x245.jpg 500w, https:\/\/www.gml.si\/wp-content\/uploads\/2015\/11\/Vabilo-Meghivo_Orban-Szerdi_43MLK_2015_web-2-1024x502.jpg 1024w, https:\/\/www.gml.si\/wp-content\/uploads\/2015\/11\/Vabilo-Meghivo_Orban-Szerdi_43MLK_2015_web-2-50x25.jpg 50w\" sizes=\"auto, (max-width: 620px) 100vw, 620px\" \/><\/a><\/p>\n<hr \/>\n<h2>A KI\u00c1LL\u00cdT\u00c1SR\u00d3L<\/h2>\n<p>A tavalyi, 19. Lendvai Nemzetk\u00f6zi Ifj\u00fas\u00e1gi M\u0171v\u00e9sztelep nyertes m\u0171v\u00e9szp\u00e1rosa, a szlov\u00e9niai <strong>Orb\u00e1n P\u00e9ter<\/strong> \u00e9s a magyarorsz\u00e1gi <strong>Szerdi G\u00e1bor<\/strong> ez\u00fattal \u00f6n\u00e1ll\u00f3 t\u00e1rlaton mutatkoznak be m\u0171alkot\u00e1saikkal. A fiatal alkot\u00f3k ki\u00e1ll\u00edtott munk\u00e1i m\u0171v\u00e9szeti alkot\u00f3tev\u00e9kenys\u00e9g\u00fckr\u0151l, k\u00e9pz\u0151m\u0171v\u00e9szeti kifejez\u00e9sm\u00f3djukr\u00f3l \u00e9s az \u00e9rdekl\u0151d\u00e9s\u00fcket felkelt\u0151 probl\u00e9m\u00e1kr\u00f3l vallanak, amelyek kapcs\u00e1n kidolgozhatj\u00e1k saj\u00e1tos m\u0171v\u00e9szi elk\u00e9pzel\u00e9seiket. <\/p>\n<p>A Budapesten, a Magyar K\u00e9pz\u0151m\u0171v\u00e9szeti Egyetemen diplom\u00e1t szerzett <strong>Orb\u00e1n P\u00e9ter<\/strong> illusztr\u00e1tor \u00e9s grafikai tervez\u0151 k\u00fcl\u00f6nf\u00e9le illusztr\u00e1ci\u00f3kkal, plak\u00e1tokkal \u00e9s n\u00e9h\u00e1ny grafik\u00e1val mutatkozik be, ami a v\u00e1ltozatos m\u0171v\u00e9szeti \u00e9letm\u0171vel rendelkez\u0151 m\u0171v\u00e9szek k\u00f6r\u00e9be sorolja \u0151t. M\u0171v\u00e9szeti \u00e9s vallom\u00e1si szempontb\u00f3l is \u00e9pp az illusztr\u00e1ci\u00f3 m\u0171faj\u00e1ban van a legink\u00e1bb otthon. K\u00fcl\u00f6nf\u00e9le t\u00f6rt\u00e9neteket fejez ki a seg\u00edts\u00e9g\u00e9vel, illusztr\u00e1ci\u00f3i \u00f6n\u00e1ll\u00f3 form\u00e1ban \u00e9s irodalmi k\u00eds\u00e9r\u0151sz\u00f6veggel is sz\u00f3lnak hozz\u00e1nk.<\/p>\n<p>T\u00f6bbnyire figurat\u00edv mot\u00edvumvil\u00e1g\u00e1val, amely m\u0171v\u00e9szk\u00e9nt a legk\u00f6zelebb \u00e1ll hozz\u00e1, megfogalmazza eszm\u00e9it \u00e9s kifejez\u00e9sre juttatja saj\u00e1t k\u00e9pzelet\u00e9t, ezzel egyidej\u0171leg pedig a k\u00e9pz\u0151m\u0171v\u00e9szeti kifejez\u00e9sm\u00f3d birtokl\u00e1s\u00e1t is. Illusztr\u00e1ci\u00f3iban a sz\u00ednek \u00e9s form\u00e1k szimf\u00f3ni\u00e1ja fon\u00f3dik egym\u00e1sba: saj\u00e1tos harmonikus l\u00e9gk\u00f6rt teremt, amely k\u00f6vetkez\u00e9sk\u00e9ppen ilyen vagy olyan m\u00f3don az alkot\u00e1sok szeml\u00e9l\u0151j\u00e9re, illetve a m\u0171 olvas\u00f3j\u00e1ra is hat\u00e1ssal van. Illusztr\u00e1tork\u00e9nt \u00e9ppen ez sz\u00e1m\u00e1ra a legfontosabb, hiszen alkot\u00e1saival azokban, akik szem\u00fcgyre veszik \u0151ket, k\u00fcl\u00f6nb\u00f6z\u0151 \u00e9rz\u00e9seket k\u00edv\u00e1n \u00e9breszteni, b\u00e1tor\u00edtani k\u00edv\u00e1nja \u0151ket k\u00e9pzelet\u00fck szabadon enged\u00e9s\u00e9re, ezzel p\u00e1rhuzamosan pedig felk\u00edn\u00e1lni sz\u00e1mukra az elolvasott sz\u00f6veg egyik lehets\u00e9ges vizualiz\u00e1ci\u00f3j\u00e1t. <\/p>\n<p>Orb\u00e1n m\u0171veiben a klasszikus ceruzatechnika \u00e9s az akvarell fon\u00f3dnak egybe, amit igen gyakran korszer\u0171 hozz\u00e1\u00e1ll\u00e1ssal, sz\u00e1m\u00edt\u00f3g\u00e9pes megmunk\u00e1l\u00e1ssal t\u00e1rs\u00edt. M\u0171v\u00e9szi kifejez\u00e9sm\u00f3dj\u00e1hoz gyakran a k\u00fcl\u00f6nb\u00f6z\u0151 vil\u00e1gmitol\u00f3gi\u00e1kb\u00f3l, r\u00e9g\u00e9szeti \u00e1sat\u00e1sokb\u00f3l \u00e9s term\u00e9szetesen saj\u00e1t gazdag k\u00e9pzeletvil\u00e1g\u00e1b\u00f3l mer\u00edt ihletet, amely a k\u00fcl\u00f6nb\u00f6z\u0151 t\u00f6rt\u00e9netek olvas\u00e1sa sor\u00e1n m\u00e1r gyermekk\u00e9nt sz\u00e9lesen kit\u00e1rta el\u0151tte a k\u00e9pi megjelen\u00edt\u00e9s vil\u00e1g\u00e1nak ajtaj\u00e1t. <\/p>\n<p>Orb\u00e1n plak\u00e1tjai, mik\u00e9nt illusztr\u00e1ci\u00f3i \u00e9s grafik\u00e1i is, gyakran szimbolikus jelent\u00e9s\u0171ek, az adott k\u00f6nyv, film, ki\u00e1ll\u00edt\u00e1s, sz\u00ednh\u00e1zi vagy gyermekel\u0151ad\u00e1s \u00e9rtelm\u00e9nek hordoz\u00f3i. Orb\u00e1n olyan alkot\u00f3, aki l\u00e9tre tudja hozni az adott szegmentumot szeml\u00e9ltet\u0151 \u00e1br\u00e1t, amely egyidej\u0171leg m\u0171v\u00e9szi szempontb\u00f3l min\u0151s\u00e9gi m\u00f3don vall r\u00f3la mag\u00e1r\u00f3l is mint alkot\u00f3r\u00f3l. Tiszt\u00e1ban van vele, hogy az illusztr\u00e1ci\u00f3 \u00fagynevezett r\u00f6vid\u00edt\u0151 \u00fat a k\u00f6nyvh\u00f6z, amelyet az illusztr\u00e1tor a maga saj\u00e1tos m\u00f3dj\u00e1n tov\u00e1bb gazdag\u00edt, kieg\u00e9sz\u00edt \u00e9s k\u00f6zelebb hoz az emberekhez. <\/p>\n<p>A P\u00e9csi Tudom\u00e1nyegyetem M\u0171v\u00e9szeti Kara fest\u0151m\u0171v\u00e9sz k\u00e9pz\u00e9s\u00e9nek diplom\u00e1sa, <strong>Szerdi G\u00e1bor<\/strong> m\u0171alkot\u00e1sai kiss\u00e9 szokatlan mot\u00edvumvil\u00e1ggal lepnek meg benn\u00fcnket. <\/p>\n<p>Fest\u0151k\u00e9nt ugyanis els\u0151sorban az emberi \u00e9s \u00e1llati test velesz\u00fcletett torzul\u00e1sai ir\u00e1nt tan\u00fas\u00edt \u00e9rdekl\u0151d\u00e9st. Alkot\u00e1saihoz az alapmot\u00edvumokat a vil\u00e1gh\u00e1l\u00f3n tal\u00e1lja, ahol el\u00e9rhet\u0151k a 20. sz\u00e1zadi eg\u00e9szs\u00e9g\u00fcgyi arch\u00edvumok fot\u00f3i. Ezek az emberi fogyat\u00e9koss\u00e1g szokatlan k\u00e9pi \u00e1br\u00e1zol\u00e1sainak soksz\u00edn\u0171 p\u00e9ld\u00e1i, ami alkot\u00f3k\u00e9nt nyugtalan\u00edtja \u00e9s csod\u00e1lkoz\u00e1sra ind\u00edtja \u0151t. <\/p>\n<p>Alkot\u00e1sain nagyon sok esetben a valamely v\u00e9gtagjuk n\u00e9lk\u00fcl sz\u00fcletett gyerekeket \u00e1br\u00e1zolja (de feln\u0151tteket \u00e9s \u00e1llatokat is), illetve alakjainak valamely testr\u00e9sze sz\u00fclet\u00e9s\u00fck \u00f3ta torz, ami eg\u00e9sz \u00e9let\u00fckre a \u201em\u00e1s\u201d \u00e9s \u201ea norm\u00e1list\u00f3l elt\u00e9r\u0151\u201d jelz\u0151kkel b\u00e9lyegezte meg \u0151ket. Meglep\u0151, hogy sohasem boldogtalan vagy elkeseredett szem\u00e9lyekk\u00e9nt \u00e1ll\u00edtja \u0151ket el\u00e9nk. <\/p>\n<p>A sz\u00e9ntechnik\u00e1val pontosan megrajzolt arcokon mindig \u00e9szrevesz\u00fcnk egy-egy enyh\u00e9n pajkos mosolyt, amely azt az \u00fczenetet k\u00f6zvet\u00edti, hogy b\u00e1r els\u0151 pillant\u00e1sra tehetetleneknek t\u0171nnek, val\u00f3j\u00e1ban boldogok, \u00e9s k\u00fcl\u00f6nf\u00e9le, a hi\u00e1nyz\u00f3 testr\u00e9szt p\u00f3tl\u00f3 ortop\u00e9d seg\u00e9deszk\u00f6z\u00f6knek k\u00f6sz\u00f6nhet\u0151en folytatni tudj\u00e1k \u00e9let\u00fcket. Mindezt tov\u00e1bb fokozza a j\u00e1t\u00e9kszerek jelk\u00e9peivel, amely az \u00e1br\u00e1zolt alak mellett val\u00f3j\u00e1ban a festm\u00e9nyek egyetlen megjelen\u00edtett eleme. <\/p>\n<p>Figur\u00e1inak testi torzul\u00e1sai az alkot\u00f3t els\u0151sorban k\u00e9pz\u0151m\u0171v\u00e9szeti szempontb\u00f3l \u00e9rdeklik, hiszen form\u00e1lisan a val\u00f3s \u00e1br\u00e1kat szokatlan absztrakt alakokk\u00e1 alak\u00edtja \u00e1t. Az alakokat javar\u00e9szt teljesen t\u00e9rtelen, feh\u00e9r sz\u00edn\u0171 olajfest\u00e9kkel hangs\u00falyozott h\u00e1tt\u00e9rbe helyezi. A festm\u00e9nyeken semmilyen t\u00f6rt\u00e9n\u00e9s nem \u00e9szlelhet\u0151, csak a szeml\u00e9l\u0151t a saj\u00e1t k\u00f6zvetlens\u00e9g\u00e9vel megh\u00f6kkent\u0151 \u00e9s elk\u00e9peszt\u0151 emberalakok l\u00e1that\u00f3k, amelyek r\u00e1nk merednek \u00e9s kit\u00e1rj\u00e1k el\u0151tt\u00fcnk minden gyenges\u00e9g\u00fcket \u00e9s torzul\u00e1sukat. Ezt k\u00f6vet\u0151en mi vagyunk azok, akik \u00fagy \u00edt\u00e9lj\u00fck meg, hogy valami rendellenes rajtuk, hiszen az eg\u00e9sz egyenetlens\u00e9g\u00e9vel \u00e9s t\u00f6k\u00e9letlens\u00e9g\u00e9vel szembes\u00fcl\u00fcnk, ami term\u00e9szetesen zavarba hoz benn\u00fcnket, \u00e9s ezt \u201ecs\u00fanyak\u00e9nt\u201d \u00e9s szokatlank\u00e9nt kezdj\u00fck \u00e9rtelmezni. \u0150k azonban titokzatos mosolyukkal tov\u00e1bbra is ott \u00e1lnak el\u0151tt\u00fcnk, mintha azt k\u00e9rdezn\u00e9k t\u0151l\u00fcnk: Egy\u00e1ltal\u00e1n mi a norm\u00e1lis? <\/p>\n<p>Az alkot\u00f3 t\u00e1n kiss\u00e9 sokkol benn\u00fcnket ezekkel az alakokkal, azonban jusson esz\u00fcnkbe, hogy az \u00f3kort\u00f3l napjainkig sz\u00e1mtalan \u00fagynevezett \u201er\u00fat\u201d alak fordult el\u0151 a m\u0171v\u00e9szet t\u00f6rt\u00e9net\u00e9ben, akiket az \u00e9vsz\u00e1zadok sor\u00e1n \u00e9s a k\u00fcl\u00f6nb\u00f6z\u0151 kult\u00far\u00e1k t\u00fckr\u00e9ben k\u00fcl\u00f6nf\u00e9le m\u00f3dokon \u00e9rtelmeztek \u00e9s \u00e1br\u00e1zoltak; csak szeml\u00e9l\u0151j\u00fck, az ember sz\u00e1m\u00e1ra volt mindig is neh\u00e9z a vel\u00fck val\u00f3 szembes\u00fcl\u00e9s \u00e9s az elfogad\u00e1suk, hiszen nem arr\u00f3l az \u00f6sszhangr\u00f3l \u00e9s szab\u00e1lyoss\u00e1gr\u00f3l vallottak, amely a sz\u00e9p \u00e1br\u00e1zol\u00e1s\u00e1nak saj\u00e1tja. <\/p>\n<p>Szerencs\u00e9re azonban \u00e9ppen a m\u0171v\u00e9szet az, amely mindent elvisel, \u00edgy fenntart\u00e1sok n\u00e9lk\u00fcl is a szeml\u00e9l\u0151 el\u00e9 tudja \u00e1ll\u00edtani azt is, ami szokatlan vagy m\u00e1sf\u00e9le.<\/p>\n<p style=\"text-align: right;\">Edit FILO<em>, m\u0171v\u00e9szett\u00f6rt\u00e9n\u00e9szn\u0151<\/em><\/p>\n<hr \/>\n<h2><strong>F\u00c9NYK\u00c9PEK:<\/strong> Az Orban-Szerdi ki\u00e1ll\u00edt\u00e1s valamint a 43. Lendvai Nemzetk\u00f6zi M\u0171v\u00e9sztelep bronzalkot\u00e1sainak t\u00e1rlatmegny\u00edt\u00f3ja<\/h2>\n<p><a href=\"http:\/\/www.gml.si\/wp-content\/uploads\/2015\/11\/20151120_orban-szerdi_otvoritev01.jpg\" data-lbwps-width=\"1500\" data-lbwps-height=\"994\" data-lbwps-srcsmall=\"https:\/\/www.gml.si\/wp-content\/uploads\/2015\/11\/20151120_orban-szerdi_otvoritev01-500x331.jpg\"><img loading=\"lazy\" decoding=\"async\" class=\"img-galerija alignnone size-thumbnail wp-image-4367\" title=\"20151120_orban-szerdi_otvoritev01\" src=\"http:\/\/www.gml.si\/wp-content\/uploads\/2015\/11\/20151120_orban-szerdi_otvoritev01-120x120.jpg\" alt=\"20151120_orban-szerdi_otvoritev01\" width=\"120\" height=\"120\" \/><\/a> <a href=\"http:\/\/www.gml.si\/wp-content\/uploads\/2015\/11\/20151120_orban-szerdi_otvoritev02.jpg\" data-lbwps-width=\"1500\" data-lbwps-height=\"994\" data-lbwps-srcsmall=\"https:\/\/www.gml.si\/wp-content\/uploads\/2015\/11\/20151120_orban-szerdi_otvoritev02-500x331.jpg\"><img loading=\"lazy\" decoding=\"async\" class=\"img-galerija alignnone size-thumbnail wp-image-4368\" title=\"20151120_orban-szerdi_otvoritev02\" src=\"http:\/\/www.gml.si\/wp-content\/uploads\/2015\/11\/20151120_orban-szerdi_otvoritev02-120x120.jpg\" alt=\"20151120_orban-szerdi_otvoritev02\" width=\"120\" height=\"120\" \/><\/a> <a href=\"http:\/\/www.gml.si\/wp-content\/uploads\/2015\/11\/20151120_orban-szerdi_otvoritev03.jpg\" data-lbwps-width=\"1500\" data-lbwps-height=\"994\" data-lbwps-srcsmall=\"https:\/\/www.gml.si\/wp-content\/uploads\/2015\/11\/20151120_orban-szerdi_otvoritev03-500x331.jpg\"><img loading=\"lazy\" decoding=\"async\" class=\"img-galerija alignnone size-thumbnail wp-image-4369\" title=\"20151120_orban-szerdi_otvoritev03\" src=\"http:\/\/www.gml.si\/wp-content\/uploads\/2015\/11\/20151120_orban-szerdi_otvoritev03-120x120.jpg\" alt=\"20151120_orban-szerdi_otvoritev03\" width=\"120\" height=\"120\" \/><\/a> <a href=\"http:\/\/www.gml.si\/wp-content\/uploads\/2015\/11\/20151120_orban-szerdi_otvoritev04.jpg\" data-lbwps-width=\"1500\" data-lbwps-height=\"994\" data-lbwps-srcsmall=\"https:\/\/www.gml.si\/wp-content\/uploads\/2015\/11\/20151120_orban-szerdi_otvoritev04-500x331.jpg\"><img loading=\"lazy\" decoding=\"async\" class=\"img-galerija alignnone size-thumbnail wp-image-4370\" title=\"20151120_orban-szerdi_otvoritev04\" src=\"http:\/\/www.gml.si\/wp-content\/uploads\/2015\/11\/20151120_orban-szerdi_otvoritev04-120x120.jpg\" alt=\"20151120_orban-szerdi_otvoritev04\" width=\"120\" height=\"120\" \/><\/a> <a href=\"http:\/\/www.gml.si\/wp-content\/uploads\/2015\/11\/20151120_orban-szerdi_otvoritev05.jpg\" data-lbwps-width=\"1500\" data-lbwps-height=\"994\" data-lbwps-srcsmall=\"https:\/\/www.gml.si\/wp-content\/uploads\/2015\/11\/20151120_orban-szerdi_otvoritev05-500x331.jpg\"><img loading=\"lazy\" decoding=\"async\" class=\"img-galerija alignnone size-thumbnail wp-image-4371\" title=\"20151120_orban-szerdi_otvoritev05\" src=\"http:\/\/www.gml.si\/wp-content\/uploads\/2015\/11\/20151120_orban-szerdi_otvoritev05-120x120.jpg\" alt=\"20151120_orban-szerdi_otvoritev05\" width=\"120\" height=\"120\" \/><\/a> <a href=\"http:\/\/www.gml.si\/wp-content\/uploads\/2015\/11\/20151120_orban-szerdi_otvoritev06.jpg\" data-lbwps-width=\"1500\" data-lbwps-height=\"994\" data-lbwps-srcsmall=\"https:\/\/www.gml.si\/wp-content\/uploads\/2015\/11\/20151120_orban-szerdi_otvoritev06-500x331.jpg\"><img loading=\"lazy\" decoding=\"async\" class=\"img-galerija alignnone size-thumbnail wp-image-4372\" title=\"20151120_orban-szerdi_otvoritev06\" src=\"http:\/\/www.gml.si\/wp-content\/uploads\/2015\/11\/20151120_orban-szerdi_otvoritev06-120x120.jpg\" alt=\"20151120_orban-szerdi_otvoritev06\" width=\"120\" height=\"120\" \/><\/a> <a href=\"http:\/\/www.gml.si\/wp-content\/uploads\/2015\/11\/20151120_orban-szerdi_otvoritev07.jpg\" data-lbwps-width=\"1500\" data-lbwps-height=\"994\" data-lbwps-srcsmall=\"https:\/\/www.gml.si\/wp-content\/uploads\/2015\/11\/20151120_orban-szerdi_otvoritev07-500x331.jpg\"><img loading=\"lazy\" decoding=\"async\" class=\"img-galerija alignnone size-thumbnail wp-image-4373\" title=\"20151120_orban-szerdi_otvoritev07\" src=\"http:\/\/www.gml.si\/wp-content\/uploads\/2015\/11\/20151120_orban-szerdi_otvoritev07-120x120.jpg\" alt=\"20151120_orban-szerdi_otvoritev07\" width=\"120\" height=\"120\" \/><\/a> <a href=\"http:\/\/www.gml.si\/wp-content\/uploads\/2015\/11\/20151120_orban-szerdi_otvoritev08.jpg\" data-lbwps-width=\"994\" data-lbwps-height=\"1500\" data-lbwps-srcsmall=\"https:\/\/www.gml.si\/wp-content\/uploads\/2015\/11\/20151120_orban-szerdi_otvoritev08-331x500.jpg\"><img loading=\"lazy\" decoding=\"async\" class=\"img-galerija alignnone size-thumbnail wp-image-4374\" title=\"20151120_orban-szerdi_otvoritev08\" src=\"http:\/\/www.gml.si\/wp-content\/uploads\/2015\/11\/20151120_orban-szerdi_otvoritev08-120x120.jpg\" alt=\"20151120_orban-szerdi_otvoritev08\" width=\"120\" height=\"120\" \/><\/a> <a href=\"http:\/\/www.gml.si\/wp-content\/uploads\/2015\/11\/20151120_orban-szerdi_otvoritev09.jpg\" data-lbwps-width=\"994\" data-lbwps-height=\"1500\" data-lbwps-srcsmall=\"https:\/\/www.gml.si\/wp-content\/uploads\/2015\/11\/20151120_orban-szerdi_otvoritev09-331x500.jpg\"><img loading=\"lazy\" decoding=\"async\" class=\"img-galerija alignnone size-thumbnail wp-image-4375\" title=\"20151120_orban-szerdi_otvoritev09\" src=\"http:\/\/www.gml.si\/wp-content\/uploads\/2015\/11\/20151120_orban-szerdi_otvoritev09-120x120.jpg\" alt=\"20151120_orban-szerdi_otvoritev09\" width=\"120\" height=\"120\" \/><\/a> <a href=\"http:\/\/www.gml.si\/wp-content\/uploads\/2015\/11\/20151120_orban-szerdi_otvoritev10.jpg\" data-lbwps-width=\"1500\" data-lbwps-height=\"994\" data-lbwps-srcsmall=\"https:\/\/www.gml.si\/wp-content\/uploads\/2015\/11\/20151120_orban-szerdi_otvoritev10-500x331.jpg\"><img loading=\"lazy\" decoding=\"async\" class=\"img-galerija alignnone size-thumbnail wp-image-4376\" title=\"20151120_orban-szerdi_otvoritev10\" src=\"http:\/\/www.gml.si\/wp-content\/uploads\/2015\/11\/20151120_orban-szerdi_otvoritev10-120x120.jpg\" alt=\"20151120_orban-szerdi_otvoritev10\" width=\"120\" height=\"120\" \/><\/a> <a href=\"http:\/\/www.gml.si\/wp-content\/uploads\/2015\/11\/20151120_orban-szerdi_otvoritev11.jpg\" data-lbwps-width=\"994\" data-lbwps-height=\"1500\" data-lbwps-srcsmall=\"https:\/\/www.gml.si\/wp-content\/uploads\/2015\/11\/20151120_orban-szerdi_otvoritev11-331x500.jpg\"><img loading=\"lazy\" decoding=\"async\" class=\"img-galerija alignnone size-thumbnail wp-image-4377\" title=\"20151120_orban-szerdi_otvoritev11\" src=\"http:\/\/www.gml.si\/wp-content\/uploads\/2015\/11\/20151120_orban-szerdi_otvoritev11-120x120.jpg\" alt=\"20151120_orban-szerdi_otvoritev11\" width=\"120\" height=\"120\" \/><\/a> <a href=\"http:\/\/www.gml.si\/wp-content\/uploads\/2015\/11\/20151120_orban-szerdi_otvoritev12.jpg\" data-lbwps-width=\"1500\" data-lbwps-height=\"994\" data-lbwps-srcsmall=\"https:\/\/www.gml.si\/wp-content\/uploads\/2015\/11\/20151120_orban-szerdi_otvoritev12-500x331.jpg\"><img loading=\"lazy\" decoding=\"async\" class=\"img-galerija alignnone size-thumbnail wp-image-4378\" title=\"20151120_orban-szerdi_otvoritev12\" src=\"http:\/\/www.gml.si\/wp-content\/uploads\/2015\/11\/20151120_orban-szerdi_otvoritev12-120x120.jpg\" alt=\"20151120_orban-szerdi_otvoritev12\" width=\"120\" height=\"120\" \/><\/a> <a href=\"http:\/\/www.gml.si\/wp-content\/uploads\/2015\/11\/20151120_orban-szerdi_otvoritev13.jpg\" data-lbwps-width=\"1500\" data-lbwps-height=\"994\" data-lbwps-srcsmall=\"https:\/\/www.gml.si\/wp-content\/uploads\/2015\/11\/20151120_orban-szerdi_otvoritev13-500x331.jpg\"><img loading=\"lazy\" decoding=\"async\" class=\"img-galerija alignnone size-thumbnail wp-image-4379\" title=\"20151120_orban-szerdi_otvoritev13\" src=\"http:\/\/www.gml.si\/wp-content\/uploads\/2015\/11\/20151120_orban-szerdi_otvoritev13-120x120.jpg\" alt=\"20151120_orban-szerdi_otvoritev13\" width=\"120\" height=\"120\" \/><\/a> <a href=\"http:\/\/www.gml.si\/wp-content\/uploads\/2015\/11\/20151120_orban-szerdi_otvoritev14.jpg\" data-lbwps-width=\"1500\" data-lbwps-height=\"994\" data-lbwps-srcsmall=\"https:\/\/www.gml.si\/wp-content\/uploads\/2015\/11\/20151120_orban-szerdi_otvoritev14-500x331.jpg\"><img loading=\"lazy\" decoding=\"async\" class=\"img-galerija alignnone size-thumbnail wp-image-4380\" title=\"20151120_orban-szerdi_otvoritev14\" src=\"http:\/\/www.gml.si\/wp-content\/uploads\/2015\/11\/20151120_orban-szerdi_otvoritev14-120x120.jpg\" alt=\"20151120_orban-szerdi_otvoritev14\" width=\"120\" height=\"120\" \/><\/a> <a href=\"http:\/\/www.gml.si\/wp-content\/uploads\/2015\/11\/20151120_orban-szerdi_otvoritev15.jpg\" data-lbwps-width=\"1090\" data-lbwps-height=\"1500\" data-lbwps-srcsmall=\"https:\/\/www.gml.si\/wp-content\/uploads\/2015\/11\/20151120_orban-szerdi_otvoritev15-363x500.jpg\"><img loading=\"lazy\" decoding=\"async\" class=\"img-galerija alignnone size-thumbnail wp-image-4381\" title=\"20151120_orban-szerdi_otvoritev15\" src=\"http:\/\/www.gml.si\/wp-content\/uploads\/2015\/11\/20151120_orban-szerdi_otvoritev15-120x120.jpg\" alt=\"20151120_orban-szerdi_otvoritev15\" width=\"120\" height=\"120\" \/><\/a><\/p>\n<hr \/>\n<h2><strong>F\u00c9NYK\u00c9PEK<\/strong>: Az Orban-Szerdi ki\u00e1ll\u00edt\u00e1s a gal\u00e9ria r\u00e9szben<\/h2>\n<p><a href=\"http:\/\/www.gml.si\/wp-content\/uploads\/2015\/11\/20151120_orban-szerdi_postavitev_00001.jpg\" data-lbwps-width=\"1500\" data-lbwps-height=\"993\" data-lbwps-srcsmall=\"https:\/\/www.gml.si\/wp-content\/uploads\/2015\/11\/20151120_orban-szerdi_postavitev_00001-500x331.jpg\"><img loading=\"lazy\" decoding=\"async\" class=\"img-galerija alignnone size-thumbnail wp-image-4391\" title=\"20151120_orban-szerdi_postavitev_00001\" src=\"http:\/\/www.gml.si\/wp-content\/uploads\/2015\/11\/20151120_orban-szerdi_postavitev_00001-120x120.jpg\" alt=\"20151120_orban-szerdi_postavitev_00001\" width=\"120\" height=\"120\" \/><\/a> <a href=\"http:\/\/www.gml.si\/wp-content\/uploads\/2015\/11\/20151120_orban-szerdi_postavitev_00002.jpg\" data-lbwps-width=\"1500\" data-lbwps-height=\"994\" data-lbwps-srcsmall=\"https:\/\/www.gml.si\/wp-content\/uploads\/2015\/11\/20151120_orban-szerdi_postavitev_00002-500x331.jpg\"><img loading=\"lazy\" decoding=\"async\" class=\"img-galerija alignnone size-thumbnail wp-image-4392\" title=\"20151120_orban-szerdi_postavitev_00002\" src=\"http:\/\/www.gml.si\/wp-content\/uploads\/2015\/11\/20151120_orban-szerdi_postavitev_00002-120x120.jpg\" alt=\"20151120_orban-szerdi_postavitev_00002\" width=\"120\" height=\"120\" \/><\/a> <a href=\"http:\/\/www.gml.si\/wp-content\/uploads\/2015\/11\/20151120_orban-szerdi_postavitev_00003.jpg\" data-lbwps-width=\"1500\" data-lbwps-height=\"994\" data-lbwps-srcsmall=\"https:\/\/www.gml.si\/wp-content\/uploads\/2015\/11\/20151120_orban-szerdi_postavitev_00003-500x331.jpg\"><img loading=\"lazy\" decoding=\"async\" class=\"img-galerija alignnone size-thumbnail wp-image-4393\" title=\"20151120_orban-szerdi_postavitev_00003\" src=\"http:\/\/www.gml.si\/wp-content\/uploads\/2015\/11\/20151120_orban-szerdi_postavitev_00003-120x120.jpg\" alt=\"20151120_orban-szerdi_postavitev_00003\" width=\"120\" height=\"120\" \/><\/a> <a href=\"http:\/\/www.gml.si\/wp-content\/uploads\/2015\/11\/20151120_orban-szerdi_postavitev_00004.jpg\" data-lbwps-width=\"1500\" data-lbwps-height=\"994\" data-lbwps-srcsmall=\"https:\/\/www.gml.si\/wp-content\/uploads\/2015\/11\/20151120_orban-szerdi_postavitev_00004-500x331.jpg\"><img loading=\"lazy\" decoding=\"async\" class=\"img-galerija alignnone size-thumbnail wp-image-4394\" title=\"20151120_orban-szerdi_postavitev_00004\" src=\"http:\/\/www.gml.si\/wp-content\/uploads\/2015\/11\/20151120_orban-szerdi_postavitev_00004-120x120.jpg\" alt=\"20151120_orban-szerdi_postavitev_00004\" width=\"120\" height=\"120\" \/><\/a> <a href=\"http:\/\/www.gml.si\/wp-content\/uploads\/2015\/11\/20151120_orban-szerdi_postavitev_00005.jpg\" data-lbwps-width=\"1500\" data-lbwps-height=\"994\" data-lbwps-srcsmall=\"https:\/\/www.gml.si\/wp-content\/uploads\/2015\/11\/20151120_orban-szerdi_postavitev_00005-500x331.jpg\"><img loading=\"lazy\" decoding=\"async\" class=\"img-galerija alignnone size-thumbnail wp-image-4395\" title=\"20151120_orban-szerdi_postavitev_00005\" src=\"http:\/\/www.gml.si\/wp-content\/uploads\/2015\/11\/20151120_orban-szerdi_postavitev_00005-120x120.jpg\" alt=\"20151120_orban-szerdi_postavitev_00005\" width=\"120\" height=\"120\" \/><\/a><\/p>\n<hr \/>\n<h2><strong>F\u00c9NYK\u00c9PEK<\/strong><strong>:<\/strong> A 43. Lendvai Nemzetk\u00f6zi M\u0171v\u00e9sztelep bronzalkot\u00e1sai a padl\u00e1sgal\u00e9ri\u00e1ban<\/h2>\n<p><a href=\"http:\/\/www.gml.si\/wp-content\/uploads\/2015\/11\/20151120_43MLK_razstava_00002.jpg\" data-lbwps-width=\"1500\" data-lbwps-height=\"994\" data-lbwps-srcsmall=\"https:\/\/www.gml.si\/wp-content\/uploads\/2015\/11\/20151120_43MLK_razstava_00002-500x331.jpg\"><img loading=\"lazy\" decoding=\"async\" class=\"img-galerija alignnone size-thumbnail wp-image-4386\" title=\"20151120_43MLK_razstava_00002\" src=\"http:\/\/www.gml.si\/wp-content\/uploads\/2015\/11\/20151120_43MLK_razstava_00002-120x120.jpg\" alt=\"20151120_43MLK_razstava_00002\" width=\"120\" height=\"120\" \/><\/a> <a href=\"http:\/\/www.gml.si\/wp-content\/uploads\/2015\/11\/20151120_43MLK_razstava_00001.jpg\" data-lbwps-width=\"1500\" data-lbwps-height=\"994\" data-lbwps-srcsmall=\"https:\/\/www.gml.si\/wp-content\/uploads\/2015\/11\/20151120_43MLK_razstava_00001-500x331.jpg\"><img loading=\"lazy\" decoding=\"async\" class=\"img-galerija alignnone size-thumbnail wp-image-4385\" title=\"20151120_43MLK_razstava_00001\" src=\"http:\/\/www.gml.si\/wp-content\/uploads\/2015\/11\/20151120_43MLK_razstava_00001-120x120.jpg\" alt=\"20151120_43MLK_razstava_00001\" width=\"120\" height=\"120\" \/><\/a> <a href=\"http:\/\/www.gml.si\/wp-content\/uploads\/2015\/11\/20151120_43MLK_razstava_00003.jpg\" data-lbwps-width=\"994\" data-lbwps-height=\"1500\" data-lbwps-srcsmall=\"https:\/\/www.gml.si\/wp-content\/uploads\/2015\/11\/20151120_43MLK_razstava_00003-331x500.jpg\"><img loading=\"lazy\" decoding=\"async\" class=\"img-galerija alignnone size-thumbnail wp-image-4387\" title=\"20151120_43MLK_razstava_00003\" src=\"http:\/\/www.gml.si\/wp-content\/uploads\/2015\/11\/20151120_43MLK_razstava_00003-120x120.jpg\" alt=\"20151120_43MLK_razstava_00003\" width=\"120\" height=\"120\" \/><\/a> <a href=\"http:\/\/www.gml.si\/wp-content\/uploads\/2015\/11\/20151120_43MLK_razstava_00004.jpg\" data-lbwps-width=\"994\" data-lbwps-height=\"1500\" data-lbwps-srcsmall=\"https:\/\/www.gml.si\/wp-content\/uploads\/2015\/11\/20151120_43MLK_razstava_00004-331x500.jpg\"><img loading=\"lazy\" decoding=\"async\" class=\"img-galerija alignnone size-thumbnail wp-image-4388\" title=\"20151120_43MLK_razstava_00004\" src=\"http:\/\/www.gml.si\/wp-content\/uploads\/2015\/11\/20151120_43MLK_razstava_00004-120x120.jpg\" alt=\"20151120_43MLK_razstava_00004\" width=\"120\" height=\"120\" \/><\/a> <a href=\"http:\/\/www.gml.si\/wp-content\/uploads\/2015\/11\/20151120_43MLK_razstava_00005.jpg\" data-lbwps-width=\"1500\" data-lbwps-height=\"994\" data-lbwps-srcsmall=\"https:\/\/www.gml.si\/wp-content\/uploads\/2015\/11\/20151120_43MLK_razstava_00005-500x331.jpg\"><img loading=\"lazy\" decoding=\"async\" class=\"img-galerija alignnone size-thumbnail wp-image-4389\" title=\"20151120_43MLK_razstava_00005\" src=\"http:\/\/www.gml.si\/wp-content\/uploads\/2015\/11\/20151120_43MLK_razstava_00005-120x120.jpg\" alt=\"20151120_43MLK_razstava_00005\" width=\"120\" height=\"120\" \/><\/a> <a href=\"http:\/\/www.gml.si\/wp-content\/uploads\/2015\/11\/20151120_43MLK_razstava_00006.jpg\" data-lbwps-width=\"994\" data-lbwps-height=\"1500\" data-lbwps-srcsmall=\"https:\/\/www.gml.si\/wp-content\/uploads\/2015\/11\/20151120_43MLK_razstava_00006-331x500.jpg\"><img loading=\"lazy\" decoding=\"async\" class=\"img-galerija alignnone size-thumbnail wp-image-4390\" title=\"20151120_43MLK_razstava_00006\" src=\"http:\/\/www.gml.si\/wp-content\/uploads\/2015\/11\/20151120_43MLK_razstava_00006-120x120.jpg\" alt=\"20151120_43MLK_razstava_00006\" width=\"120\" height=\"120\" \/><\/a><\/p>\n","protected":false},"excerpt":{"rendered":"<p>A Lendvai Gal\u00e9ria \u00e9s M\u00fazeum tisztelettel megh\u00edvja \u00d6n\u00f6ket Orb\u00e1n P\u00e9ter \u00e9s Szerdi G\u00e1bor k\u00e9pz\u0151m\u0171v\u00e9szek ki\u00e1ll\u00edt\u00e1s\u00e1nak megnyit\u00f3j\u00e1ra, 2015. november 20-\u00e1n, p\u00e9nteken 18 \u00f3r\u00e1ra a lendvai v\u00e1rba. <a href=\"https:\/\/www.gml.si\/hu\/kepzomuveszeti-kiallitas-orban-peter-es-szerdi-gabor\/\"><\/p>\n<p>B\u0151vebben <span class=\"meta-nav\">\u2192<\/span><\/a><\/p>\n","protected":false},"author":5,"featured_media":10244,"comment_status":"closed","ping_status":"closed","sticky":false,"template":"","format":"standard","meta":{"inline_featured_image":false,"footnotes":""},"categories":[66,58],"tags":[],"class_list":["post-12649","post","type-post","status-publish","format-standard","has-post-thumbnail","hentry","category-elozo","category-hirek"],"_links":{"self":[{"href":"https:\/\/www.gml.si\/hu\/wp-json\/wp\/v2\/posts\/12649","targetHints":{"allow":["GET"]}}],"collection":[{"href":"https:\/\/www.gml.si\/hu\/wp-json\/wp\/v2\/posts"}],"about":[{"href":"https:\/\/www.gml.si\/hu\/wp-json\/wp\/v2\/types\/post"}],"author":[{"embeddable":true,"href":"https:\/\/www.gml.si\/hu\/wp-json\/wp\/v2\/users\/5"}],"replies":[{"embeddable":true,"href":"https:\/\/www.gml.si\/hu\/wp-json\/wp\/v2\/comments?post=12649"}],"version-history":[{"count":0,"href":"https:\/\/www.gml.si\/hu\/wp-json\/wp\/v2\/posts\/12649\/revisions"}],"wp:featuredmedia":[{"embeddable":true,"href":"https:\/\/www.gml.si\/hu\/wp-json\/wp\/v2\/media\/10244"}],"wp:attachment":[{"href":"https:\/\/www.gml.si\/hu\/wp-json\/wp\/v2\/media?parent=12649"}],"wp:term":[{"taxonomy":"category","embeddable":true,"href":"https:\/\/www.gml.si\/hu\/wp-json\/wp\/v2\/categories?post=12649"},{"taxonomy":"post_tag","embeddable":true,"href":"https:\/\/www.gml.si\/hu\/wp-json\/wp\/v2\/tags?post=12649"}],"curies":[{"name":"wp","href":"https:\/\/api.w.org\/{rel}","templated":true}]}}