{"id":12655,"date":"2015-11-21T17:42:02","date_gmt":"2015-11-21T16:42:02","guid":{"rendered":"https:\/\/www.gml.si\/advent-a-lendvai-varban-2015\/"},"modified":"2015-11-21T17:42:02","modified_gmt":"2015-11-21T16:42:02","slug":"advent-a-lendvai-varban-2015","status":"publish","type":"post","link":"https:\/\/www.gml.si\/hu\/advent-a-lendvai-varban-2015\/","title":{"rendered":"\u00c1dvent a lendvai v\u00e1rban 2015"},"content":{"rendered":"<p><a href=\"https:\/\/www.gml.si\/wp-content\/uploads\/2015\/11\/letak_advent_na_gradu2015_A5-hu.jpg\" data-lbwps-width=\"634\" data-lbwps-height=\"900\" data-lbwps-srcsmall=\"https:\/\/www.gml.si\/wp-content\/uploads\/2015\/11\/letak_advent_na_gradu2015_A5-hu-352x500.jpg\"><img loading=\"lazy\" decoding=\"async\" class=\"alignright wp-image-10300\" src=\"https:\/\/www.gml.si\/wp-content\/uploads\/2015\/11\/letak_advent_na_gradu2015_A5-hu.jpg\" alt=\"letak_advent_na_gradu2015_A5-hu\" width=\"250\" height=\"355\" srcset=\"https:\/\/www.gml.si\/wp-content\/uploads\/2015\/11\/letak_advent_na_gradu2015_A5-hu.jpg 634w, https:\/\/www.gml.si\/wp-content\/uploads\/2015\/11\/letak_advent_na_gradu2015_A5-hu-352x500.jpg 352w, https:\/\/www.gml.si\/wp-content\/uploads\/2015\/11\/letak_advent_na_gradu2015_A5-hu-35x50.jpg 35w\" sizes=\"auto, (max-width: 250px) 100vw, 250px\" \/><\/a>Sok szeretettel v\u00e1rjuk \u00d6n\u00f6ket \u00e1dventi rendezv\u00e9ny\u00fcnkre, amely <strong>2015. november 29-\u00e9n lesz 13 \u00e9s 17 \u00f3ra k\u00f6z\u00f6tt<\/strong> a lendvai v\u00e1rban.<\/p>\n<p><strong>M\u0170SOR:<\/strong><br \/>\u2013 \u00e1dventi gyermekfoglalkoz\u00e1sok<br \/>\u2013 var\u00e1zslatos mes\u00e9k<br \/>\u2013 standok<br \/>\u2022 \u00fcnnepi apr\u00f3s\u00fctem\u00e9nyek \u00e9s h\u00e1zi finoms\u00e1gok<br \/>\u2022 forralt bor, puncs \u00e9s tea<br \/>\u2022 k\u00e9zm\u0171v\u00e9s term\u00e9kek<br \/>\u2013 d\u00edjmentes bel\u00e9p\u00e9s a lendvai Gal\u00e9ria \u00e9s M\u00fazeum ki\u00e1ll\u00edt\u00e1saira a v\u00e1rban<\/p>\n<p><em>Szerettel v\u00e1rjuk az \u00fcnnepi hangulat\u00fa v\u00e1rba!<\/em><\/p>\n","protected":false},"excerpt":{"rendered":"<p>Sok szeretettel v\u00e1rjuk \u00d6n\u00f6ket \u00e1dventi rendezv\u00e9ny\u00fcnkre, amely 2015. november 29-\u00e9n lesz 13 \u00e9s 17 \u00f3ra k\u00f6z\u00f6tt a lendvai v\u00e1rban. <a href=\"https:\/\/www.gml.si\/hu\/advent-a-lendvai-varban-2015\/\"><\/p>\n<p>B\u0151vebben <span class=\"meta-nav\">\u2192<\/span><\/a><\/p>\n","protected":false},"author":5,"featured_media":10302,"comment_status":"closed","ping_status":"closed","sticky":false,"template":"","format":"standard","meta":{"inline_featured_image":false,"footnotes":""},"categories":[58],"tags":[],"class_list":["post-12655","post","type-post","status-publish","format-standard","has-post-thumbnail","hentry","category-hirek"],"_links":{"self":[{"href":"https:\/\/www.gml.si\/hu\/wp-json\/wp\/v2\/posts\/12655","targetHints":{"allow":["GET"]}}],"collection":[{"href":"https:\/\/www.gml.si\/hu\/wp-json\/wp\/v2\/posts"}],"about":[{"href":"https:\/\/www.gml.si\/hu\/wp-json\/wp\/v2\/types\/post"}],"author":[{"embeddable":true,"href":"https:\/\/www.gml.si\/hu\/wp-json\/wp\/v2\/users\/5"}],"replies":[{"embeddable":true,"href":"https:\/\/www.gml.si\/hu\/wp-json\/wp\/v2\/comments?post=12655"}],"version-history":[{"count":0,"href":"https:\/\/www.gml.si\/hu\/wp-json\/wp\/v2\/posts\/12655\/revisions"}],"wp:featuredmedia":[{"embeddable":true,"href":"https:\/\/www.gml.si\/hu\/wp-json\/wp\/v2\/media\/10302"}],"wp:attachment":[{"href":"https:\/\/www.gml.si\/hu\/wp-json\/wp\/v2\/media?parent=12655"}],"wp:term":[{"taxonomy":"category","embeddable":true,"href":"https:\/\/www.gml.si\/hu\/wp-json\/wp\/v2\/categories?post=12655"},{"taxonomy":"post_tag","embeddable":true,"href":"https:\/\/www.gml.si\/hu\/wp-json\/wp\/v2\/tags?post=12655"}],"curies":[{"name":"wp","href":"https:\/\/api.w.org\/{rel}","templated":true}]}}