{"id":12668,"date":"2016-01-25T21:16:02","date_gmt":"2016-01-25T20:16:02","guid":{"rendered":"https:\/\/www.gml.si\/soa-2016-emlekezzunk\/"},"modified":"2016-01-25T21:16:02","modified_gmt":"2016-01-25T20:16:02","slug":"soa-2016-emlekezzunk","status":"publish","type":"post","link":"https:\/\/www.gml.si\/hu\/soa-2016-emlekezzunk\/","title":{"rendered":"SO\u00c1 2016: Eml\u00e9kezz\u00fcnk"},"content":{"rendered":"<p><a href=\"https:\/\/www.gml.si\/wp-content\/uploads\/2016\/01\/20160227_Vabilo-Meghivo_SOA.jpg\" rel=\"attachment wp-att-4484\" data-lbwps-width=\"636\" data-lbwps-height=\"900\" data-lbwps-srcsmall=\"https:\/\/www.gml.si\/wp-content\/uploads\/2016\/01\/20160227_Vabilo-Meghivo_SOA-353x500.jpg\"><img loading=\"lazy\" decoding=\"async\" class=\"wp-image-10368 alignleft\" src=\"https:\/\/www.gml.si\/wp-content\/uploads\/2016\/01\/20160227_Vabilo-Meghivo_SOA.jpg\" alt=\"Vabilo-Meghivo SOA\" width=\"200\" height=\"283\" srcset=\"https:\/\/www.gml.si\/wp-content\/uploads\/2016\/01\/20160227_Vabilo-Meghivo_SOA.jpg 636w, https:\/\/www.gml.si\/wp-content\/uploads\/2016\/01\/20160227_Vabilo-Meghivo_SOA-353x500.jpg 353w, https:\/\/www.gml.si\/wp-content\/uploads\/2016\/01\/20160227_Vabilo-Meghivo_SOA-35x50.jpg 35w\" sizes=\"auto, (max-width: 200px) 100vw, 200px\" \/><\/a>M E G H \u00cd V \u00d3<\/p>\n<p>Tisztelettel megh\u00edvjuk \u00d6n\u00f6ket a a holokauszt nemzetk\u00f6zi eml\u00e9knapja alkalm\u00e1b\u00f3l szervezett eml\u00e9kesem\u00e9nyekre <strong>2016. janu\u00e1r 27-\u00e9n, szerd\u00e1n<\/strong><\/p>\n<p><strong>9.15\u201310.15<\/strong><br \/>T\u00f6rt\u00e9nelmi eml\u00e9k\u00f3ra a Lendvai Zsinag\u00f3g\u00e1ban az 1. Sz. Lendvai K\u00c1I 9. oszt\u00e1lyos tanul\u00f3i r\u00e9sz\u00e9re<\/p>\n<p><strong>11.00<\/strong><br \/>Eml\u00e9kkoszor\u00faz\u00e1s a hossz\u00fafalui zsid\u00f3temet\u0151ben<\/p>\n<p><em>Eml\u00e9kezz\u00fcnk egy\u00fctt.<\/em><\/p>\n<hr \/>\n<h2>\u00c9RTES\u00cdT\u00c9S:<\/h2>\n<p>\u00c9rtes\u00edtj\u00fck \u00d6n\u00f6ket, hogy technikai okok miatt a 17 \u00f3r\u00e1ra tervezett <strong>Saul fia c\u00edm\u0171 film vet\u00edt\u00e9se elmarad.<\/strong> <em>K\u00f6sz\u00f6nj\u00fck meg\u00e9rt\u00e9s\u00fcket!<\/em><\/p>\n","protected":false},"excerpt":{"rendered":"<p>Tisztelettel megh\u00edvjuk \u00d6n\u00f6ket a a holokauszt nemzetk\u00f6zi eml\u00e9knapja alkalm\u00e1b\u00f3l szervezett eml\u00e9kesem\u00e9nyekre 2016. janu\u00e1r 27-\u00e9n, szerd\u00e1n a lendvai zsinag\u00f3g\u00e1ba. <a href=\"https:\/\/www.gml.si\/hu\/soa-2016-emlekezzunk\/\"><\/p>\n<p>B\u0151vebben <span class=\"meta-nav\">\u2192<\/span><\/a><\/p>\n","protected":false},"author":5,"featured_media":10368,"comment_status":"closed","ping_status":"closed","sticky":false,"template":"","format":"standard","meta":{"inline_featured_image":false,"footnotes":""},"categories":[58],"tags":[],"class_list":["post-12668","post","type-post","status-publish","format-standard","has-post-thumbnail","hentry","category-hirek"],"_links":{"self":[{"href":"https:\/\/www.gml.si\/hu\/wp-json\/wp\/v2\/posts\/12668","targetHints":{"allow":["GET"]}}],"collection":[{"href":"https:\/\/www.gml.si\/hu\/wp-json\/wp\/v2\/posts"}],"about":[{"href":"https:\/\/www.gml.si\/hu\/wp-json\/wp\/v2\/types\/post"}],"author":[{"embeddable":true,"href":"https:\/\/www.gml.si\/hu\/wp-json\/wp\/v2\/users\/5"}],"replies":[{"embeddable":true,"href":"https:\/\/www.gml.si\/hu\/wp-json\/wp\/v2\/comments?post=12668"}],"version-history":[{"count":0,"href":"https:\/\/www.gml.si\/hu\/wp-json\/wp\/v2\/posts\/12668\/revisions"}],"wp:featuredmedia":[{"embeddable":true,"href":"https:\/\/www.gml.si\/hu\/wp-json\/wp\/v2\/media\/10368"}],"wp:attachment":[{"href":"https:\/\/www.gml.si\/hu\/wp-json\/wp\/v2\/media?parent=12668"}],"wp:term":[{"taxonomy":"category","embeddable":true,"href":"https:\/\/www.gml.si\/hu\/wp-json\/wp\/v2\/categories?post=12668"},{"taxonomy":"post_tag","embeddable":true,"href":"https:\/\/www.gml.si\/hu\/wp-json\/wp\/v2\/tags?post=12668"}],"curies":[{"name":"wp","href":"https:\/\/api.w.org\/{rel}","templated":true}]}}