{"id":12698,"date":"2016-04-20T14:06:23","date_gmt":"2016-04-20T12:06:23","guid":{"rendered":"https:\/\/www.gml.si\/filmvetites-saul-fia\/"},"modified":"2016-04-20T14:06:23","modified_gmt":"2016-04-20T12:06:23","slug":"filmvetites-saul-fia","status":"publish","type":"post","link":"https:\/\/www.gml.si\/hu\/filmvetites-saul-fia\/","title":{"rendered":"Filmvet\u00edt\u00e9s: SAUL FIA"},"content":{"rendered":"<p><strong><a href=\"https:\/\/www.gml.si\/wp-content\/uploads\/2016\/04\/2016_vabilo_A5_savlov_sin1_splet.jpg\" data-lbwps-width=\"1000\" data-lbwps-height=\"705\" data-lbwps-srcsmall=\"https:\/\/www.gml.si\/wp-content\/uploads\/2016\/04\/2016_vabilo_A5_savlov_sin1_splet-500x353.jpg\"><img loading=\"lazy\" decoding=\"async\" class=\"wp-image-10648 alignright\" src=\"http:\/\/www.gml.si\/wp-content\/uploads\/2016\/04\/2016_vabilo_A5_savlov_sin1_splet-500x353.jpg\" alt=\"2016_vabilo_A5_savlov_sin1_splet\" width=\"251\" height=\"177\" srcset=\"https:\/\/www.gml.si\/wp-content\/uploads\/2016\/04\/2016_vabilo_A5_savlov_sin1_splet-500x353.jpg 500w, https:\/\/www.gml.si\/wp-content\/uploads\/2016\/04\/2016_vabilo_A5_savlov_sin1_splet-768x541.jpg 768w, https:\/\/www.gml.si\/wp-content\/uploads\/2016\/04\/2016_vabilo_A5_savlov_sin1_splet-50x35.jpg 50w, https:\/\/www.gml.si\/wp-content\/uploads\/2016\/04\/2016_vabilo_A5_savlov_sin1_splet.jpg 1000w\" sizes=\"auto, (max-width: 251px) 100vw, 251px\" \/><\/a> MEGH\u00cdV\u00d3<\/strong><\/p>\n<p>A Lendvai Gal\u00e9ria \u00e9s M\u00fazeum,<br \/> valamint a lendvai M\u0171v\u00e9l\u0151d\u00e9si \u00e9s Prom\u00f3ci\u00f3s Int\u00e9zet tisztelettel megh\u00edvja \u00d6n\u00f6ket <strong>SAUL FIA<\/strong>,<br \/> oszk\u00e1r-d\u00edjas film vet\u00edt\u00e9s\u00e9re, amely <strong>cs\u00fct\u00f6rt\u00f6k\u00f6n, 2016. \u00e1prilis 21-\u00e9n lesz 19 \u00f3rakor <\/strong>a lendvai Sz\u00ednh\u00e1z- \u00e9s Hangversenyteremben.<\/p>\n<p><em>Bel\u00e9p\u0151d\u00edj: 5 \u20ac<\/em><\/p>\n<hr \/>\n<h2>A MEGH\u00cdV\u00d3 GRAFIK\u00c1JA<\/h2>\n<p><a href=\"https:\/\/www.gml.si\/wp-content\/uploads\/2016\/04\/2016_vabilo_A5_savlov_sin1_splet.jpg\" data-lbwps-width=\"1000\" data-lbwps-height=\"705\" data-lbwps-srcsmall=\"https:\/\/www.gml.si\/wp-content\/uploads\/2016\/04\/2016_vabilo_A5_savlov_sin1_splet-500x353.jpg\"><img loading=\"lazy\" decoding=\"async\" class=\"alignleft wp-image-10648\" src=\"https:\/\/www.gml.si\/wp-content\/uploads\/2016\/04\/2016_vabilo_A5_savlov_sin1_splet.jpg\" alt=\"2016_vabilo_A5_savlov_sin1_splet\" width=\"620\" height=\"437\" srcset=\"https:\/\/www.gml.si\/wp-content\/uploads\/2016\/04\/2016_vabilo_A5_savlov_sin1_splet.jpg 1000w, https:\/\/www.gml.si\/wp-content\/uploads\/2016\/04\/2016_vabilo_A5_savlov_sin1_splet-500x353.jpg 500w, https:\/\/www.gml.si\/wp-content\/uploads\/2016\/04\/2016_vabilo_A5_savlov_sin1_splet-768x541.jpg 768w, https:\/\/www.gml.si\/wp-content\/uploads\/2016\/04\/2016_vabilo_A5_savlov_sin1_splet-50x35.jpg 50w\" sizes=\"auto, (max-width: 620px) 100vw, 620px\" \/><\/a><\/p>\n<p><a href=\"https:\/\/www.gml.si\/wp-content\/uploads\/2016\/04\/2016_vabilo_A5_savlov_sin2_splet.jpg\" data-lbwps-width=\"1000\" data-lbwps-height=\"705\" data-lbwps-srcsmall=\"https:\/\/www.gml.si\/wp-content\/uploads\/2016\/04\/2016_vabilo_A5_savlov_sin2_splet-500x353.jpg\"><img loading=\"lazy\" decoding=\"async\" class=\"alignleft wp-image-10650\" src=\"https:\/\/www.gml.si\/wp-content\/uploads\/2016\/04\/2016_vabilo_A5_savlov_sin2_splet.jpg\" alt=\"2016_vabilo_A5_savlov_sin2_splet\" width=\"620\" height=\"437\" srcset=\"https:\/\/www.gml.si\/wp-content\/uploads\/2016\/04\/2016_vabilo_A5_savlov_sin2_splet.jpg 1000w, https:\/\/www.gml.si\/wp-content\/uploads\/2016\/04\/2016_vabilo_A5_savlov_sin2_splet-500x353.jpg 500w, https:\/\/www.gml.si\/wp-content\/uploads\/2016\/04\/2016_vabilo_A5_savlov_sin2_splet-768x541.jpg 768w, https:\/\/www.gml.si\/wp-content\/uploads\/2016\/04\/2016_vabilo_A5_savlov_sin2_splet-50x35.jpg 50w\" sizes=\"auto, (max-width: 620px) 100vw, 620px\" \/><\/a><\/p>\n<hr \/>\n<p>SAUL FIA<\/p>\n<p> <strong>Id\u0151tartam:<\/strong> 1h 47min \/ 107min <br \/> <strong>K\u00e9sz\u00edt\u00e9s \u00e9ve:<\/strong> 2015 <br \/> <strong>Orsz\u00e1g:<\/strong> Magyarorsz\u00e1g<br \/> <strong>Nyelv:<\/strong> magyar <br \/> <strong>Forgat\u00f3k\u00f6nyv:<\/strong> L\u00e1szl\u00f3 Nemes, Clara Royer <br \/> <strong>Rendez\u0151:<\/strong> L\u00e1szl\u00f3 Nemes <br \/> <strong>Szerepl\u0151k:<\/strong> G\u00e9za R\u00f6hrig, Levente Moln\u00e1r, Urs Rechn, Todd Charmont, S\u00e1ndor Zs\u00f3t\u00e9r, Marcin Czarnik, Jerzy Walczak, Uwe Lauer, Christian Harting, Kamil Dobrowolski<\/p>\n<p> <span class=\"links\"> <span class=\"label\">Kapcsolatok:<\/span> <a href=\"http:\/\/sonyclassics.com\/sonofsaul\/\">hivatalos olda<\/a>, <a href=\"http:\/\/www.imdb.com\/title\/tt3808342\/?ref_=fn_al_tt_1\">IMDB<\/a> <\/span> <span class=\"links\"> <span class=\"label\"><br \/> Bemutat\u00f3:<\/span> <a href=\"https:\/\/www.youtube.com\/watch?v=5kOPK1JaNuQ\">hivatalos vide\u00f3bemutat\u00f3<\/a><\/span><\/p>\n<p> Szlov\u00e9ni\u00e1ban forgalmazza: <a href=\"http:\/\/www.demiurg.si\/\">Demiurg<\/a><\/p>\n<p><iframe loading=\"lazy\" src=\"\/\/www.youtube.com\/embed\/5kOPK1JaNuQ\" width=\"620\" height=\"349\" frameborder=\"0\" allowfullscreen=\"allowfullscreen\"><\/iframe><\/p>\n<p><strong>LE\u00cdR\u00c1S:<\/strong><\/p>\n<p>A n\u00e1ci koncentr\u00e1ci\u00f3s t\u00e1borokban a foglyokb\u00f3l \u00e1ll\u00f3 Sonderkommando terelte be a megsemmis\u00edt\u00e9sre \u00edt\u00e9lteket a g\u00e1zkamr\u00e1kba, vitte \u00e1t a holttesteket a kremat\u00f3riumokba, takar\u00edtotta ki a termeket az \u00fajabb transzport \u00e9rkez\u00e9se el\u0151tt \u00e9s sz\u00e1ll\u00edtotta ki a hamvakat a t\u00e1borb\u00f3l. A megterhel\u0151 fizikai munka miatt a sonderesek a t\u00e1bor t\u00f6bbi fogly\u00e1n\u00e1l jobb b\u00e1n\u00e1sm\u00f3dban r\u00e9szes\u00fcltek, a t\u00f6bbi t\u00e1borlak\u00f3t\u00f3l elk\u00fcl\u00f6n\u00edtve laktak, de mint a &#8222;titkok \u0151rz\u0151it&#8221;, n\u00e9h\u00e1ny h\u00f3nap ut\u00e1n kiv\u00e9gezt\u00e9k a tagjaikat. Az \u00fajonnan alakul\u00f3 sonderkommand\u00f3 els\u0151 feladata az el\u0151z\u0151 gener\u00e1ci\u00f3 el\u00e9get\u00e9se volt. A sonderesek k\u00f6z\u00fcl nagyon kevesen \u00e9lt\u00e9k t\u00fal a h\u00e1bor\u00fat. <\/p>\n<p> 1944, Auschwitz-Birkenau. Saul Ausl\u00e4nder (R\u00f6hrig G\u00e9za) egyike a kremat\u00f3riumokban dolgoz\u00f3 sonderkommand\u00f3soknak. T\u00e1rsai tudj\u00e1k, hogy b\u00e1rmelyik pillanatban kiv\u00e9gezhetik \u0151ket, fegyvereket gy\u0171jtenek \u00e9s l\u00e1zad\u00e1st szerveznek. Saul viszont az el\u00e9get\u00e9sre v\u00e1r\u00f3 holttestek k\u00f6z\u00f6tt felfedezni v\u00e9li saj\u00e1t fi\u00e1t, \u00e9s ett\u0151l kezdve a f\u00e9rfit a menek\u00fcl\u00e9s helyett egy m\u00e1sik lehetetlen k\u00fcldet\u00e9s \u00e9lteti: elhat\u00e1rozza, hogy kicsemp\u00e9szi a testet \u00e9s keres egy rabbit, hogy m\u00e9lt\u00f3 m\u00f3don eltemethesse a gyermeket.<em><\/p>\n<p> Nemes Jeles L\u00e1szl\u00f3 els\u0151 eg\u00e9szest\u00e9s filmje a holokauszt tal\u00e1n utols\u00f3 tabut\u00e9m\u00e1j\u00e1t dolgozza fel azzal, hogy a Sonderkommand\u00f3t \u00e1ll\u00edtja a k\u00f6z\u00e9ppontj\u00e1ba. Sault k\u00f6vetve megismerj\u00fck a t\u00e1bor gy\u00e1rszer\u0171 m\u0171k\u00f6d\u00e9s\u00e9t, Erd\u00e9ly M\u00e1ty\u00e1s operat\u0151r fesz\u00fclts\u00e9ggel teli k\u00e9peinek \u00e9s Rajk L\u00e1szl\u00f3 l\u00e1tv\u00e1nytervez\u0151 munk\u00e1j\u00e1nak k\u00f6sz\u00f6nhet\u0151en pedig a n\u00e9z\u0151 m\u00e1r-m\u00e1r dokumentarista hiteless\u00e9ggel l\u00e1thatja, pontosan hogyan szervezt\u00e9k meg t\u00f6bb milli\u00f3 ember megsemmis\u00edt\u00e9s\u00e9t.<\/em><\/p>\n<p><span style=\"font-size: 12px;\"> <span class=\"besedilo-malo\"> Forr\u00e1s: <a href=\"http:\/\/www.mozinet.hu\/hu\/filmjeink\/film\/92\/saul_fia\">mozinet.hu<\/a><\/span><\/span><\/p>\n<p><a href=\"http:\/\/www.gml.si\/wp-content\/uploads\/2016\/04\/saulov_sin1.jpg\" data-lbwps-width=\"900\" data-lbwps-height=\"684\" data-lbwps-srcsmall=\"https:\/\/www.gml.si\/wp-content\/uploads\/2016\/04\/saulov_sin1-500x380.jpg\"><img loading=\"lazy\" decoding=\"async\" class=\"img-galerija alignnone size-thumbnail wp-image-4778\" title=\"saulov_sin1\" src=\"http:\/\/www.gml.si\/wp-content\/uploads\/2016\/04\/saulov_sin1-120x120.jpg\" alt=\"saulov_sin1\" width=\"120\" height=\"120\" \/><\/a> <a href=\"http:\/\/www.gml.si\/wp-content\/uploads\/2016\/04\/saulov_sin2.jpg\" data-lbwps-width=\"900\" data-lbwps-height=\"598\" data-lbwps-srcsmall=\"https:\/\/www.gml.si\/wp-content\/uploads\/2016\/04\/saulov_sin2-500x332.jpg\"><img loading=\"lazy\" decoding=\"async\" class=\"img-galerija alignnone size-thumbnail wp-image-4779\" title=\"saulov_sin2\" src=\"http:\/\/www.gml.si\/wp-content\/uploads\/2016\/04\/saulov_sin2-120x120.jpg\" alt=\"saulov_sin2\" width=\"120\" height=\"120\" \/><\/a> <a href=\"http:\/\/www.gml.si\/wp-content\/uploads\/2016\/04\/saulov_sin4.jpg\" data-lbwps-width=\"900\" data-lbwps-height=\"630\" data-lbwps-srcsmall=\"https:\/\/www.gml.si\/wp-content\/uploads\/2016\/04\/saulov_sin4-500x350.jpg\"><img loading=\"lazy\" decoding=\"async\" class=\"img-galerija alignnone size-thumbnail wp-image-4781\" title=\"saulov_sin4\" src=\"http:\/\/www.gml.si\/wp-content\/uploads\/2016\/04\/saulov_sin4-120x120.jpg\" alt=\"saulov_sin4\" width=\"120\" height=\"120\" \/><\/a> <a href=\"http:\/\/www.gml.si\/wp-content\/uploads\/2016\/04\/saulov_sin5.jpg\" data-lbwps-width=\"900\" data-lbwps-height=\"684\" data-lbwps-srcsmall=\"https:\/\/www.gml.si\/wp-content\/uploads\/2016\/04\/saulov_sin5-500x380.jpg\"><img loading=\"lazy\" decoding=\"async\" class=\"img-galerija alignnone size-thumbnail wp-image-4782\" title=\"saulov_sin5\" src=\"http:\/\/www.gml.si\/wp-content\/uploads\/2016\/04\/saulov_sin5-120x120.jpg\" alt=\"saulov_sin5\" width=\"120\" height=\"120\" \/><\/a><\/p>\n","protected":false},"excerpt":{"rendered":"<p>A Lendvai Gal\u00e9ria \u00e9s M\u00fazeum, valamint a lendvai M\u0171v\u00e9l\u0151d\u00e9si \u00e9s Prom\u00f3ci\u00f3s Int\u00e9zet tisztelettel megh\u00edvja \u00d6n\u00f6ket SAUL FIA, oszk\u00e1r-d\u00edjas film vet\u00edt\u00e9s\u00e9re, amely cs\u00fct\u00f6rt\u00f6k\u00f6n, 2016. \u00e1prilis 21-\u00e9n lesz 19 \u00f3rakor a lendvai Sz\u00ednh\u00e1z- \u00e9s Hangversenyteremben. <a href=\"https:\/\/www.gml.si\/hu\/filmvetites-saul-fia\/\"><\/p>\n<p>B\u0151vebben <span class=\"meta-nav\">\u2192<\/span><\/a><\/p>\n","protected":false},"author":5,"featured_media":10648,"comment_status":"closed","ping_status":"closed","sticky":false,"template":"","format":"standard","meta":{"inline_featured_image":false,"footnotes":""},"categories":[58],"tags":[],"class_list":["post-12698","post","type-post","status-publish","format-standard","has-post-thumbnail","hentry","category-hirek"],"_links":{"self":[{"href":"https:\/\/www.gml.si\/hu\/wp-json\/wp\/v2\/posts\/12698","targetHints":{"allow":["GET"]}}],"collection":[{"href":"https:\/\/www.gml.si\/hu\/wp-json\/wp\/v2\/posts"}],"about":[{"href":"https:\/\/www.gml.si\/hu\/wp-json\/wp\/v2\/types\/post"}],"author":[{"embeddable":true,"href":"https:\/\/www.gml.si\/hu\/wp-json\/wp\/v2\/users\/5"}],"replies":[{"embeddable":true,"href":"https:\/\/www.gml.si\/hu\/wp-json\/wp\/v2\/comments?post=12698"}],"version-history":[{"count":0,"href":"https:\/\/www.gml.si\/hu\/wp-json\/wp\/v2\/posts\/12698\/revisions"}],"wp:featuredmedia":[{"embeddable":true,"href":"https:\/\/www.gml.si\/hu\/wp-json\/wp\/v2\/media\/10648"}],"wp:attachment":[{"href":"https:\/\/www.gml.si\/hu\/wp-json\/wp\/v2\/media?parent=12698"}],"wp:term":[{"taxonomy":"category","embeddable":true,"href":"https:\/\/www.gml.si\/hu\/wp-json\/wp\/v2\/categories?post=12698"},{"taxonomy":"post_tag","embeddable":true,"href":"https:\/\/www.gml.si\/hu\/wp-json\/wp\/v2\/tags?post=12698"}],"curies":[{"name":"wp","href":"https:\/\/api.w.org\/{rel}","templated":true}]}}