{"id":12714,"date":"2016-06-06T22:53:40","date_gmt":"2016-06-06T20:53:40","guid":{"rendered":"https:\/\/www.gml.si\/zongorakoncert-a-zsinagogaban-erdi-tamas\/"},"modified":"2016-06-06T22:53:40","modified_gmt":"2016-06-06T20:53:40","slug":"zongorakoncert-a-zsinagogaban-erdi-tamas","status":"publish","type":"post","link":"https:\/\/www.gml.si\/hu\/zongorakoncert-a-zsinagogaban-erdi-tamas\/","title":{"rendered":"ZONGORAKONCERT A ZSINAG\u00d3G\u00c1BAN: \u00c9rdi Tam\u00e1s"},"content":{"rendered":"<p><span style=\"font-size: 20px;\"><strong><a href=\"http:\/\/www.gml.si\/wp-content\/uploads\/2016\/06\/Erdi_2016_turne_plakat_Lendva_web.jpg\" data-lbwps-width=\"715\" data-lbwps-height=\"1000\" data-lbwps-srcsmall=\"https:\/\/www.gml.si\/wp-content\/uploads\/2016\/06\/Erdi_2016_turne_plakat_Lendva_web-358x500.jpg\"><img loading=\"lazy\" decoding=\"async\" class=\"alignright wp-image-4876\" src=\"http:\/\/www.gml.si\/wp-content\/uploads\/2016\/06\/Erdi_2016_turne_plakat_Lendva_web-358x500.jpg\" alt=\"Erdi_2016_turne_plakat_Lendva_web\" width=\"250\" height=\"350\" srcset=\"https:\/\/www.gml.si\/wp-content\/uploads\/2016\/06\/Erdi_2016_turne_plakat_Lendva_web-358x500.jpg 358w, https:\/\/www.gml.si\/wp-content\/uploads\/2016\/06\/Erdi_2016_turne_plakat_Lendva_web.jpg 715w\" sizes=\"auto, (max-width: 250px) 100vw, 250px\" \/><\/a>Harm\u00f3ni\u00e1k<\/strong><\/span><\/p>\n<p> A Prima Primissima d\u00edjas <strong>\u00c9rdi Tam\u00e1s<\/strong> zongoram\u0171v\u00e9sz K\u00f6z\u00e9p-eur\u00f3pai turn\u00e9ja<\/p>\n<p><em> Liszt, Chopin, Kod\u00e1ly, Bart\u00f3k m\u0171vei<\/em><\/p>\n<p> <strong>Helysz\u00edn:<\/strong> lendvai zsinag\u00f3ga<br \/><strong>D\u00e1tum:<\/strong> 2016. j\u00fanius 9. (cs\u00fct\u00f6rt\u00f6k), 20 \u00f3ra<\/p>\n<p> <span style=\"font-size: 12px;\">Szervez\u0151k:<br \/>M\u00e1rTam\u00e1s Bt.<br \/>Zavod za kulturo mad\u017earske narodnosti Lendava \/ Magyar Nemzetis\u00e9gi M\u0171vel\u0151d\u00e9si Int\u00e9zet, Lendva<br \/>Galerija-Muzej Lendava \/ Gal\u00e9ria-M\u00fazeum Lendva<\/span><\/p>\n","protected":false},"excerpt":{"rendered":"<p>A Prima Primissima d\u00edjas \u00c9rdi Tam\u00e1s zongoram\u0171v\u00e9sz koncertje a lendvai zsinag\u00f3g\u00e1ban, 2016. j\u00fanius 9-\u00e9n (cs\u00fct\u00f6rt\u00f6k), 20 \u00f3rakor <a href=\"https:\/\/www.gml.si\/hu\/zongorakoncert-a-zsinagogaban-erdi-tamas\/\"><\/p>\n<p>B\u0151vebben <span class=\"meta-nav\">\u2192<\/span><\/a><\/p>\n","protected":false},"author":5,"featured_media":10686,"comment_status":"closed","ping_status":"closed","sticky":false,"template":"","format":"standard","meta":{"inline_featured_image":false,"footnotes":""},"categories":[58],"tags":[],"class_list":["post-12714","post","type-post","status-publish","format-standard","has-post-thumbnail","hentry","category-hirek"],"_links":{"self":[{"href":"https:\/\/www.gml.si\/hu\/wp-json\/wp\/v2\/posts\/12714","targetHints":{"allow":["GET"]}}],"collection":[{"href":"https:\/\/www.gml.si\/hu\/wp-json\/wp\/v2\/posts"}],"about":[{"href":"https:\/\/www.gml.si\/hu\/wp-json\/wp\/v2\/types\/post"}],"author":[{"embeddable":true,"href":"https:\/\/www.gml.si\/hu\/wp-json\/wp\/v2\/users\/5"}],"replies":[{"embeddable":true,"href":"https:\/\/www.gml.si\/hu\/wp-json\/wp\/v2\/comments?post=12714"}],"version-history":[{"count":0,"href":"https:\/\/www.gml.si\/hu\/wp-json\/wp\/v2\/posts\/12714\/revisions"}],"wp:featuredmedia":[{"embeddable":true,"href":"https:\/\/www.gml.si\/hu\/wp-json\/wp\/v2\/media\/10686"}],"wp:attachment":[{"href":"https:\/\/www.gml.si\/hu\/wp-json\/wp\/v2\/media?parent=12714"}],"wp:term":[{"taxonomy":"category","embeddable":true,"href":"https:\/\/www.gml.si\/hu\/wp-json\/wp\/v2\/categories?post=12714"},{"taxonomy":"post_tag","embeddable":true,"href":"https:\/\/www.gml.si\/hu\/wp-json\/wp\/v2\/tags?post=12714"}],"curies":[{"name":"wp","href":"https:\/\/api.w.org\/{rel}","templated":true}]}}