{"id":12718,"date":"2016-06-15T08:34:36","date_gmt":"2016-06-15T06:34:36","guid":{"rendered":"https:\/\/www.gml.si\/muzeumok-nyari-ejszakaja-2016\/"},"modified":"2016-06-15T08:34:36","modified_gmt":"2016-06-15T06:34:36","slug":"muzeumok-nyari-ejszakaja-2016","status":"publish","type":"post","link":"https:\/\/www.gml.si\/hu\/muzeumok-nyari-ejszakaja-2016\/","title":{"rendered":"M\u00fazeumok Ny\u00e1ri \u00c9jszak\u00e1ja 2016"},"content":{"rendered":"<p><a href=\"https:\/\/www.gml.si\/wp-content\/uploads\/2016\/06\/Vabilo_poletna_muzejska_noc_2016_HU_web.jpg\" data-lbwps-width=\"1000\" data-lbwps-height=\"687\" data-lbwps-srcsmall=\"https:\/\/www.gml.si\/wp-content\/uploads\/2016\/06\/Vabilo_poletna_muzejska_noc_2016_HU_web-500x344.jpg\"><img loading=\"lazy\" decoding=\"async\" class=\"alignleft wp-image-10692\" src=\"https:\/\/www.gml.si\/wp-content\/uploads\/2016\/06\/Vabilo_poletna_muzejska_noc_2016_HU_web.jpg\" alt=\"Vabilo_poletna_muzejska_noc_2016_HU\" width=\"620\" height=\"426\" srcset=\"https:\/\/www.gml.si\/wp-content\/uploads\/2016\/06\/Vabilo_poletna_muzejska_noc_2016_HU_web.jpg 1000w, https:\/\/www.gml.si\/wp-content\/uploads\/2016\/06\/Vabilo_poletna_muzejska_noc_2016_HU_web-500x344.jpg 500w, https:\/\/www.gml.si\/wp-content\/uploads\/2016\/06\/Vabilo_poletna_muzejska_noc_2016_HU_web-768x528.jpg 768w, https:\/\/www.gml.si\/wp-content\/uploads\/2016\/06\/Vabilo_poletna_muzejska_noc_2016_HU_web-50x34.jpg 50w\" sizes=\"auto, (max-width: 620px) 100vw, 620px\" \/><\/a><\/p>\n<p>M E G H \u00cd V \u00d3<\/p>\n<p>A M\u00fazeumok Ny\u00e1ri \u00c9jszak\u00e1ja alkalm\u00e1b\u00f3l a Lendvai Gal\u00e9ria \u00e9s M\u00fazeum szeretettel megh\u00edvja \u00d6n\u00f6ket <strong>szombaton 2016. j\u00fanius 18-\u00e1n, 18.00 \u00e9s 24.00 \u00f3ra k\u00f6z\u00f6tt<\/strong> a lendvai v\u00e1rba.<\/p>\n<p><strong>18.00<\/strong><span class=\"text_exposed_show\"><br \/> Magyar nyelv\u0171 szakmai t\u00e1rlatvezet\u00e9s Joan Mir\u00f3 c. ki\u00e1ll\u00edt\u00e1son. <br \/> A t\u00e1rlatvezet\u00e9st Pisnjak Atilla, m\u0171v\u00e9szett\u00f6rt\u00e9n\u00e9sz vezeti.<\/span><\/p>\n<div class=\"text_exposed_show\">\n<p><strong>20.00<\/strong><br \/> Szlov\u00e9n nyelv\u0171 szakmai t\u00e1rlatvezet\u00e9s Joan Mir\u00f3 c. ki\u00e1ll\u00edt\u00e1son. <br \/> A t\u00e1rlatvezet\u00e9st dr. Janez Bala\u017eic, a Maribori Egyetem Pedag\u00f3giai Kar\u00e1nak el\u0151ad\u00f3ja, m\u00fazeumi tan\u00e1csos vezeti.<\/p>\n<p><em>A bel\u00e9p\u00e9s ingyenes.<\/em><\/p>\n<\/div>\n","protected":false},"excerpt":{"rendered":"<p>A M\u00fazeumok Ny\u00e1ri \u00c9jszak\u00e1ja alkalm\u00e1b\u00f3l a Lendvai Gal\u00e9ria \u00e9s M\u00fazeum szeretettel megh\u00edvja \u00d6n\u00f6ket szombaton 2016. j\u00fanius 18-\u00e1n, 18.00 \u00e9s 24.00 \u00f3ra k\u00f6z\u00f6tt a lendvai v\u00e1rba. <a href=\"https:\/\/www.gml.si\/hu\/muzeumok-nyari-ejszakaja-2016\/\"><\/p>\n<p>B\u0151vebben <span class=\"meta-nav\">\u2192<\/span><\/a><\/p>\n","protected":false},"author":5,"featured_media":10694,"comment_status":"closed","ping_status":"closed","sticky":false,"template":"","format":"standard","meta":{"inline_featured_image":false,"footnotes":""},"categories":[58],"tags":[],"class_list":["post-12718","post","type-post","status-publish","format-standard","has-post-thumbnail","hentry","category-hirek"],"_links":{"self":[{"href":"https:\/\/www.gml.si\/hu\/wp-json\/wp\/v2\/posts\/12718","targetHints":{"allow":["GET"]}}],"collection":[{"href":"https:\/\/www.gml.si\/hu\/wp-json\/wp\/v2\/posts"}],"about":[{"href":"https:\/\/www.gml.si\/hu\/wp-json\/wp\/v2\/types\/post"}],"author":[{"embeddable":true,"href":"https:\/\/www.gml.si\/hu\/wp-json\/wp\/v2\/users\/5"}],"replies":[{"embeddable":true,"href":"https:\/\/www.gml.si\/hu\/wp-json\/wp\/v2\/comments?post=12718"}],"version-history":[{"count":0,"href":"https:\/\/www.gml.si\/hu\/wp-json\/wp\/v2\/posts\/12718\/revisions"}],"wp:featuredmedia":[{"embeddable":true,"href":"https:\/\/www.gml.si\/hu\/wp-json\/wp\/v2\/media\/10694"}],"wp:attachment":[{"href":"https:\/\/www.gml.si\/hu\/wp-json\/wp\/v2\/media?parent=12718"}],"wp:term":[{"taxonomy":"category","embeddable":true,"href":"https:\/\/www.gml.si\/hu\/wp-json\/wp\/v2\/categories?post=12718"},{"taxonomy":"post_tag","embeddable":true,"href":"https:\/\/www.gml.si\/hu\/wp-json\/wp\/v2\/tags?post=12718"}],"curies":[{"name":"wp","href":"https:\/\/api.w.org\/{rel}","templated":true}]}}