{"id":12721,"date":"2016-06-24T08:53:26","date_gmt":"2016-06-24T06:53:26","guid":{"rendered":"https:\/\/www.gml.si\/meghivo-nyilvanos-csillagvizsgalas\/"},"modified":"2016-06-24T08:53:26","modified_gmt":"2016-06-24T06:53:26","slug":"meghivo-nyilvanos-csillagvizsgalas","status":"publish","type":"post","link":"https:\/\/www.gml.si\/hu\/meghivo-nyilvanos-csillagvizsgalas\/","title":{"rendered":"MEGH\u00cdV\u00d3: Nyilv\u00e1nos csillagvizsg\u00e1l\u00e1s"},"content":{"rendered":"<p><a href=\"https:\/\/www.gml.si\/wp-content\/uploads\/2016\/06\/2016_Opazovanje_planetov_in_vesolja_HUN_web.jpg\" data-lbwps-width=\"1200\" data-lbwps-height=\"849\" data-lbwps-srcsmall=\"https:\/\/www.gml.si\/wp-content\/uploads\/2016\/06\/2016_Opazovanje_planetov_in_vesolja_HUN_web-500x354.jpg\"><img loading=\"lazy\" decoding=\"async\" class=\"alignleft wp-image-10696\" src=\"https:\/\/www.gml.si\/wp-content\/uploads\/2016\/06\/2016_Opazovanje_planetov_in_vesolja_HUN_web.jpg\" alt=\"Opazovanje planetov in vesolja_HUN\" width=\"620\" height=\"439\" srcset=\"https:\/\/www.gml.si\/wp-content\/uploads\/2016\/06\/2016_Opazovanje_planetov_in_vesolja_HUN_web.jpg 1200w, https:\/\/www.gml.si\/wp-content\/uploads\/2016\/06\/2016_Opazovanje_planetov_in_vesolja_HUN_web-500x354.jpg 500w, https:\/\/www.gml.si\/wp-content\/uploads\/2016\/06\/2016_Opazovanje_planetov_in_vesolja_HUN_web-768x543.jpg 768w, https:\/\/www.gml.si\/wp-content\/uploads\/2016\/06\/2016_Opazovanje_planetov_in_vesolja_HUN_web-1024x724.jpg 1024w, https:\/\/www.gml.si\/wp-content\/uploads\/2016\/06\/2016_Opazovanje_planetov_in_vesolja_HUN_web-50x35.jpg 50w\" sizes=\"auto, (max-width: 620px) 100vw, 620px\" \/><\/a><\/p>\n<p>M E G H \u00cd V \u00d3<\/p>\n<p> A Lendvai Gal\u00e9ria \u00e9s M\u00fazeum<br \/> <strong><span style=\"font-size: 24px;\">nyilv\u00e1nos csillagvizsg\u00e1l\u00e1sra<\/span> <\/strong><br \/> invit\u00e1lja \u00d6n\u00f6ket, amely <strong>2016. j\u00fanius 28-\u00e1n, kedden 16.00 \u00e9s 02.00 \u00f3ra<\/strong> k\u00f6z\u00f6tt lesz a lendvai v\u00e1r udvar\u00e1n.<\/p>\n<p> <em>Szomi Kralj B\u00e9la<\/em> tan\u00e1r, csillag\u00e1sz, zen\u00e9sz ugyanis ezen a napon n\u00e9gy sz\u00e1m\u00edt\u00f3g\u00e9pvez\u00e9relt teleszk\u00f3pot \u00e1ll\u00edt majd fel a v\u00e1r k\u00f6r\u00fcl, hogy seg\u00edts\u00e9g\u00fckkel azok is betekint\u00e9st nyerhessenek a vil\u00e1g\u0171rbe, akik mindezid\u00e1ig nem vett\u00e9k t\u00fczetesebben szem\u00fcgyre csillagokkal telesz\u00f3rt hajl\u00e9kunkat.<\/p>\n<p> A Nap megfigyel\u00e9se 16 \u00f3ra k\u00f6r\u00fcl veszi kezdet\u00e9t, alkonyatkor (21 \u00f3ra k\u00f6r\u00fcl) pedig r\u00f6viden bemutatjuk a csillagt\u00e9rk\u00e9peket \u00e9s az \u00e9jszaka sor\u00e1n l\u00e1that\u00f3 objektumokat. Az esem\u00e9nyt \u00e9jjel kett\u0151 \u00f3ra k\u00f6r\u00fcl z\u00e1rjuk.<\/p>\n<p> A projektn\u00e9l k\u00f6zrem\u0171k\u00f6dnek <em>Franci Hribar<\/em>, <em>\u017diga Loboda<\/em> \u00e9s a <em>Kralj Toma\u017e Kultur\u00e1lis Egyes\u00fclet<\/em> csillagfot\u00f3z\u00f3 tagozat n\u00e9h\u00e1ny m\u00e1s tagja.<\/p>\n<p> <em><span style=\"font-size: 12px;\">(rossz id\u0151 eset\u00e9n a megfigyel\u00e9s egy k\u00e9s\u0151bbi id\u0151pontban lesz)<\/span><\/em><\/p>\n","protected":false},"excerpt":{"rendered":"<p>A Lendvai Gal\u00e9ria \u00e9s M\u00fazeum nyilv\u00e1nos csillagvizsg\u00e1l\u00e1sra invit\u00e1lja \u00d6n\u00f6ket, amely 2016. j\u00fanius 28-\u00e1n, kedden 16.00 \u00e9s 02.00 \u00f3ra k\u00f6z\u00f6tt lesz a lendvai v\u00e1r udvar\u00e1n. <a href=\"https:\/\/www.gml.si\/hu\/meghivo-nyilvanos-csillagvizsgalas\/\"><\/p>\n<p>B\u0151vebben <span class=\"meta-nav\">\u2192<\/span><\/a><\/p>\n","protected":false},"author":5,"featured_media":10698,"comment_status":"closed","ping_status":"closed","sticky":false,"template":"","format":"standard","meta":{"inline_featured_image":false,"footnotes":""},"categories":[58],"tags":[],"class_list":["post-12721","post","type-post","status-publish","format-standard","has-post-thumbnail","hentry","category-hirek"],"_links":{"self":[{"href":"https:\/\/www.gml.si\/hu\/wp-json\/wp\/v2\/posts\/12721","targetHints":{"allow":["GET"]}}],"collection":[{"href":"https:\/\/www.gml.si\/hu\/wp-json\/wp\/v2\/posts"}],"about":[{"href":"https:\/\/www.gml.si\/hu\/wp-json\/wp\/v2\/types\/post"}],"author":[{"embeddable":true,"href":"https:\/\/www.gml.si\/hu\/wp-json\/wp\/v2\/users\/5"}],"replies":[{"embeddable":true,"href":"https:\/\/www.gml.si\/hu\/wp-json\/wp\/v2\/comments?post=12721"}],"version-history":[{"count":0,"href":"https:\/\/www.gml.si\/hu\/wp-json\/wp\/v2\/posts\/12721\/revisions"}],"wp:featuredmedia":[{"embeddable":true,"href":"https:\/\/www.gml.si\/hu\/wp-json\/wp\/v2\/media\/10698"}],"wp:attachment":[{"href":"https:\/\/www.gml.si\/hu\/wp-json\/wp\/v2\/media?parent=12721"}],"wp:term":[{"taxonomy":"category","embeddable":true,"href":"https:\/\/www.gml.si\/hu\/wp-json\/wp\/v2\/categories?post=12721"},{"taxonomy":"post_tag","embeddable":true,"href":"https:\/\/www.gml.si\/hu\/wp-json\/wp\/v2\/tags?post=12721"}],"curies":[{"name":"wp","href":"https:\/\/api.w.org\/{rel}","templated":true}]}}