{"id":12745,"date":"2016-08-31T19:42:31","date_gmt":"2016-08-31T17:42:31","guid":{"rendered":"https:\/\/www.gml.si\/meghivo-europai-zsido-kultura-napja-dan-reisinger-kiallitasa\/"},"modified":"2016-08-31T19:42:31","modified_gmt":"2016-08-31T17:42:31","slug":"meghivo-europai-zsido-kultura-napja-dan-reisinger-kiallitasa","status":"publish","type":"post","link":"https:\/\/www.gml.si\/hu\/meghivo-europai-zsido-kultura-napja-dan-reisinger-kiallitasa\/","title":{"rendered":"MEGH\u00cdV\u00d3: Eur\u00f3pai Zsid\u00f3 Kult\u00fara Napja &#8211; Dan Reisinger ki\u00e1ll\u00edt\u00e1sa"},"content":{"rendered":"<p><a href=\"https:\/\/www.gml.si\/wp-content\/uploads\/2016\/09\/Vabilo-Meghivo_Reisinger_web.jpg\" data-lbwps-width=\"1000\" data-lbwps-height=\"707\" data-lbwps-srcsmall=\"https:\/\/www.gml.si\/wp-content\/uploads\/2016\/09\/Vabilo-Meghivo_Reisinger_web-500x354.jpg\"><img loading=\"lazy\" decoding=\"async\" class=\"alignleft wp-image-10726\" src=\"https:\/\/www.gml.si\/wp-content\/uploads\/2016\/09\/Vabilo-Meghivo_Reisinger_web.jpg\" alt=\"Vabilo-Meghivo_Reisinger\" width=\"620\" height=\"438\" srcset=\"https:\/\/www.gml.si\/wp-content\/uploads\/2016\/09\/Vabilo-Meghivo_Reisinger_web.jpg 1000w, https:\/\/www.gml.si\/wp-content\/uploads\/2016\/09\/Vabilo-Meghivo_Reisinger_web-500x354.jpg 500w, https:\/\/www.gml.si\/wp-content\/uploads\/2016\/09\/Vabilo-Meghivo_Reisinger_web-768x543.jpg 768w, https:\/\/www.gml.si\/wp-content\/uploads\/2016\/09\/Vabilo-Meghivo_Reisinger_web-50x35.jpg 50w\" sizes=\"auto, (max-width: 620px) 100vw, 620px\" \/><\/a>Megh\u00edv\u00f3<\/p>\n<p> A Lendvai Gal\u00e9ria \u00e9s M\u00fazeum az <em><strong>Eur\u00f3pai Zsid\u00f3 Kult\u00fara Napja<\/strong><\/em> alkalm\u00e1b\u00f3l tisztelettel megh\u00edvja \u00d6nt <strong>Dan Reisinger<\/strong> izraeli m\u0171v\u00e9sz, Lendva d\u00edszpolg\u00e1r\u00e1nak ki\u00e1ll\u00edt\u00e1s\u00e1ra, amely <strong>2016. szeptember 2-\u00e1n, p\u00e9nteken 19 \u00f3rakor<\/strong> ny\u00edlik meg a Lendvai Zsinag\u00f3g\u00e1ban.<\/p>\n<p> Besz\u00e9det mondanak <strong>L\u00e1z\u00e1r Be\u00e1ta<\/strong>, a Lendvai Gal\u00e9ria \u00e9s M\u00fazeum igazgat\u00f3ja, <strong>mag. Anton Bala\u017eek<\/strong>, Lendva K\u00f6zs\u00e9g polg\u00e1rmestere \u00e9s <strong>prof. dr. Szita Szabolcs<\/strong>, a budapesti Holokauszt Eml\u00e9kk\u00f6zpont igazgat\u00f3ja.<\/p>\n<p> A ki\u00e1ll\u00edt\u00e1st <strong>Szepes H\u00e9di<\/strong> m\u0171v\u00e9szett\u00f6rt\u00e9n\u00e9sz m\u00e9ltatja.<\/p>\n<p> Az esem\u00e9nyen sor ker\u00fcl a zsinag\u00f3ga, a Szlov\u00e9n Holokauszt M\u00fazeum \u00faj honlapj\u00e1nak bemutat\u00e1s\u00e1ra is (<a href=\"http:\/\/www.sinagoga-lendava.si\">www.sinagoga-lendava.si<\/a>).<\/p>\n<p> A megnyit\u00f3t k\u00f6vet\u0151en a <strong>Klezmer Chaverim<\/strong> du\u00f3 ad koncertet.<\/p>\n","protected":false},"excerpt":{"rendered":"<p>A Lendvai Gal\u00e9ria \u00e9s M\u00fazeum az Eur\u00f3pai Zsid\u00f3 Kult\u00fara Napja alkalm\u00e1b\u00f3l tisztelettel megh\u00edvja \u00d6nt Dan Reisinger izraeli m\u0171v\u00e9sz, Lendva d\u00edszpolg\u00e1r\u00e1nak ki\u00e1ll\u00edt\u00e1s\u00e1ra, amely 2016. szeptember 2-\u00e1n, p\u00e9nteken 19 \u00f3rakor ny\u00edlik meg a Lendvai Zsinag\u00f3g\u00e1ban. <a href=\"https:\/\/www.gml.si\/hu\/meghivo-europai-zsido-kultura-napja-dan-reisinger-kiallitasa\/\"><\/p>\n<p>B\u0151vebben <span class=\"meta-nav\">\u2192<\/span><\/a><\/p>\n","protected":false},"author":5,"featured_media":10726,"comment_status":"closed","ping_status":"closed","sticky":false,"template":"","format":"standard","meta":{"inline_featured_image":false,"footnotes":""},"categories":[58],"tags":[],"class_list":["post-12745","post","type-post","status-publish","format-standard","has-post-thumbnail","hentry","category-hirek"],"_links":{"self":[{"href":"https:\/\/www.gml.si\/hu\/wp-json\/wp\/v2\/posts\/12745","targetHints":{"allow":["GET"]}}],"collection":[{"href":"https:\/\/www.gml.si\/hu\/wp-json\/wp\/v2\/posts"}],"about":[{"href":"https:\/\/www.gml.si\/hu\/wp-json\/wp\/v2\/types\/post"}],"author":[{"embeddable":true,"href":"https:\/\/www.gml.si\/hu\/wp-json\/wp\/v2\/users\/5"}],"replies":[{"embeddable":true,"href":"https:\/\/www.gml.si\/hu\/wp-json\/wp\/v2\/comments?post=12745"}],"version-history":[{"count":0,"href":"https:\/\/www.gml.si\/hu\/wp-json\/wp\/v2\/posts\/12745\/revisions"}],"wp:featuredmedia":[{"embeddable":true,"href":"https:\/\/www.gml.si\/hu\/wp-json\/wp\/v2\/media\/10726"}],"wp:attachment":[{"href":"https:\/\/www.gml.si\/hu\/wp-json\/wp\/v2\/media?parent=12745"}],"wp:term":[{"taxonomy":"category","embeddable":true,"href":"https:\/\/www.gml.si\/hu\/wp-json\/wp\/v2\/categories?post=12745"},{"taxonomy":"post_tag","embeddable":true,"href":"https:\/\/www.gml.si\/hu\/wp-json\/wp\/v2\/tags?post=12745"}],"curies":[{"name":"wp","href":"https:\/\/api.w.org\/{rel}","templated":true}]}}