{"id":12775,"date":"2017-01-19T21:18:06","date_gmt":"2017-01-19T20:18:06","guid":{"rendered":"https:\/\/www.gml.si\/kiallitas-szentendren-tuzben-szuletett\/"},"modified":"2017-01-19T21:18:06","modified_gmt":"2017-01-19T20:18:06","slug":"kiallitas-szentendren-tuzben-szuletett","status":"publish","type":"post","link":"https:\/\/www.gml.si\/hu\/kiallitas-szentendren-tuzben-szuletett\/","title":{"rendered":"KI\u00c1LL\u00cdT\u00c1S SZENTENDR\u00c9N: T\u0171zben sz\u00fcletett"},"content":{"rendered":"<p><a href=\"http:\/\/www.gml.si\/wp-content\/uploads\/2017\/01\/Szentendre_meghivo_web.jpg\" data-lbwps-width=\"1500\" data-lbwps-height=\"1236\" data-lbwps-srcsmall=\"https:\/\/www.gml.si\/wp-content\/uploads\/2017\/01\/Szentendre_meghivo_web-500x412.jpg\"><img loading=\"lazy\" decoding=\"async\" class=\"alignleft wp-image-5111\" src=\"http:\/\/www.gml.si\/wp-content\/uploads\/2017\/01\/Szentendre_meghivo_web-1024x844.jpg\" width=\"620\" height=\"511\" srcset=\"https:\/\/www.gml.si\/wp-content\/uploads\/2017\/01\/Szentendre_meghivo_web-1024x844.jpg 1024w, https:\/\/www.gml.si\/wp-content\/uploads\/2017\/01\/Szentendre_meghivo_web-500x412.jpg 500w, https:\/\/www.gml.si\/wp-content\/uploads\/2017\/01\/Szentendre_meghivo_web.jpg 1500w\" sizes=\"auto, (max-width: 620px) 100vw, 620px\" \/><\/a>M E G H \u00cd V \u00d3<\/p>\n<p> A Magyar Kult\u00fara Napja alkalm\u00e1b\u00f3l a Magyar Alkot\u00f3m\u0171v\u00e9szeti K\u00f6zhaszn\u00fa Nonprofit Kft. \u00e9s Szentendre V\u00e1ros \u00d6nkorm\u00e1nyzata tisztelettel \u00e9s szeretettel megh\u00edvja \u00d6nt \u00e9s hozz\u00e1tartoz\u00f3it a<\/p>\n<p><span style=\"font-size: 28px;\"><strong>T\u0171zben sz\u00fcletett c\u00edm\u0171<\/strong><\/span><br \/>\n <em><strong> (v\u00e1logat\u00e1s a lendvai nemzetk\u00f6zi bronz\u00f6nt\u0151 m\u0171v\u00e9sztelep gy\u0171jtem\u00e9ny\u00e9b\u0151l)<\/strong> <\/em><\/p>\n<p> ki\u00e1ll\u00edt\u00e1s megnyit\u00f3j\u00e1ra a MANK Gal\u00e9ri\u00e1ba <strong>2017. janu\u00e1r 20-\u00e1n, p\u00e9nteken 18<\/strong> \u00f3r\u00e1ra.<\/p>\n<p> <em>K\u00f6sz\u00f6nt\u0151t mond:<\/em><br \/>\n Verseghi-Nagy Mikl\u00f3s, Szentendre V\u00e1ros polg\u00e1rmestere<\/p>\n<p> <em>A ki\u00e1ll\u00edt\u00e1st megnyitja:<\/em><br \/>\n Ksenija \u0160krilec, a Szlov\u00e9n K\u00f6zt\u00e1rsas\u00e1g nagyk\u00f6vete<\/p>\n<p> <em>Szakmai bevezet\u0151t mond:<\/em><br \/>\n Szepes H\u00e9di, m\u0171v\u00e9szett\u00f6rt\u00e9n\u00e9sz<\/p>\n<p> <em>Az esem\u00e9ny h\u00e1zigazd\u00e1ja:<\/em><br \/>\n H\u00f3v\u00e1ri J\u00e1nos, a Magyar Alkot\u00f3m\u0171v\u00e9szeti K\u00f6zhaszn\u00fa Nonprofit Kft.<br \/>\n f\u0151igazgat\u00f3ja<\/p>\n<p> <em>K\u00f6zrem\u0171k\u00f6dik:<\/em><br \/>\n D\u00f3czy P\u00e9ter, sz\u00ednm\u0171v\u00e9sz<\/p>\n<p> <em>A ki\u00e1ll\u00edt\u00e1s kur\u00e1torai:<\/em><br \/>\n Szepes H\u00e9di \u00e9s Orgov\u00e1n Kinga m\u0171v\u00e9szett\u00f6rt\u00e9n\u00e9szek<\/p>\n<p> <em>C\u00edm:<\/em><br \/>\n Szentendrei R\u00e9gi M\u0171v\u00e9sztelep,<br \/>\n Szentendre, Bogd\u00e1nyi utca 51.<br \/>\n A ki\u00e1ll\u00edt\u00e1s megtekinthet\u0151:<br \/>\n 2017. febru\u00e1r 12-ig,<br \/>\n h\u00e9tf\u0151t\u0151l p\u00e9ntekig 9 \u00e9s 17 \u00f3ra k\u00f6z\u00f6tt,<br \/>\n h\u00e9tv\u00e9g\u00e9n 10 \u00e9s 17 \u00f3ra k\u00f6z\u00f6tt.<\/p>\n","protected":false},"excerpt":{"rendered":"<p>A Magyar Kult\u00fara Napja alkalm\u00e1b\u00f3l a Magyar Alkot\u00f3m\u0171v\u00e9szeti K\u00f6zhaszn\u00fa Nonprofit Kft. \u00e9s Szentendre V\u00e1ros \u00d6nkorm\u00e1nyzata tisztelettel \u00e9s szeretettel megh\u00edvja \u00d6nt \u00e9s hozz\u00e1tartoz\u00f3it a T\u0171zben sz\u00fcletett c\u00edm\u0171 (v\u00e1logat\u00e1s a lendvai nemzetk\u00f6zi bronz\u00f6nt\u0151 m\u0171v\u00e9sztelep gy\u0171jtem\u00e9ny\u00e9b\u0151l) ki\u00e1ll\u00edt\u00e1s megnyit\u00f3j\u00e1ra a MANK Gal\u00e9ri\u00e1ba <strong>2017. janu\u00e1r 20-\u00e1n, p\u00e9nteken 18 \u00f3r\u00e1ra<\/strong>. <a href=\"https:\/\/www.gml.si\/hu\/kiallitas-szentendren-tuzben-szuletett\/\"><\/p>\n<p>B\u0151vebben <span class=\"meta-nav\">\u2192<\/span><\/a><\/p>\n","protected":false},"author":5,"featured_media":10800,"comment_status":"closed","ping_status":"closed","sticky":false,"template":"","format":"standard","meta":{"inline_featured_image":false,"footnotes":""},"categories":[66,58],"tags":[],"class_list":["post-12775","post","type-post","status-publish","format-standard","has-post-thumbnail","hentry","category-elozo","category-hirek"],"_links":{"self":[{"href":"https:\/\/www.gml.si\/hu\/wp-json\/wp\/v2\/posts\/12775","targetHints":{"allow":["GET"]}}],"collection":[{"href":"https:\/\/www.gml.si\/hu\/wp-json\/wp\/v2\/posts"}],"about":[{"href":"https:\/\/www.gml.si\/hu\/wp-json\/wp\/v2\/types\/post"}],"author":[{"embeddable":true,"href":"https:\/\/www.gml.si\/hu\/wp-json\/wp\/v2\/users\/5"}],"replies":[{"embeddable":true,"href":"https:\/\/www.gml.si\/hu\/wp-json\/wp\/v2\/comments?post=12775"}],"version-history":[{"count":0,"href":"https:\/\/www.gml.si\/hu\/wp-json\/wp\/v2\/posts\/12775\/revisions"}],"wp:featuredmedia":[{"embeddable":true,"href":"https:\/\/www.gml.si\/hu\/wp-json\/wp\/v2\/media\/10800"}],"wp:attachment":[{"href":"https:\/\/www.gml.si\/hu\/wp-json\/wp\/v2\/media?parent=12775"}],"wp:term":[{"taxonomy":"category","embeddable":true,"href":"https:\/\/www.gml.si\/hu\/wp-json\/wp\/v2\/categories?post=12775"},{"taxonomy":"post_tag","embeddable":true,"href":"https:\/\/www.gml.si\/hu\/wp-json\/wp\/v2\/tags?post=12775"}],"curies":[{"name":"wp","href":"https:\/\/api.w.org\/{rel}","templated":true}]}}