{"id":12781,"date":"2017-01-26T18:13:39","date_gmt":"2017-01-26T17:13:39","guid":{"rendered":"https:\/\/www.gml.si\/soa-emlekezzunk-2017\/"},"modified":"2017-01-26T18:13:39","modified_gmt":"2017-01-26T17:13:39","slug":"soa-emlekezzunk-2017","status":"publish","type":"post","link":"https:\/\/www.gml.si\/hu\/soa-emlekezzunk-2017\/","title":{"rendered":"SO\u00c1 &#8211; Eml\u00e9kezz\u00fcnk 2017"},"content":{"rendered":"<p>Eml\u00e9kezz\u00fcnk egy\u00fctt a Nemzetk\u00f6zi Holokauszt Eml\u00e9knap rendezv\u00e9nyein!<\/p>\n<p><span style=\"font-size: 20px;\"> <strong>P\u00e9nteken, 2017. janu\u00e1r 27-\u00e9n<\/strong><\/span><br \/>\n A bel\u00e9p\u00e9s 9-t\u0151l 17 \u00f3r\u00e1ig d\u00edjtalan.<\/p>\n<hr \/>\n<p><strong>Lendvai Zsinag\u00f3ga \u2013 Szlov\u00e9n Holokauszt Eml\u00e9km\u00fazeum<\/strong><br \/>\n <strong><br \/>\n 10.00<\/strong> &#8211; Rendhagy\u00f3 t\u00f6rt\u00e9nelem\u00f3ra az 1. Sz. Lendvai K\u00c1I 9. oszt\u00e1lyos tanul\u00f3inak<br \/>\n <strong>17.00<\/strong> &#8211; A <em>Boris Braun \u00e9let\u00fatja<\/em> c\u00edm\u0171 horv\u00e1t film vet\u00edt\u00e9se (HR, 2015)<br \/>\n Ismertet\u0151: <a href=\"http:\/\/www.sinagoga-lendava.si\">www.sinagoga-lendava.si<\/a><\/p>\n<hr \/>\n<p><strong>Hossz\u00fafalui zsid\u00f3temet\u0151<\/strong><br \/>\n <strong><br \/>\n 11.30<\/strong> &#8211; Koszor\u00faz\u00e1s a holokauszt lendvai \u00e1ldozatai eml\u00e9k\u00e9re<\/p>\n<p><a href=\"http:\/\/www.gml.si\/wp-content\/uploads\/2017\/01\/Spominjajmo_se_Emlekezzunk_2017_web.jpg\" data-lbwps-width=\"1000\" data-lbwps-height=\"707\" data-lbwps-srcsmall=\"https:\/\/www.gml.si\/wp-content\/uploads\/2017\/01\/Spominjajmo_se_Emlekezzunk_2017_web-500x354.jpg\"><img loading=\"lazy\" decoding=\"async\" class=\"alignleft size-full wp-image-10810\" src=\"http:\/\/www.gml.si\/wp-content\/uploads\/2017\/01\/Spominjajmo_se_Emlekezzunk_2017_web.jpg\" alt=\"\" width=\"1000\" height=\"707\" srcset=\"https:\/\/www.gml.si\/wp-content\/uploads\/2017\/01\/Spominjajmo_se_Emlekezzunk_2017_web.jpg 1000w, https:\/\/www.gml.si\/wp-content\/uploads\/2017\/01\/Spominjajmo_se_Emlekezzunk_2017_web-500x354.jpg 500w, https:\/\/www.gml.si\/wp-content\/uploads\/2017\/01\/Spominjajmo_se_Emlekezzunk_2017_web-768x543.jpg 768w, https:\/\/www.gml.si\/wp-content\/uploads\/2017\/01\/Spominjajmo_se_Emlekezzunk_2017_web-50x35.jpg 50w\" sizes=\"auto, (max-width: 1000px) 100vw, 1000px\" \/><\/a><\/p>\n","protected":false},"excerpt":{"rendered":"<p>Eml\u00e9kezz\u00fcnk egy\u00fctt a Nemzetk\u00f6zi Holokauszt Eml\u00e9knap rendezv\u00e9nyein <strong>p\u00e9nteken, 2017. janu\u00e1r 27-\u00e9n<\/strong>. A bel\u00e9p\u00e9s 9-t\u0151l 17 \u00f3r\u00e1ig d\u00edjtalan. <a href=\"https:\/\/www.gml.si\/hu\/soa-emlekezzunk-2017\/\"><\/p>\n<p>B\u0151vebben <span class=\"meta-nav\">\u2192<\/span><\/a><\/p>\n","protected":false},"author":5,"featured_media":10810,"comment_status":"closed","ping_status":"closed","sticky":false,"template":"","format":"standard","meta":{"inline_featured_image":false,"footnotes":""},"categories":[58],"tags":[],"class_list":["post-12781","post","type-post","status-publish","format-standard","has-post-thumbnail","hentry","category-hirek"],"_links":{"self":[{"href":"https:\/\/www.gml.si\/hu\/wp-json\/wp\/v2\/posts\/12781","targetHints":{"allow":["GET"]}}],"collection":[{"href":"https:\/\/www.gml.si\/hu\/wp-json\/wp\/v2\/posts"}],"about":[{"href":"https:\/\/www.gml.si\/hu\/wp-json\/wp\/v2\/types\/post"}],"author":[{"embeddable":true,"href":"https:\/\/www.gml.si\/hu\/wp-json\/wp\/v2\/users\/5"}],"replies":[{"embeddable":true,"href":"https:\/\/www.gml.si\/hu\/wp-json\/wp\/v2\/comments?post=12781"}],"version-history":[{"count":0,"href":"https:\/\/www.gml.si\/hu\/wp-json\/wp\/v2\/posts\/12781\/revisions"}],"wp:featuredmedia":[{"embeddable":true,"href":"https:\/\/www.gml.si\/hu\/wp-json\/wp\/v2\/media\/10810"}],"wp:attachment":[{"href":"https:\/\/www.gml.si\/hu\/wp-json\/wp\/v2\/media?parent=12781"}],"wp:term":[{"taxonomy":"category","embeddable":true,"href":"https:\/\/www.gml.si\/hu\/wp-json\/wp\/v2\/categories?post=12781"},{"taxonomy":"post_tag","embeddable":true,"href":"https:\/\/www.gml.si\/hu\/wp-json\/wp\/v2\/tags?post=12781"}],"curies":[{"name":"wp","href":"https:\/\/api.w.org\/{rel}","templated":true}]}}