{"id":12789,"date":"2017-03-01T20:19:37","date_gmt":"2017-03-01T19:19:37","guid":{"rendered":"https:\/\/www.gml.si\/kepzomuveszeti-kiallitas-19-szazadi-magyar-festeszet-a-kovacs-gabor-gyujtemenyben\/"},"modified":"2017-03-01T20:19:37","modified_gmt":"2017-03-01T19:19:37","slug":"kepzomuveszeti-kiallitas-19-szazadi-magyar-festeszet-a-kovacs-gabor-gyujtemenyben","status":"publish","type":"post","link":"https:\/\/www.gml.si\/hu\/kepzomuveszeti-kiallitas-19-szazadi-magyar-festeszet-a-kovacs-gabor-gyujtemenyben\/","title":{"rendered":"K\u00c9PZ\u0150M\u0170V\u00c9SZETI KI\u00c1LL\u00cdT\u00c1S: 19. sz\u00e1zadi magyar fest\u00e9szet a Kov\u00e1cs G\u00e1bor Gy\u0171jtem\u00e9nyben"},"content":{"rendered":"<p><a href=\"http:\/\/www.gml.si\/wp-content\/uploads\/2017\/03\/Plakat_Kogart_100x50cm_web_1200px.jpg\" data-lbwps-width=\"600\" data-lbwps-height=\"1200\" data-lbwps-srcsmall=\"https:\/\/www.gml.si\/wp-content\/uploads\/2017\/03\/Plakat_Kogart_100x50cm_web_1200px-250x500.jpg\"><img loading=\"lazy\" decoding=\"async\" class=\"size-medium wp-image-5154 alignleft\" src=\"http:\/\/www.gml.si\/wp-content\/uploads\/2017\/03\/Plakat_Kogart_100x50cm_web_1200px-250x500.jpg\" alt=\"\" width=\"250\" height=\"500\" srcset=\"https:\/\/www.gml.si\/wp-content\/uploads\/2017\/03\/Plakat_Kogart_100x50cm_web_1200px-250x500.jpg 250w, https:\/\/www.gml.si\/wp-content\/uploads\/2017\/03\/Plakat_Kogart_100x50cm_web_1200px-512x1024.jpg 512w, https:\/\/www.gml.si\/wp-content\/uploads\/2017\/03\/Plakat_Kogart_100x50cm_web_1200px.jpg 600w\" sizes=\"auto, (max-width: 250px) 100vw, 250px\" \/><\/a>M E G H \u00cd V \u00d3<\/p>\n<p> <em> Tisztelt M\u0171v\u00e9szetkedvel\u0151k!<\/em><\/p>\n<p> A Lendvai Gal\u00e9ria \u00e9s M\u00fazeum, valamint a Kov\u00e1cs G\u00e1bor M\u0171v\u00e9szeti Alap\u00edtv\u00e1ny szeretettel megh\u00edvja \u00d6nt \u00e9s kedves bar\u00e1tait a<\/p>\n<p> <strong><span style=\"font-size: 24px;\">19. sz\u00e1zadi magyar <br \/>\n fest\u00e9szet <\/span><\/strong><strong><span style=\"font-size: 24px;\">a Kov\u00e1cs G\u00e1bor Gy\u0171jtem\u00e9nyben <\/span><\/strong><\/p>\n<p> c\u00edm\u0171 ki\u00e1ll\u00edt\u00e1s megnyit\u00f3j\u00e1ra, <strong>2017. m\u00e1rcius 10-\u00e9n, p\u00e9nteken 18 \u00f3r\u00e1ra<\/strong> a lendvai v\u00e1rba.<\/p>\n<p> K\u00f6sz\u00f6nt\u0151t mond: <strong>mag. Anton Bala\u017eek<\/strong> Lendva K\u00f6zs\u00e9g polg\u00e1rmestere<\/p>\n<p> A t\u00e1rlatot megnyitj\u00e1k: <strong>dr. Hopp\u00e1l P\u00e9ter<\/strong> kult\u00far\u00e1\u00e9rt felel\u0151s \u00e1llamtitk\u00e1r, Emberi Er\u0151forr\u00e1sok Miniszteriuma \u00e9s <strong>Damjana Pe\u010dnik \u00e1llamtitk\u00e1r<\/strong>, a Szlov\u00e9n K\u00f6zt\u00e1rsas\u00e1g Kultur\u00e1lis Miniszt\u00e9riuma.<\/p>\n<p> Szakmai megnyit\u00f3: <strong>Fert\u0151sz\u00f6gi P\u00e9ter<\/strong> m\u0171v\u00e9szett\u00f6rt\u00e9n\u00e9sz<\/p>\n<p> A lendvai v\u00e1rgal\u00e9ri\u00e1ban bemutatott ki\u00e1ll\u00edt\u00e1s reprezentat\u00edv \u00e1ttekint\u00e9st ad a 19. sz\u00e1zadi magyar fest\u00e9szet \u00f6sszes fontos st\u00edlusir\u00e1nyzat\u00e1b\u00f3l a klasszicista kezdetekt\u0151l a romantika \u00e9s a realizmus t\u00e9rh\u00f3d\u00edt\u00e1s\u00e1n \u00e1t eg\u00e9szen a sz\u00e1zadv\u00e9g naturalizmus\u00e1ig. Mindez az egyik legjelent\u0151sebb mai magyar mag\u00e1ngy\u0171jtem\u00e9ny, a Kov\u00e1cs G\u00e1bor Gy\u0171jtem\u00e9ny remekm\u0171veib\u0151l v\u00e1logatva val\u00f3sul meg, aminek 19. sz\u00e1zadi egys\u00e9ge a legnagyobb olyan mag\u00e1ntulajdonban l\u00e9v\u0151 kollekci\u00f3, mely kiemelked\u0151 alkot\u00e1sokkal k\u00e9pes bemutatni az 1800-as \u00e9vek magyar fest\u00e9szet\u00e9nek fejl\u0151d\u00e9s\u00e9t, els\u0151sorban a portr\u00e9-, a t\u00e1j- \u00e9s az \u00e9letk\u00e9pfest\u00e9szet ter\u00e9n.<\/p>\n<p> <strong>A ki\u00e1ll\u00edt\u00e1son a felsorolt m\u0171v\u00e9szek festm\u00e9nyei tekinthet\u0151k meg:<\/strong><br \/>\n BARAB\u00c1S Mikl\u00f3s (1810-1898), BIHARI S\u00e1ndor (1855-1906), B\u00d6HM P\u00e1l (1839-1905), BROCKY K\u00e1roly (1807-1855), BRODSZKY S\u00e1ndor (1819-1901), CS\u00d3K Istv\u00e1n (1865-1961), DON\u00c1T J\u00e1nos D\u00e1niel (1744-1830), FERENCZY K\u00e1roly (1862-1917), HOROVITZ Lip\u00f3t (1838-1917), JAKOBEY K\u00e1roly (1826-1891), KELETI Guszt\u00e1v (1834-1902), KHOOR J\u00f3zsef (1817-1880), KISFALUDY K\u00e1roly (1788-1830), KOV\u00c1CS Mih\u00e1ly (1818-1892), KOZINA S\u00e1ndor (1808-1873), LIGETI Antal (1823-1890), LOTZ K\u00e1roly (1821-1862), MARASTONI Jakab (1804-1860), MARK\u00d3 Andr\u00e1s (1824-1895), MARK\u00d3 Ferenc (1832-1874), ifj. MARK\u00d3 K\u00e1roly (1822-1891), id. MARK\u00d3 K\u00e1roly (1793-1860), MEDNY\u00c1NSZKY L\u00e1szl\u00f3 (1852-1919), M\u00c9SZ\u00d6LY G\u00e9za (1844-1887), MOLN\u00c1R J\u00f3zsef (1821-1899), MUNK\u00c1CSY Mih\u00e1ly (1844-1900), PA\u00c1L L\u00e1szl\u00f3 (1846-1879), SCH\u00c4FFER Adalbert (1815-1871), STERIO K\u00e1roly (1821-1862), STUNDER J\u00e1nos Jakab (1959-1811), SZENTGY\u00d6RGYI J\u00e1nos (1793-1860), SZ\u00c9KELY Bertalan (1835-1910), SZINYEI MERSE P\u00e1l (1845-1920), TELEPY K\u00e1roly (1828-1906), THAN M\u00f3r (1828-1899), T\u00d6LGYESSY Art\u00far (1853-1920), UJV\u00c1RY Ign\u00e1c (1860-1927), VASZARY J\u00e1nos (1867-1939).<\/p>\n<p> <em> A ki\u00e1ll\u00edt\u00e1s megtekinthet\u0151 2017. m\u00e1jus 14-ig.<\/em><\/p>\n<hr \/>\n<h2>A MEGH\u00cdV\u00d3 GRAFIK\u00c1JA<\/h2>\n<p><a href=\"http:\/\/www.gml.si\/wp-content\/uploads\/2017\/03\/Vabilo-Megivo_Kogart_21x21cm_1_web_1200px.jpg\" data-lbwps-width=\"1200\" data-lbwps-height=\"1200\" data-lbwps-srcsmall=\"https:\/\/www.gml.si\/wp-content\/uploads\/2017\/03\/Vabilo-Megivo_Kogart_21x21cm_1_web_1200px-500x500.jpg\"><img loading=\"lazy\" decoding=\"async\" class=\"alignleft size-large wp-image-5155\" src=\"http:\/\/www.gml.si\/wp-content\/uploads\/2017\/03\/Vabilo-Megivo_Kogart_21x21cm_1_web_1200px-1024x1024.jpg\" alt=\"\" width=\"640\" height=\"640\" srcset=\"https:\/\/www.gml.si\/wp-content\/uploads\/2017\/03\/Vabilo-Megivo_Kogart_21x21cm_1_web_1200px-1024x1024.jpg 1024w, https:\/\/www.gml.si\/wp-content\/uploads\/2017\/03\/Vabilo-Megivo_Kogart_21x21cm_1_web_1200px-120x120.jpg 120w, https:\/\/www.gml.si\/wp-content\/uploads\/2017\/03\/Vabilo-Megivo_Kogart_21x21cm_1_web_1200px-500x500.jpg 500w, https:\/\/www.gml.si\/wp-content\/uploads\/2017\/03\/Vabilo-Megivo_Kogart_21x21cm_1_web_1200px.jpg 1200w\" sizes=\"auto, (max-width: 640px) 100vw, 640px\" \/><\/a><\/p>\n<p><a href=\"http:\/\/www.gml.si\/wp-content\/uploads\/2017\/03\/Vabilo-Megivo_Kogart_21x21cm_2_web_1200px.jpg\" data-lbwps-width=\"1200\" data-lbwps-height=\"1200\" data-lbwps-srcsmall=\"https:\/\/www.gml.si\/wp-content\/uploads\/2017\/03\/Vabilo-Megivo_Kogart_21x21cm_2_web_1200px-500x500.jpg\"><img loading=\"lazy\" decoding=\"async\" class=\"alignleft size-large wp-image-5156\" src=\"http:\/\/www.gml.si\/wp-content\/uploads\/2017\/03\/Vabilo-Megivo_Kogart_21x21cm_2_web_1200px-1024x1024.jpg\" alt=\"\" width=\"640\" height=\"640\" srcset=\"https:\/\/www.gml.si\/wp-content\/uploads\/2017\/03\/Vabilo-Megivo_Kogart_21x21cm_2_web_1200px-1024x1024.jpg 1024w, https:\/\/www.gml.si\/wp-content\/uploads\/2017\/03\/Vabilo-Megivo_Kogart_21x21cm_2_web_1200px-120x120.jpg 120w, https:\/\/www.gml.si\/wp-content\/uploads\/2017\/03\/Vabilo-Megivo_Kogart_21x21cm_2_web_1200px-500x500.jpg 500w, https:\/\/www.gml.si\/wp-content\/uploads\/2017\/03\/Vabilo-Megivo_Kogart_21x21cm_2_web_1200px.jpg 1200w\" sizes=\"auto, (max-width: 640px) 100vw, 640px\" \/><\/a><\/p>\n<hr \/>\n<h2>\u00cdZEL\u00cdT\u0150 A FESTM\u00c9NYEKB\u0150L<\/h2>\n<p><a href=\"http:\/\/www.gml.si\/wp-content\/uploads\/2017\/03\/000048_l_web.jpg\" data-lbwps-width=\"1000\" data-lbwps-height=\"734\" data-lbwps-srcsmall=\"https:\/\/www.gml.si\/wp-content\/uploads\/2017\/03\/000048_l_web-500x367.jpg\"><img loading=\"lazy\" decoding=\"async\" class=\"img-galerija alignnone size-thumbnail wp-image-5157\" title=\"id. MARK\u00d3 K\u00e1roly\/K\u00e1roly MARK\u00d3 starej\u0161i\/the Elder (1793-1860): Tivoli, 1854, olje na platnu\/olaj, v\u00e1szon\/oil on canvas, 75,5 x 102 cm\" src=\"http:\/\/www.gml.si\/wp-content\/uploads\/2017\/03\/000048_l_web-120x120.jpg\" alt=\"id. MARK\u00d3 K\u00e1roly\/K\u00e1roly MARK\u00d3 starej\u0161i\/the Elder (1793-1860): Tivoli, 1854, olje na platnu\/olaj, v\u00e1szon\/oil on canvas, 75,5 x 102 cm\" width=\"120\" height=\"120\" \/><\/a> <a href=\"http:\/\/www.gml.si\/wp-content\/uploads\/2017\/03\/000070_l_web.jpg\" data-lbwps-width=\"1000\" data-lbwps-height=\"800\" data-lbwps-srcsmall=\"https:\/\/www.gml.si\/wp-content\/uploads\/2017\/03\/000070_l_web-500x400.jpg\"><img loading=\"lazy\" decoding=\"async\" class=\"img-galerija alignnone size-thumbnail wp-image-5158\" title=\"STERIO K\u00e1roly (1821-1862): Po\u010ditek pri vle\u010dnem studencu v Puszti\/Pihen\u0151 a g\u00e9mesk\u00fatn\u00e1l a puszt\u00e1n\/Rest by the Shadoof in the Puszta, 1855, olje na platnu\/olaj, v\u00e1szon\/oil on canvas, 49 x 63 cm\" src=\"http:\/\/www.gml.si\/wp-content\/uploads\/2017\/03\/000070_l_web-120x120.jpg\" alt=\"STERIO K\u00e1roly (1821-1862): Po\u010ditek pri vle\u010dnem studencu v Puszti\/Pihen\u0151 a g\u00e9mesk\u00fatn\u00e1l a puszt\u00e1n\/Rest by the Shadoof in the Puszta, 1855, olje na platnu\/olaj, v\u00e1szon\/oil on canvas, 49 x 63 cm\" width=\"120\" height=\"120\" \/><\/a> <a href=\"http:\/\/www.gml.si\/wp-content\/uploads\/2017\/03\/000081_l_web.jpg\" data-lbwps-width=\"811\" data-lbwps-height=\"1000\" data-lbwps-srcsmall=\"https:\/\/www.gml.si\/wp-content\/uploads\/2017\/03\/000081_l_web-406x500.jpg\"><img loading=\"lazy\" decoding=\"async\" class=\"img-galerija alignnone size-thumbnail wp-image-5159\" title=\"MUNK\u00c1CSY Mih\u00e1ly (1844-1900): Tiho\u017eitje s cvetjem\/Vir\u00e1gcsend\u00e9let\/Still Life with Flowers, 1877-78, olje na platnu\/olaj, v\u00e1szon\/\u00d6l auf Leinwand\/oil on canvas, 76,5 x 62,5 cm\" src=\"http:\/\/www.gml.si\/wp-content\/uploads\/2017\/03\/000081_l_web-120x120.jpg\" alt=\"MUNK\u00c1CSY Mih\u00e1ly (1844-1900): Tiho\u017eitje s cvetjem\/Vir\u00e1gcsend\u00e9let\/Still Life with Flowers, 1877-78, olje na platnu\/olaj, v\u00e1szon\/\u00d6l auf Leinwand\/oil on canvas, 76,5 x 62,5 cm\" width=\"120\" height=\"120\" \/><\/a> <a href=\"http:\/\/www.gml.si\/wp-content\/uploads\/2017\/03\/000111_l_web.jpg\" data-lbwps-width=\"890\" data-lbwps-height=\"1000\" data-lbwps-srcsmall=\"https:\/\/www.gml.si\/wp-content\/uploads\/2017\/03\/000111_l_web-445x500.jpg\"><img loading=\"lazy\" decoding=\"async\" class=\"img-galerija alignnone size-thumbnail wp-image-5160\" title=\"SZINYEI MERSE P\u00e1l (1845-1920): Bre\u017eina potoka\/Patakpart\/Brookside, 1897, olje na platnu\/olaj, v\u00e1szon\/\u00d6l auf Leinwand\/oil on canvas, 90 x 80 cm\" src=\"http:\/\/www.gml.si\/wp-content\/uploads\/2017\/03\/000111_l_web-120x120.jpg\" alt=\"SZINYEI MERSE P\u00e1l (1845-1920): Bre\u017eina potoka\/Patakpart\/Brookside, 1897, olje na platnu\/olaj, v\u00e1szon\/\u00d6l auf Leinwand\/oil on canvas, 90 x 80 cm\" width=\"120\" height=\"120\" \/><\/a><\/p>\n","protected":false},"excerpt":{"rendered":"<p><em>Tisztelt M\u0171v\u00e9szetkedvel\u0151k!<\/em><\/p>\n<p>Sok szeretettel megh\u00edvjuk \u00d6n\u00f6ket a 19. sz\u00e1zadi magyar fest\u00e9szet a Kov\u00e1cs G\u00e1bor Gy\u0171jtem\u00e9nyben c\u00edm\u0171 ki\u00e1ll\u00edt\u00e1s megnyit\u00f3j\u00e1ra, <strong>2017. m\u00e1rcius 10-\u00e9n, p\u00e9nteken 18 \u00f3r\u00e1ra<\/strong> a lendvai v\u00e1rba. <a href=\"https:\/\/www.gml.si\/hu\/kepzomuveszeti-kiallitas-19-szazadi-magyar-festeszet-a-kovacs-gabor-gyujtemenyben\/\"><\/p>\n<p>B\u0151vebben <span class=\"meta-nav\">\u2192<\/span><\/a><\/p>\n","protected":false},"author":5,"featured_media":10816,"comment_status":"closed","ping_status":"closed","sticky":false,"template":"","format":"standard","meta":{"inline_featured_image":false,"footnotes":""},"categories":[66,58],"tags":[],"class_list":["post-12789","post","type-post","status-publish","format-standard","has-post-thumbnail","hentry","category-elozo","category-hirek"],"_links":{"self":[{"href":"https:\/\/www.gml.si\/hu\/wp-json\/wp\/v2\/posts\/12789","targetHints":{"allow":["GET"]}}],"collection":[{"href":"https:\/\/www.gml.si\/hu\/wp-json\/wp\/v2\/posts"}],"about":[{"href":"https:\/\/www.gml.si\/hu\/wp-json\/wp\/v2\/types\/post"}],"author":[{"embeddable":true,"href":"https:\/\/www.gml.si\/hu\/wp-json\/wp\/v2\/users\/5"}],"replies":[{"embeddable":true,"href":"https:\/\/www.gml.si\/hu\/wp-json\/wp\/v2\/comments?post=12789"}],"version-history":[{"count":0,"href":"https:\/\/www.gml.si\/hu\/wp-json\/wp\/v2\/posts\/12789\/revisions"}],"wp:featuredmedia":[{"embeddable":true,"href":"https:\/\/www.gml.si\/hu\/wp-json\/wp\/v2\/media\/10816"}],"wp:attachment":[{"href":"https:\/\/www.gml.si\/hu\/wp-json\/wp\/v2\/media?parent=12789"}],"wp:term":[{"taxonomy":"category","embeddable":true,"href":"https:\/\/www.gml.si\/hu\/wp-json\/wp\/v2\/categories?post=12789"},{"taxonomy":"post_tag","embeddable":true,"href":"https:\/\/www.gml.si\/hu\/wp-json\/wp\/v2\/tags?post=12789"}],"curies":[{"name":"wp","href":"https:\/\/api.w.org\/{rel}","templated":true}]}}