{"id":12808,"date":"2017-06-08T21:09:47","date_gmt":"2017-06-08T19:09:47","guid":{"rendered":"https:\/\/www.gml.si\/meghivo-muzeumok-nyari-ejszakaja-2017-ben\/"},"modified":"2017-06-08T21:09:47","modified_gmt":"2017-06-08T19:09:47","slug":"meghivo-muzeumok-nyari-ejszakaja-2017-ben","status":"publish","type":"post","link":"https:\/\/www.gml.si\/hu\/meghivo-muzeumok-nyari-ejszakaja-2017-ben\/","title":{"rendered":"MEGH\u00cdV\u00d3: M\u00fazeumok Ny\u00e1ri \u00c9jszak\u00e1ja 2017-ben"},"content":{"rendered":"<p><a href=\"http:\/\/www.gml.si\/wp-content\/uploads\/2017\/06\/2_Vabilo_poletna_muzejska_noc_2017_hun_web.jpg\" data-lbwps-width=\"1500\" data-lbwps-height=\"1061\" data-lbwps-srcsmall=\"https:\/\/www.gml.si\/wp-content\/uploads\/2017\/06\/2_Vabilo_poletna_muzejska_noc_2017_hun_web-500x354.jpg\"><img loading=\"lazy\" decoding=\"async\" class=\"alignnone wp-image-5335\" src=\"http:\/\/www.gml.si\/wp-content\/uploads\/2017\/06\/2_Vabilo_poletna_muzejska_noc_2017_hun_web-1024x724.jpg\" alt=\"\" width=\"620\" height=\"439\" srcset=\"https:\/\/www.gml.si\/wp-content\/uploads\/2017\/06\/2_Vabilo_poletna_muzejska_noc_2017_hun_web-1024x724.jpg 1024w, https:\/\/www.gml.si\/wp-content\/uploads\/2017\/06\/2_Vabilo_poletna_muzejska_noc_2017_hun_web-500x354.jpg 500w, https:\/\/www.gml.si\/wp-content\/uploads\/2017\/06\/2_Vabilo_poletna_muzejska_noc_2017_hun_web.jpg 1500w\" sizes=\"auto, (max-width: 620px) 100vw, 620px\" \/><\/a><\/p>\n<p>MEGH\u00cdV\u00d3<\/p>\n<p> A <em>M\u00fazeumok Ny\u00e1ri \u00c9jszak\u00e1ja<\/em> alkalm\u00e1b\u00f3l a Lendvai Gal\u00e9ria \u00e9s M\u00fazeum szeretettel megh\u00edvja \u00d6n\u00f6ket <strong>2017. j\u00fanius 17-\u00e9n, szombaton 18.00 <\/strong>\u00e9s<strong> 24.00 \u00f3ra<\/strong> k\u00f6z\u00f6tt a lendvai v\u00e1rba.<\/p>\n<p> <strong>19.00<\/strong> &#8211; A Hommage au Surr\u00e9alisme c\u00edm\u0171 nemzetk\u00f6zi fot\u00f3ki\u00e1ll\u00edt\u00e1s megnyit\u00f3ja<\/p>\n<p> <strong>20.00<\/strong> &#8211; Du\u0161an Stojanovi\u0107 git\u00e1ros koncertje<\/p>\n<p> <strong>21.00<\/strong> &#8211; Szlov\u00e9n nyelv\u0171 szakmai t\u00e1rlatvezet\u00e9s Salvador Dal\u00ed: A halhatatlans\u00e1g receptjei c\u00edm\u0171 ki\u00e1ll\u00edt\u00e1son. A t\u00e1rlatvezet\u00e9st Pisnjak Atilla, m\u0171v\u00e9szett\u00f6rt\u00e9n\u00e9sz vezeti.<\/p>\n<p> <strong>22.00<\/strong> &#8211; Magyar nyelv\u0171 szakmai t\u00e1rlatvezet\u00e9s Salvador Dal\u00ed: A halhatatlans\u00e1g receptjei c\u00edm\u0171 ki\u00e1ll\u00edt\u00e1son. A t\u00e1rlatvezet\u00e9st Pisnjak Atilla, m\u0171v\u00e9szett\u00f6rt\u00e9n\u00e9sz vezeti.<\/p>\n<p> <strong>23.00<\/strong> &#8211; Az <em>Andal\u00faziai kutya (1929)<\/em> \u00e9s az <em>Aranykor (1930)<\/em> (Luis Bu\u00f1uel \u00e9s Salvador Dal\u00ed) c\u00edm\u0171 filmek vet\u00edt\u00e9se<em><\/p>\n<p> A bel\u00e9p\u00e9s ingyenes<\/em><\/p>\n","protected":false},"excerpt":{"rendered":"<p>A M\u00fazeumok Ny\u00e1ri \u00c9jszak\u00e1ja alkalm\u00e1b\u00f3l a Lendvai Gal\u00e9ria \u00e9s M\u00fazeum szeretettel megh\u00edvja \u00d6n\u00f6ket <strong>2017. j\u00fanius 17-\u00e9n, szombaton 18.00 \u00e9s 24.00 \u00f3ra<\/strong> k\u00f6z\u00f6tt a lendvai v\u00e1rba. <a href=\"https:\/\/www.gml.si\/hu\/meghivo-muzeumok-nyari-ejszakaja-2017-ben\/\"><\/p>\n<p>B\u0151vebben <span class=\"meta-nav\">\u2192<\/span><\/a><\/p>\n","protected":false},"author":5,"featured_media":10954,"comment_status":"closed","ping_status":"closed","sticky":false,"template":"","format":"standard","meta":{"inline_featured_image":false,"footnotes":""},"categories":[58],"tags":[],"class_list":["post-12808","post","type-post","status-publish","format-standard","has-post-thumbnail","hentry","category-hirek"],"_links":{"self":[{"href":"https:\/\/www.gml.si\/hu\/wp-json\/wp\/v2\/posts\/12808","targetHints":{"allow":["GET"]}}],"collection":[{"href":"https:\/\/www.gml.si\/hu\/wp-json\/wp\/v2\/posts"}],"about":[{"href":"https:\/\/www.gml.si\/hu\/wp-json\/wp\/v2\/types\/post"}],"author":[{"embeddable":true,"href":"https:\/\/www.gml.si\/hu\/wp-json\/wp\/v2\/users\/5"}],"replies":[{"embeddable":true,"href":"https:\/\/www.gml.si\/hu\/wp-json\/wp\/v2\/comments?post=12808"}],"version-history":[{"count":0,"href":"https:\/\/www.gml.si\/hu\/wp-json\/wp\/v2\/posts\/12808\/revisions"}],"wp:featuredmedia":[{"embeddable":true,"href":"https:\/\/www.gml.si\/hu\/wp-json\/wp\/v2\/media\/10954"}],"wp:attachment":[{"href":"https:\/\/www.gml.si\/hu\/wp-json\/wp\/v2\/media?parent=12808"}],"wp:term":[{"taxonomy":"category","embeddable":true,"href":"https:\/\/www.gml.si\/hu\/wp-json\/wp\/v2\/categories?post=12808"},{"taxonomy":"post_tag","embeddable":true,"href":"https:\/\/www.gml.si\/hu\/wp-json\/wp\/v2\/tags?post=12808"}],"curies":[{"name":"wp","href":"https:\/\/api.w.org\/{rel}","templated":true}]}}