{"id":12823,"date":"2017-08-12T16:29:35","date_gmt":"2017-08-12T14:29:35","guid":{"rendered":"https:\/\/www.gml.si\/megkezdodik-a-45-lendvai-nemzetkozi-muvesztelep-bronzontes-a-lendvai-varban\/"},"modified":"2017-08-12T16:29:35","modified_gmt":"2017-08-12T14:29:35","slug":"megkezdodik-a-45-lendvai-nemzetkozi-muvesztelep-bronzontes-a-lendvai-varban","status":"publish","type":"post","link":"https:\/\/www.gml.si\/hu\/megkezdodik-a-45-lendvai-nemzetkozi-muvesztelep-bronzontes-a-lendvai-varban\/","title":{"rendered":"Megkezd\u0151dik a 45. Lendvai Nemzetk\u00f6zi M\u0171v\u00e9sztelep \u2013 Bronz\u00f6nt\u00e9s a lendvai v\u00e1rban"},"content":{"rendered":"<p><a href=\"http:\/\/www.gml.si\/wp-content\/uploads\/2017\/08\/45mlk.jpg\" data-lbwps-width=\"576\" data-lbwps-height=\"960\" data-lbwps-srcsmall=\"https:\/\/www.gml.si\/wp-content\/uploads\/2017\/08\/45mlk-300x500.jpg\"><img loading=\"lazy\" decoding=\"async\" class=\"size-medium wp-image-5442 alignleft\" src=\"http:\/\/www.gml.si\/wp-content\/uploads\/2017\/08\/45mlk-300x500.jpg\" alt=\"\" width=\"300\" height=\"500\" srcset=\"https:\/\/www.gml.si\/wp-content\/uploads\/2017\/08\/45mlk-300x500.jpg 300w, https:\/\/www.gml.si\/wp-content\/uploads\/2017\/08\/45mlk.jpg 576w\" sizes=\"auto, (max-width: 300px) 100vw, 300px\" \/><\/a>B R O N Z \u00d6 N T \u00c9 S<\/p>\n<p><strong>2017. augusztus 20-\u00e1n<\/strong> megkezd\u0151dik az imm\u00e1r 45. Lendvai Nemzetk\u00f6zi M\u0171v\u00e9sztelep \u2013 Bronz\u00f6nt\u00e9s a lendvai v\u00e1rban.<\/p>\n<p><strong>Az idei m\u0171v\u00e9sztelep r\u00e9sztvev\u0151i:<\/strong><\/p>\n<p>Igor Banfi, Baumgartner Dubravko, G\u00f6nt\u00e9r Endre, Cvetka Hojnik, Kir\u00e1ly Ferenc \u00e9s Miha Pe\u010dar Szlov\u00e9ni\u00e1b\u00f3l, Pokorny Attila Magyarorsz\u00e1gr\u00f3l, Petar Ujevi\u0107 Horv\u00e1torsz\u00e1gb\u00f3l valamint Gail Morris Nagybritani\u00e1b\u00f3l.<\/p>\n<p><strong>A m\u0171v\u00e9sztelep szakmai vezet\u0151je:<\/strong><br \/>\n Geri\u010d Ferenc.<\/p>\n","protected":false},"excerpt":{"rendered":"<p>2017. augusztus 20-\u00e1n megkezd\u0151dik az imm\u00e1r 45. Lendvai Nemzetk\u00f6zi M\u0171v\u00e9sztelep \u2013 Bronz\u00f6nt\u00e9s a lendvai v\u00e1rban. <a href=\"https:\/\/www.gml.si\/hu\/megkezdodik-a-45-lendvai-nemzetkozi-muvesztelep-bronzontes-a-lendvai-varban\/\"><\/p>\n<p>B\u0151vebben <span class=\"meta-nav\">\u2192<\/span><\/a><\/p>\n","protected":false},"author":5,"featured_media":11006,"comment_status":"closed","ping_status":"closed","sticky":false,"template":"","format":"standard","meta":{"inline_featured_image":false,"footnotes":""},"categories":[58],"tags":[],"class_list":["post-12823","post","type-post","status-publish","format-standard","has-post-thumbnail","hentry","category-hirek"],"_links":{"self":[{"href":"https:\/\/www.gml.si\/hu\/wp-json\/wp\/v2\/posts\/12823","targetHints":{"allow":["GET"]}}],"collection":[{"href":"https:\/\/www.gml.si\/hu\/wp-json\/wp\/v2\/posts"}],"about":[{"href":"https:\/\/www.gml.si\/hu\/wp-json\/wp\/v2\/types\/post"}],"author":[{"embeddable":true,"href":"https:\/\/www.gml.si\/hu\/wp-json\/wp\/v2\/users\/5"}],"replies":[{"embeddable":true,"href":"https:\/\/www.gml.si\/hu\/wp-json\/wp\/v2\/comments?post=12823"}],"version-history":[{"count":0,"href":"https:\/\/www.gml.si\/hu\/wp-json\/wp\/v2\/posts\/12823\/revisions"}],"wp:featuredmedia":[{"embeddable":true,"href":"https:\/\/www.gml.si\/hu\/wp-json\/wp\/v2\/media\/11006"}],"wp:attachment":[{"href":"https:\/\/www.gml.si\/hu\/wp-json\/wp\/v2\/media?parent=12823"}],"wp:term":[{"taxonomy":"category","embeddable":true,"href":"https:\/\/www.gml.si\/hu\/wp-json\/wp\/v2\/categories?post=12823"},{"taxonomy":"post_tag","embeddable":true,"href":"https:\/\/www.gml.si\/hu\/wp-json\/wp\/v2\/tags?post=12823"}],"curies":[{"name":"wp","href":"https:\/\/api.w.org\/{rel}","templated":true}]}}