{"id":12832,"date":"2017-08-30T17:52:13","date_gmt":"2017-08-30T15:52:13","guid":{"rendered":"https:\/\/www.gml.si\/meghivo-europai-zsido-kultura-napja-2017\/"},"modified":"2017-08-30T17:52:13","modified_gmt":"2017-08-30T15:52:13","slug":"meghivo-europai-zsido-kultura-napja-2017","status":"publish","type":"post","link":"https:\/\/www.gml.si\/hu\/meghivo-europai-zsido-kultura-napja-2017\/","title":{"rendered":"MEGH\u00cdV\u00d3: Eur\u00f3pai Zsid\u00f3 Kult\u00fara Napja 2017"},"content":{"rendered":"<p><a href=\"http:\/\/www.gml.si\/wp-content\/uploads\/2017\/08\/DIASPORAS_GML_letak_A5_HUN_web1.jpg\" data-lbwps-width=\"707\" data-lbwps-height=\"1000\" data-lbwps-srcsmall=\"https:\/\/www.gml.si\/wp-content\/uploads\/2017\/08\/DIASPORAS_GML_letak_A5_HUN_web1-354x500.jpg\"><img loading=\"lazy\" decoding=\"async\" class=\"alignright wp-image-5473\" src=\"http:\/\/www.gml.si\/wp-content\/uploads\/2017\/08\/DIASPORAS_GML_letak_A5_HUN_web1-354x500.jpg\" alt=\"\" width=\"200\" height=\"283\" srcset=\"https:\/\/www.gml.si\/wp-content\/uploads\/2017\/08\/DIASPORAS_GML_letak_A5_HUN_web1-354x500.jpg 354w, https:\/\/www.gml.si\/wp-content\/uploads\/2017\/08\/DIASPORAS_GML_letak_A5_HUN_web1.jpg 707w\" sizes=\"auto, (max-width: 200px) 100vw, 200px\" \/><\/a> M E G H \u00cd V \u00d3<\/p>\n<p>A Lendvai Gal\u00e9ria \u00e9s M\u00fazeum, a Lendvai Zsinag\u00f3ga \u00e9s a Szlov\u00e9n Holokauszt M\u00fazeum az Eur\u00f3pai Zsid\u00f3 Kult\u00fara Napja alkalm\u00e1b\u00f3l <strong>2017. szeptember 3-\u00e1n, vas\u00e1rnap<\/strong> tisztelettel \u00e9s szeretettel v\u00e1rja a lendvai esem\u00e9nyekre:<\/p>\n<p><span style=\"font-size: 24px;\"><strong>11 \u00f3rakor:<\/strong><\/span><br \/>\n Lendva zsid\u00f3 eml\u00e9kei, s\u00e9ta idegenvezet\u00e9ssel (gy\u0171lekez\u00e9s a zsinag\u00f3ga el\u0151tt).<\/p>\n<p><span style=\"font-size: 24px;\"><strong>18 \u00f3rakor:<\/strong><\/span><br \/>\n A budapesti Holocauszt Eml\u00e9kk\u00f6zpont <em>Falak, jelek, sorsok \u2013 Magyar zsid\u00f3k deport\u00e1l\u00e1sa Auschwitzba<\/em> c. ki\u00e1ll\u00edt\u00e1s\u00e1nak megnyit\u00f3ja, majd <em>Klein Judit<\/em> \u00e9nekm\u0171v\u00e9sz \u00e9s <em>Neumark Zolt\u00e1n<\/em> zongoram\u0171v\u00e9sz ad koncertet.<\/p>\n<p><a href=\"https:\/\/www.gml.si\/wp-content\/uploads\/2017\/08\/DIASPORAS_GML_plakat_100x70cm_web.jpg\" data-lbwps-width=\"707\" data-lbwps-height=\"1000\" data-lbwps-srcsmall=\"https:\/\/www.gml.si\/wp-content\/uploads\/2017\/08\/DIASPORAS_GML_plakat_100x70cm_web-354x500.jpg\"><img loading=\"lazy\" decoding=\"async\" class=\"alignleft wp-image-11016\" src=\"https:\/\/www.gml.si\/wp-content\/uploads\/2017\/08\/DIASPORAS_GML_plakat_100x70cm_web.jpg\" alt=\"\" width=\"640\" height=\"905\" srcset=\"https:\/\/www.gml.si\/wp-content\/uploads\/2017\/08\/DIASPORAS_GML_plakat_100x70cm_web.jpg 707w, https:\/\/www.gml.si\/wp-content\/uploads\/2017\/08\/DIASPORAS_GML_plakat_100x70cm_web-354x500.jpg 354w, https:\/\/www.gml.si\/wp-content\/uploads\/2017\/08\/DIASPORAS_GML_plakat_100x70cm_web-35x50.jpg 35w\" sizes=\"auto, (max-width: 640px) 100vw, 640px\" \/><\/a><\/p>\n","protected":false},"excerpt":{"rendered":"<p>A Lendvai Gal\u00e9ria \u00e9s M\u00fazeum, a Lendvai Zsinag\u00f3ga \u00e9s a Szlov\u00e9n Holokauszt M\u00fazeum az Eur\u00f3pai Zsid\u00f3 Kult\u00fara Napja alkalm\u00e1b\u00f3l <strong>2017. szeptember 3-\u00e1n, vas\u00e1rnap <\/strong>tisztelettel \u00e9s szeretettel v\u00e1r minden \u00e9rdekl\u0151d\u0151tt a lendvai esem\u00e9nyekre. <a href=\"https:\/\/www.gml.si\/hu\/meghivo-europai-zsido-kultura-napja-2017\/\"><\/p>\n<p>B\u0151vebben <span class=\"meta-nav\">\u2192<\/span><\/a><\/p>\n","protected":false},"author":5,"featured_media":11016,"comment_status":"closed","ping_status":"closed","sticky":false,"template":"","format":"standard","meta":{"inline_featured_image":false,"footnotes":""},"categories":[58],"tags":[],"class_list":["post-12832","post","type-post","status-publish","format-standard","has-post-thumbnail","hentry","category-hirek"],"_links":{"self":[{"href":"https:\/\/www.gml.si\/hu\/wp-json\/wp\/v2\/posts\/12832","targetHints":{"allow":["GET"]}}],"collection":[{"href":"https:\/\/www.gml.si\/hu\/wp-json\/wp\/v2\/posts"}],"about":[{"href":"https:\/\/www.gml.si\/hu\/wp-json\/wp\/v2\/types\/post"}],"author":[{"embeddable":true,"href":"https:\/\/www.gml.si\/hu\/wp-json\/wp\/v2\/users\/5"}],"replies":[{"embeddable":true,"href":"https:\/\/www.gml.si\/hu\/wp-json\/wp\/v2\/comments?post=12832"}],"version-history":[{"count":0,"href":"https:\/\/www.gml.si\/hu\/wp-json\/wp\/v2\/posts\/12832\/revisions"}],"wp:featuredmedia":[{"embeddable":true,"href":"https:\/\/www.gml.si\/hu\/wp-json\/wp\/v2\/media\/11016"}],"wp:attachment":[{"href":"https:\/\/www.gml.si\/hu\/wp-json\/wp\/v2\/media?parent=12832"}],"wp:term":[{"taxonomy":"category","embeddable":true,"href":"https:\/\/www.gml.si\/hu\/wp-json\/wp\/v2\/categories?post=12832"},{"taxonomy":"post_tag","embeddable":true,"href":"https:\/\/www.gml.si\/hu\/wp-json\/wp\/v2\/tags?post=12832"}],"curies":[{"name":"wp","href":"https:\/\/api.w.org\/{rel}","templated":true}]}}