{"id":12835,"date":"2017-09-26T17:17:17","date_gmt":"2017-09-26T15:17:17","guid":{"rendered":"https:\/\/www.gml.si\/2017-szeptember-27-ike-a-turizmus-vilagnapja\/"},"modified":"2017-09-26T17:17:17","modified_gmt":"2017-09-26T15:17:17","slug":"2017-szeptember-27-ike-a-turizmus-vilagnapja","status":"publish","type":"post","link":"https:\/\/www.gml.si\/hu\/2017-szeptember-27-ike-a-turizmus-vilagnapja\/","title":{"rendered":"2017. szeptember 27-ike: a Turizmus Vil\u00e1gnapja"},"content":{"rendered":"<p>A Turizmus Vil\u00e1gnapja alkalm\u00e1b\u00f3l szeretettel megh\u00edvunk minden \u00e9rdekl\u0151d\u0151t Lendva kult\u00fart\u00f6rt\u00e9neti nevezetess\u00e9geinek d\u00edjmentes megtekint\u00e9s\u00e9re\u00a0<strong>2017. szeptember 27-\u00e9n, szerd\u00e1n munkaid\u0151n bel\u00fcl<\/strong>.<\/p>\n<p>Ez alkalomb\u00f3l megtekinthet\u0151 a Lendvai Sz\u00ednh\u00e1z- \u00e9s Hangversenyterem, a lendvai zsinag\u00f3ga \u2013 Szlov\u00e9n Holokauszt M\u00fazeum, a gal\u00e9ria \u00e9s m\u00fazeum a lendvai v\u00e1rban, valamint a Lendva polg\u00e1rosod\u00e1s\u00e1t, erny\u0151gy\u00e1rt\u00e1s\u00e1t \u00e9s nyomd\u00e1szat\u00e1t bemutat\u00f3 gy\u0171jtem\u00e9ny.<\/p>\n<p><a href=\"https:\/\/www.gml.si\/wp-content\/uploads\/2017\/09\/sv_dan_turizma_2017_splet.jpg\" data-lbwps-width=\"1000\" data-lbwps-height=\"703\" data-lbwps-srcsmall=\"https:\/\/www.gml.si\/wp-content\/uploads\/2017\/09\/sv_dan_turizma_2017_splet-500x352.jpg\"><img loading=\"lazy\" decoding=\"async\" class=\"alignleft wp-image-11024\" src=\"https:\/\/www.gml.si\/wp-content\/uploads\/2017\/09\/sv_dan_turizma_2017_splet.jpg\" alt=\"\" width=\"620\" height=\"436\" srcset=\"https:\/\/www.gml.si\/wp-content\/uploads\/2017\/09\/sv_dan_turizma_2017_splet.jpg 1000w, https:\/\/www.gml.si\/wp-content\/uploads\/2017\/09\/sv_dan_turizma_2017_splet-500x352.jpg 500w, https:\/\/www.gml.si\/wp-content\/uploads\/2017\/09\/sv_dan_turizma_2017_splet-768x540.jpg 768w, https:\/\/www.gml.si\/wp-content\/uploads\/2017\/09\/sv_dan_turizma_2017_splet-50x35.jpg 50w\" sizes=\"auto, (max-width: 620px) 100vw, 620px\" \/><\/a><\/p>\n","protected":false},"excerpt":{"rendered":"<p>A Turizmus Vil\u00e1gnapja alkalm\u00e1b\u00f3l szeretettel megh\u00edvunk minden \u00e9rdekl\u0151d\u0151t Lendva kult\u00fart\u00f6rt\u00e9neti nevezetess\u00e9geinek d\u00edjmentes megtekint\u00e9s\u00e9re <strong>2017. szeptember 27-\u00e9n, szerd\u00e1n munkaid\u0151n bel\u00fcl<\/strong>.<\/p>\n<p> <a href=\"https:\/\/www.gml.si\/hu\/2017-szeptember-27-ike-a-turizmus-vilagnapja\/\"><\/p>\n<p>B\u0151vebben <span class=\"meta-nav\">\u2192<\/span><\/a><\/p>\n","protected":false},"author":5,"featured_media":11024,"comment_status":"closed","ping_status":"closed","sticky":false,"template":"","format":"standard","meta":{"inline_featured_image":false,"footnotes":""},"categories":[58],"tags":[],"class_list":["post-12835","post","type-post","status-publish","format-standard","has-post-thumbnail","hentry","category-hirek"],"_links":{"self":[{"href":"https:\/\/www.gml.si\/hu\/wp-json\/wp\/v2\/posts\/12835","targetHints":{"allow":["GET"]}}],"collection":[{"href":"https:\/\/www.gml.si\/hu\/wp-json\/wp\/v2\/posts"}],"about":[{"href":"https:\/\/www.gml.si\/hu\/wp-json\/wp\/v2\/types\/post"}],"author":[{"embeddable":true,"href":"https:\/\/www.gml.si\/hu\/wp-json\/wp\/v2\/users\/5"}],"replies":[{"embeddable":true,"href":"https:\/\/www.gml.si\/hu\/wp-json\/wp\/v2\/comments?post=12835"}],"version-history":[{"count":0,"href":"https:\/\/www.gml.si\/hu\/wp-json\/wp\/v2\/posts\/12835\/revisions"}],"wp:featuredmedia":[{"embeddable":true,"href":"https:\/\/www.gml.si\/hu\/wp-json\/wp\/v2\/media\/11024"}],"wp:attachment":[{"href":"https:\/\/www.gml.si\/hu\/wp-json\/wp\/v2\/media?parent=12835"}],"wp:term":[{"taxonomy":"category","embeddable":true,"href":"https:\/\/www.gml.si\/hu\/wp-json\/wp\/v2\/categories?post=12835"},{"taxonomy":"post_tag","embeddable":true,"href":"https:\/\/www.gml.si\/hu\/wp-json\/wp\/v2\/tags?post=12835"}],"curies":[{"name":"wp","href":"https:\/\/api.w.org\/{rel}","templated":true}]}}