{"id":12841,"date":"2017-10-20T20:21:39","date_gmt":"2017-10-20T18:21:39","guid":{"rendered":"https:\/\/www.gml.si\/meghivo-szakmai-tarlatvezetes-a-dali-kiallitason\/"},"modified":"2017-10-20T20:21:39","modified_gmt":"2017-10-20T18:21:39","slug":"meghivo-szakmai-tarlatvezetes-a-dali-kiallitason","status":"publish","type":"post","link":"https:\/\/www.gml.si\/hu\/meghivo-szakmai-tarlatvezetes-a-dali-kiallitason\/","title":{"rendered":"MEGH\u00cdV\u00d3: Szakmai t\u00e1rlatvezet\u00e9s a Dal\u00ed ki\u00e1ll\u00edt\u00e1son"},"content":{"rendered":"<p><a href=\"http:\/\/www.gml.si\/wp-content\/uploads\/2017\/10\/salvador_dali_2017_vodenje.jpg\" data-lbwps-width=\"2048\" data-lbwps-height=\"1448\" data-lbwps-srcsmall=\"https:\/\/www.gml.si\/wp-content\/uploads\/2017\/10\/salvador_dali_2017_vodenje-500x354.jpg\"><img loading=\"lazy\" decoding=\"async\" class=\"alignnone size-large wp-image-5506\" src=\"http:\/\/www.gml.si\/wp-content\/uploads\/2017\/10\/salvador_dali_2017_vodenje-1024x724.jpg\" alt=\"\" width=\"640\" height=\"453\" srcset=\"https:\/\/www.gml.si\/wp-content\/uploads\/2017\/10\/salvador_dali_2017_vodenje-1024x724.jpg 1024w, https:\/\/www.gml.si\/wp-content\/uploads\/2017\/10\/salvador_dali_2017_vodenje-500x354.jpg 500w, https:\/\/www.gml.si\/wp-content\/uploads\/2017\/10\/salvador_dali_2017_vodenje.jpg 2048w\" sizes=\"auto, (max-width: 640px) 100vw, 640px\" \/><\/a>Sok szeretettel megh\u00edvunk minden kedves polg\u00e1rt \u00e9s m\u0171v\u00e9szetkedvel\u0151t <em>Dr. Marjeta Ciglene\u010dki<\/em>\u00a0 szakmai t\u00e1rlatvezet\u00e9s\u00e9re a Salvador Dal\u00ed ki\u00e1ll\u00edt\u00e1son kereszt\u00fcl, amely <strong>szerd\u00e1n, 2017. okt\u00f3ber 25-\u00e9n, 18 \u00f3rakor<\/strong> lesz a lendvai v\u00e1rba.<\/p>\n<p><em>A bel\u00e9p\u00e9s d\u00edjtalan!<\/em><\/p>\n<hr \/>\n<p>Ezenk\u00edv\u00fcl sok szeretettel megh\u00edvjuk \u00d6n\u00f6ket <strong>Lendva K\u00f6zs\u00e9g 21. \u00fcnnepe<\/strong> alkalm\u00e1b\u00f3l 2017. okt\u00f3ber 24-ike \u00e9s okt\u00f3ber 29-ike k\u00f6z\u00f6tt zajl\u00f3 egy\u00e9b rendezv\u00e9nyeinkre. A r\u00e9szletek\u00e9rt tekints\u00e9k meg az al\u00e1bbi sz\u00f3r\u00f3lapot:<\/p>\n<p><a href=\"http:\/\/www1.kkl.si\/kulturni-center\/flipbook\/21_praznik_Obcine_Lendava\/index.html#p=1\"><img loading=\"lazy\" decoding=\"async\" class=\"wp-image-11030 size-full alignleft\" src=\"http:\/\/www.gml.si\/wp-content\/uploads\/2017\/10\/program_21obc_praznik_2017_splet_hu.png\" alt=\"\" width=\"1200\" height=\"600\" srcset=\"https:\/\/www.gml.si\/wp-content\/uploads\/2017\/10\/program_21obc_praznik_2017_splet_hu.png 1200w, https:\/\/www.gml.si\/wp-content\/uploads\/2017\/10\/program_21obc_praznik_2017_splet_hu-500x250.png 500w, https:\/\/www.gml.si\/wp-content\/uploads\/2017\/10\/program_21obc_praznik_2017_splet_hu-768x384.png 768w, https:\/\/www.gml.si\/wp-content\/uploads\/2017\/10\/program_21obc_praznik_2017_splet_hu-1024x512.png 1024w, https:\/\/www.gml.si\/wp-content\/uploads\/2017\/10\/program_21obc_praznik_2017_splet_hu-50x25.png 50w\" sizes=\"auto, (max-width: 1200px) 100vw, 1200px\" \/><\/a><\/p>\n","protected":false},"excerpt":{"rendered":"<p>Sok szeretettel megh\u00edvunk minden kedves polg\u00e1rt \u00e9s m\u0171v\u00e9szetkedvel\u0151t <em>Dr. Marjeta Ciglene\u010dki<\/em>  szakmai t\u00e1rlatvezet\u00e9s\u00e9re a Salvador Dal\u00ed ki\u00e1ll\u00edt\u00e1son kereszt\u00fcl, amely <strong>szerd\u00e1n, 2017. okt\u00f3ber 25-\u00e9n, 18 \u00f3rakor<\/strong> lesz a lendvai v\u00e1rba. <a href=\"https:\/\/www.gml.si\/hu\/meghivo-szakmai-tarlatvezetes-a-dali-kiallitason\/\"><\/p>\n<p>B\u0151vebben <span class=\"meta-nav\">\u2192<\/span><\/a><\/p>\n","protected":false},"author":5,"featured_media":11032,"comment_status":"closed","ping_status":"closed","sticky":false,"template":"","format":"standard","meta":{"inline_featured_image":false,"footnotes":""},"categories":[58],"tags":[],"class_list":["post-12841","post","type-post","status-publish","format-standard","has-post-thumbnail","hentry","category-hirek"],"_links":{"self":[{"href":"https:\/\/www.gml.si\/hu\/wp-json\/wp\/v2\/posts\/12841","targetHints":{"allow":["GET"]}}],"collection":[{"href":"https:\/\/www.gml.si\/hu\/wp-json\/wp\/v2\/posts"}],"about":[{"href":"https:\/\/www.gml.si\/hu\/wp-json\/wp\/v2\/types\/post"}],"author":[{"embeddable":true,"href":"https:\/\/www.gml.si\/hu\/wp-json\/wp\/v2\/users\/5"}],"replies":[{"embeddable":true,"href":"https:\/\/www.gml.si\/hu\/wp-json\/wp\/v2\/comments?post=12841"}],"version-history":[{"count":0,"href":"https:\/\/www.gml.si\/hu\/wp-json\/wp\/v2\/posts\/12841\/revisions"}],"wp:featuredmedia":[{"embeddable":true,"href":"https:\/\/www.gml.si\/hu\/wp-json\/wp\/v2\/media\/11032"}],"wp:attachment":[{"href":"https:\/\/www.gml.si\/hu\/wp-json\/wp\/v2\/media?parent=12841"}],"wp:term":[{"taxonomy":"category","embeddable":true,"href":"https:\/\/www.gml.si\/hu\/wp-json\/wp\/v2\/categories?post=12841"},{"taxonomy":"post_tag","embeddable":true,"href":"https:\/\/www.gml.si\/hu\/wp-json\/wp\/v2\/tags?post=12841"}],"curies":[{"name":"wp","href":"https:\/\/api.w.org\/{rel}","templated":true}]}}