{"id":12852,"date":"2017-11-30T13:13:25","date_gmt":"2017-11-30T12:13:25","guid":{"rendered":"https:\/\/www.gml.si\/december-3-a-kultura-vidam-napja\/"},"modified":"2017-11-30T13:13:25","modified_gmt":"2017-11-30T12:13:25","slug":"december-3-a-kultura-vidam-napja","status":"publish","type":"post","link":"https:\/\/www.gml.si\/hu\/december-3-a-kultura-vidam-napja\/","title":{"rendered":"December 3: A Kult\u00fara Vid\u00e1m Napja"},"content":{"rendered":"<p><a href=\"https:\/\/www.gml.si\/wp-content\/uploads\/2014\/11\/20141203_ta_veseli_dan_kulture.png\" data-lbwps-width=\"720\" data-lbwps-height=\"275\" data-lbwps-srcsmall=\"https:\/\/www.gml.si\/wp-content\/uploads\/2014\/11\/20141203_ta_veseli_dan_kulture-500x190.png\"><img loading=\"lazy\" decoding=\"async\" class=\"alignnone wp-image-9838\" src=\"https:\/\/www.gml.si\/wp-content\/uploads\/2014\/11\/20141203_ta_veseli_dan_kulture.png\" alt=\"20141203_ta_veseli_dan_kulture\" width=\"620\" height=\"237\" srcset=\"https:\/\/www.gml.si\/wp-content\/uploads\/2014\/11\/20141203_ta_veseli_dan_kulture.png 720w, https:\/\/www.gml.si\/wp-content\/uploads\/2014\/11\/20141203_ta_veseli_dan_kulture-500x190.png 500w, https:\/\/www.gml.si\/wp-content\/uploads\/2014\/11\/20141203_ta_veseli_dan_kulture-50x19.png 50w\" sizes=\"auto, (max-width: 620px) 100vw, 620px\" \/><\/a>Sok szeretettel v\u00e1rjuk \u00d6n\u00f6ket <strong>vas\u00e1rnap, 2017. december 3-\u00e1n, 10 \u00e9s 14 \u00f3ra<\/strong> k\u00f6z\u00f6tt a Kult\u00fara Vid\u00e1m Napja alkalm\u00e1b\u00f3l a lendvai v\u00e1rba \u00e9s a Lendvai Zsinag\u00f3g\u00e1ba.<\/p>\n<p> <em>A bel\u00e9p\u00e9s d\u00edjmentes.<\/em><\/p>\n","protected":false},"excerpt":{"rendered":"<p>Sok szeretettel v\u00e1rjuk \u00d6n\u00f6ket <strong>vas\u00e1rnap, 2017. december 3-\u00e1n, 10 \u00e9s 14 \u00f3ra<\/strong> k\u00f6z\u00f6tt a Kult\u00fara Vid\u00e1m Napja alkalm\u00e1b\u00f3l a lendvai v\u00e1rba \u00e9s a Lendvai Zsinag\u00f3g\u00e1ba.<\/p>\n<p><em>A bel\u00e9p\u00e9s d\u00edjmentes.<\/em> <a href=\"https:\/\/www.gml.si\/hu\/december-3-a-kultura-vidam-napja\/\"><\/p>\n<p>B\u0151vebben <span class=\"meta-nav\">\u2192<\/span><\/a><\/p>\n","protected":false},"author":5,"featured_media":9838,"comment_status":"closed","ping_status":"closed","sticky":false,"template":"","format":"standard","meta":{"inline_featured_image":false,"footnotes":""},"categories":[58],"tags":[],"class_list":["post-12852","post","type-post","status-publish","format-standard","has-post-thumbnail","hentry","category-hirek"],"_links":{"self":[{"href":"https:\/\/www.gml.si\/hu\/wp-json\/wp\/v2\/posts\/12852","targetHints":{"allow":["GET"]}}],"collection":[{"href":"https:\/\/www.gml.si\/hu\/wp-json\/wp\/v2\/posts"}],"about":[{"href":"https:\/\/www.gml.si\/hu\/wp-json\/wp\/v2\/types\/post"}],"author":[{"embeddable":true,"href":"https:\/\/www.gml.si\/hu\/wp-json\/wp\/v2\/users\/5"}],"replies":[{"embeddable":true,"href":"https:\/\/www.gml.si\/hu\/wp-json\/wp\/v2\/comments?post=12852"}],"version-history":[{"count":0,"href":"https:\/\/www.gml.si\/hu\/wp-json\/wp\/v2\/posts\/12852\/revisions"}],"wp:featuredmedia":[{"embeddable":true,"href":"https:\/\/www.gml.si\/hu\/wp-json\/wp\/v2\/media\/9838"}],"wp:attachment":[{"href":"https:\/\/www.gml.si\/hu\/wp-json\/wp\/v2\/media?parent=12852"}],"wp:term":[{"taxonomy":"category","embeddable":true,"href":"https:\/\/www.gml.si\/hu\/wp-json\/wp\/v2\/categories?post=12852"},{"taxonomy":"post_tag","embeddable":true,"href":"https:\/\/www.gml.si\/hu\/wp-json\/wp\/v2\/tags?post=12852"}],"curies":[{"name":"wp","href":"https:\/\/api.w.org\/{rel}","templated":true}]}}