{"id":12913,"date":"2018-11-13T18:36:05","date_gmt":"2018-11-13T17:36:05","guid":{"rendered":"https:\/\/www.gml.si\/kiallitas-46-lendvai-nemzetkozi-muvesztelep-es-atelier-lindart\/"},"modified":"2018-11-13T18:36:05","modified_gmt":"2018-11-13T17:36:05","slug":"kiallitas-46-lendvai-nemzetkozi-muvesztelep-es-atelier-lindart","status":"publish","type":"post","link":"https:\/\/www.gml.si\/hu\/kiallitas-46-lendvai-nemzetkozi-muvesztelep-es-atelier-lindart\/","title":{"rendered":"KI\u00c1LL\u00cdT\u00c1S: 46. Lendvai Nemzetk\u00f6zi M\u0171v\u00e9sztelep \u00e9s Atelier LindArt"},"content":{"rendered":"<p><a href=\"http:\/\/www.gml.si\/wp-content\/uploads\/2018\/11\/2018_46MLK_vabilo_1_splet.jpg\" data-lbwps-width=\"1411\" data-lbwps-height=\"2000\" data-lbwps-srcsmall=\"https:\/\/www.gml.si\/wp-content\/uploads\/2018\/11\/2018_46MLK_vabilo_1_splet-353x500.jpg\"><img loading=\"lazy\" decoding=\"async\" class=\"alignright size-medium wp-image-6192\" src=\"http:\/\/www.gml.si\/wp-content\/uploads\/2018\/11\/2018_46MLK_vabilo_1_splet-353x500.jpg\" alt=\"\" width=\"353\" height=\"500\" srcset=\"https:\/\/www.gml.si\/wp-content\/uploads\/2018\/11\/2018_46MLK_vabilo_1_splet-353x500.jpg 353w, https:\/\/www.gml.si\/wp-content\/uploads\/2018\/11\/2018_46MLK_vabilo_1_splet-722x1024.jpg 722w, https:\/\/www.gml.si\/wp-content\/uploads\/2018\/11\/2018_46MLK_vabilo_1_splet.jpg 1411w\" sizes=\"auto, (max-width: 353px) 100vw, 353px\" \/><\/a>MEGH\u00cdV\u00d3<\/p>\n<p>A Lendvai Gal\u00e9ria \u00e9s M\u00fazeum tisztelettel megh\u00edvja \u00d6nt \u00e9s kedves bar\u00e1tait a<\/p>\n<p><span style=\"font-size: 24px;\"><strong>46. Lendvai Nemzetk\u00f6zi M\u0171v\u00e9sztelepen<\/strong><\/span><\/p>\n<p>sz\u00fcletett bronzszobrok ki\u00e1ll\u00edt\u00e1s\u00e1nak megnyit\u00f3j\u00e1ra, amely <strong>2018. november 15-\u00e9n, cs\u00fct\u00f6rt\u00f6k\u00f6n 18 \u00f3rakor<\/strong> lesz a lendvai v\u00e1r padl\u00e1sgal\u00e9ri\u00e1j\u00e1ban.<\/p>\n<p>A ki\u00e1ll\u00edt\u00e1st <em>mag. Anton Bala\u017eek<\/em>, Lendva K\u00f6zs\u00e9g polg\u00e1rmestere nyitja meg.<\/p>\n<p>Az alkot\u00e1sokat <em>Pisnjak Atilla<\/em> m\u0171v\u00e9szett\u00f6rt\u00e9n\u00e9sz mutatja be.<\/p>\n<hr \/>\n<p><strong>Ki\u00e1ll\u00edtanak:<\/strong> Colin Foster, Metod Frlic, Ga\u00e1l Tam\u00e1s, An\u017ee Jurkov\u0161ek, Ferenc Kir\u00e1ly, Lesty\u00e1n Goda J\u00e1nos, Lipovics J\u00e1nos<\/p>\n<p><strong>A m\u0171v\u00e9sztelep szakmai vezet\u0151je:<\/strong> Franc Geri\u010d<\/p>\n<hr \/>\n<p><em>Ezen alkalomb\u00f3l h\u00e1rom \u00faj szabadt\u00e9ri szobrot is \u00e1tadunk a nagyk\u00f6z\u00f6ns\u00e9gnek, amelyek Lendva v\u00e1ros parkj\u00e1t fogj\u00e1k d\u00edsz\u00edteni.<\/em><\/p>\n<p><em>Az alkot\u00e1sok a <strong>23. Fiatal K\u00e9pz\u0151m\u0171v\u00e9szek Nemzetk\u00f6zi Alkot\u00f3telep\u00e9n \u2013 LindArt<\/strong>-on j\u00f6ttek l\u00e9tre.<\/em><\/p>\n<p><em><strong>A szobrok k\u00e9sz\u00edt\u0151i:<\/strong> Gyurcsovics Mih\u00e1ly, Petja Novak, S\u00e1rk\u00e1ny Bal\u00e1zs<\/em><\/p>\n<hr \/>\n<h2>A MEGH\u00cdV\u00d3 GRAFIK\u00c1JA<\/h2>\n<p><a href=\"http:\/\/www.gml.si\/wp-content\/uploads\/2018\/11\/2018_46MLK_vabilo_2_splet.jpg\" data-lbwps-width=\"2000\" data-lbwps-height=\"1414\" data-lbwps-srcsmall=\"https:\/\/www.gml.si\/wp-content\/uploads\/2018\/11\/2018_46MLK_vabilo_2_splet-500x354.jpg\"><img loading=\"lazy\" decoding=\"async\" class=\"alignleft size-large wp-image-6193\" src=\"http:\/\/www.gml.si\/wp-content\/uploads\/2018\/11\/2018_46MLK_vabilo_2_splet-1024x724.jpg\" alt=\"\" width=\"640\" height=\"453\" srcset=\"https:\/\/www.gml.si\/wp-content\/uploads\/2018\/11\/2018_46MLK_vabilo_2_splet-1024x724.jpg 1024w, https:\/\/www.gml.si\/wp-content\/uploads\/2018\/11\/2018_46MLK_vabilo_2_splet-500x354.jpg 500w, https:\/\/www.gml.si\/wp-content\/uploads\/2018\/11\/2018_46MLK_vabilo_2_splet.jpg 2000w\" sizes=\"auto, (max-width: 640px) 100vw, 640px\" \/><\/a><\/p>\n","protected":false},"excerpt":{"rendered":"<p>Megh\u00edvjuk \u00d6n\u00f6ket a 46. Lendvai Nemzetk\u00f6zi M\u0171v\u00e9sztelepen sz\u00fcletett bronzszobrok ki\u00e1ll\u00edt\u00e1s\u00e1nak megnyit\u00f3j\u00e1ra, amely <strong>2018. november 15-\u00e9n, cs\u00fct\u00f6rt\u00f6k\u00f6n 18 \u00f3rakor<\/strong> lesz a lendvai v\u00e1r padl\u00e1sgal\u00e9ri\u00e1j\u00e1ban. <a href=\"https:\/\/www.gml.si\/hu\/kiallitas-46-lendvai-nemzetkozi-muvesztelep-es-atelier-lindart\/\"><\/p>\n<p>B\u0151vebben <span class=\"meta-nav\">\u2192<\/span><\/a><\/p>\n","protected":false},"author":5,"featured_media":11544,"comment_status":"closed","ping_status":"closed","sticky":false,"template":"","format":"standard","meta":{"inline_featured_image":false,"footnotes":""},"categories":[66,58],"tags":[],"class_list":["post-12913","post","type-post","status-publish","format-standard","has-post-thumbnail","hentry","category-elozo","category-hirek"],"_links":{"self":[{"href":"https:\/\/www.gml.si\/hu\/wp-json\/wp\/v2\/posts\/12913","targetHints":{"allow":["GET"]}}],"collection":[{"href":"https:\/\/www.gml.si\/hu\/wp-json\/wp\/v2\/posts"}],"about":[{"href":"https:\/\/www.gml.si\/hu\/wp-json\/wp\/v2\/types\/post"}],"author":[{"embeddable":true,"href":"https:\/\/www.gml.si\/hu\/wp-json\/wp\/v2\/users\/5"}],"replies":[{"embeddable":true,"href":"https:\/\/www.gml.si\/hu\/wp-json\/wp\/v2\/comments?post=12913"}],"version-history":[{"count":0,"href":"https:\/\/www.gml.si\/hu\/wp-json\/wp\/v2\/posts\/12913\/revisions"}],"wp:featuredmedia":[{"embeddable":true,"href":"https:\/\/www.gml.si\/hu\/wp-json\/wp\/v2\/media\/11544"}],"wp:attachment":[{"href":"https:\/\/www.gml.si\/hu\/wp-json\/wp\/v2\/media?parent=12913"}],"wp:term":[{"taxonomy":"category","embeddable":true,"href":"https:\/\/www.gml.si\/hu\/wp-json\/wp\/v2\/categories?post=12913"},{"taxonomy":"post_tag","embeddable":true,"href":"https:\/\/www.gml.si\/hu\/wp-json\/wp\/v2\/tags?post=12913"}],"curies":[{"name":"wp","href":"https:\/\/api.w.org\/{rel}","templated":true}]}}