{"id":12918,"date":"2018-11-30T11:09:23","date_gmt":"2018-11-30T10:09:23","guid":{"rendered":"https:\/\/www.gml.si\/a-kultura-vidam-napja-2018\/"},"modified":"2018-11-30T11:09:23","modified_gmt":"2018-11-30T10:09:23","slug":"a-kultura-vidam-napja-2018","status":"publish","type":"post","link":"https:\/\/www.gml.si\/hu\/a-kultura-vidam-napja-2018\/","title":{"rendered":"A Kult\u00fara Vid\u00e1m Napja 2018"},"content":{"rendered":"<p><a href=\"http:\/\/www.gml.si\/wp-content\/uploads\/2018\/11\/Ta-veseli-dan-kulture_905_2x.jpg\" data-lbwps-width=\"1810\" data-lbwps-height=\"1101\" data-lbwps-srcsmall=\"https:\/\/www.gml.si\/wp-content\/uploads\/2018\/11\/Ta-veseli-dan-kulture_905_2x-500x304.jpg\"><img loading=\"lazy\" decoding=\"async\" class=\"alignleft size-large wp-image-6211\" src=\"http:\/\/www.gml.si\/wp-content\/uploads\/2018\/11\/Ta-veseli-dan-kulture_905_2x-1024x623.jpg\" alt=\"\" width=\"640\" height=\"389\" srcset=\"https:\/\/www.gml.si\/wp-content\/uploads\/2018\/11\/Ta-veseli-dan-kulture_905_2x-1024x623.jpg 1024w, https:\/\/www.gml.si\/wp-content\/uploads\/2018\/11\/Ta-veseli-dan-kulture_905_2x-500x304.jpg 500w, https:\/\/www.gml.si\/wp-content\/uploads\/2018\/11\/Ta-veseli-dan-kulture_905_2x.jpg 1810w\" sizes=\"auto, (max-width: 640px) 100vw, 640px\" \/><\/a><\/p>\n<p>Sok szeretettel v\u00e1rjuk \u00d6n\u00f6ket\u00a0<strong>2018. december 3-\u00e1n, h\u00e9tf\u0151n<\/strong> a Kult\u00fara Vid\u00e1m Napja alkalm\u00e1b\u00f3l a lendvai v\u00e1rba \u00e9s a Lendvai Zsinag\u00f3g\u00e1ba.<\/p>\n<p>A v\u00e1r 8 \u00e9s 16, a Zsinag\u00f3ga 10 \u00e9s 14 \u00f3ra k\u00f6z\u00f6tt tart nyitva.<\/p>\n<p><em>A bel\u00e9p\u00e9s d\u00edjmentes.<\/em><\/p>\n","protected":false},"excerpt":{"rendered":"<p>Sok szeretettel v\u00e1rjuk \u00d6n\u00f6ket <strong>2018. december 3-\u00e1n, h\u00e9tf\u0151n<\/strong> a Kult\u00fara Vid\u00e1m Napja alkalm\u00e1b\u00f3l a lendvai v\u00e1rba \u00e9s a Lendvai Zsinag\u00f3g\u00e1ba.<\/p>\n<p>A bel\u00e9p\u00e9s d\u00edjmentes. <a href=\"https:\/\/www.gml.si\/hu\/a-kultura-vidam-napja-2018\/\"><\/p>\n<p>B\u0151vebben <span class=\"meta-nav\">\u2192<\/span><\/a><\/p>\n","protected":false},"author":5,"featured_media":11554,"comment_status":"closed","ping_status":"closed","sticky":false,"template":"","format":"standard","meta":{"inline_featured_image":false,"footnotes":""},"categories":[58],"tags":[],"class_list":["post-12918","post","type-post","status-publish","format-standard","has-post-thumbnail","hentry","category-hirek"],"_links":{"self":[{"href":"https:\/\/www.gml.si\/hu\/wp-json\/wp\/v2\/posts\/12918","targetHints":{"allow":["GET"]}}],"collection":[{"href":"https:\/\/www.gml.si\/hu\/wp-json\/wp\/v2\/posts"}],"about":[{"href":"https:\/\/www.gml.si\/hu\/wp-json\/wp\/v2\/types\/post"}],"author":[{"embeddable":true,"href":"https:\/\/www.gml.si\/hu\/wp-json\/wp\/v2\/users\/5"}],"replies":[{"embeddable":true,"href":"https:\/\/www.gml.si\/hu\/wp-json\/wp\/v2\/comments?post=12918"}],"version-history":[{"count":0,"href":"https:\/\/www.gml.si\/hu\/wp-json\/wp\/v2\/posts\/12918\/revisions"}],"wp:featuredmedia":[{"embeddable":true,"href":"https:\/\/www.gml.si\/hu\/wp-json\/wp\/v2\/media\/11554"}],"wp:attachment":[{"href":"https:\/\/www.gml.si\/hu\/wp-json\/wp\/v2\/media?parent=12918"}],"wp:term":[{"taxonomy":"category","embeddable":true,"href":"https:\/\/www.gml.si\/hu\/wp-json\/wp\/v2\/categories?post=12918"},{"taxonomy":"post_tag","embeddable":true,"href":"https:\/\/www.gml.si\/hu\/wp-json\/wp\/v2\/tags?post=12918"}],"curies":[{"name":"wp","href":"https:\/\/api.w.org\/{rel}","templated":true}]}}