{"id":12961,"date":"2019-05-13T13:48:28","date_gmt":"2019-05-13T11:48:28","guid":{"rendered":"https:\/\/www.gml.si\/fotokiallitas-a-zsinagogaban-wilhelm-heiliger-meditacio-es-foto\/"},"modified":"2019-05-13T13:48:28","modified_gmt":"2019-05-13T11:48:28","slug":"fotokiallitas-a-zsinagogaban-wilhelm-heiliger-meditacio-es-foto","status":"publish","type":"post","link":"https:\/\/www.gml.si\/hu\/fotokiallitas-a-zsinagogaban-wilhelm-heiliger-meditacio-es-foto\/","title":{"rendered":"FOT\u00d3KI\u00c1LL\u00cdT\u00c1S A ZSINAG\u00d3G\u00c1BAN: Wilhelm Heiliger &#8211; Medit\u00e1ci\u00f3 \u00e9s fot\u00f3"},"content":{"rendered":"<p><a href=\"http:\/\/www.gml.si\/wp-content\/uploads\/2019\/05\/plakat_2019_wilhelm_heiliger.jpg\" data-lbwps-width=\"733\" data-lbwps-height=\"960\" data-lbwps-srcsmall=\"https:\/\/www.gml.si\/wp-content\/uploads\/2019\/05\/plakat_2019_wilhelm_heiliger-382x500.jpg\"><img loading=\"lazy\" decoding=\"async\" class=\"alignright size-medium wp-image-6510\" src=\"http:\/\/www.gml.si\/wp-content\/uploads\/2019\/05\/plakat_2019_wilhelm_heiliger-382x500.jpg\" alt=\"\" width=\"382\" height=\"500\" srcset=\"https:\/\/www.gml.si\/wp-content\/uploads\/2019\/05\/plakat_2019_wilhelm_heiliger-382x500.jpg 382w, https:\/\/www.gml.si\/wp-content\/uploads\/2019\/05\/plakat_2019_wilhelm_heiliger.jpg 733w\" sizes=\"auto, (max-width: 382px) 100vw, 382px\" \/><\/a>M E G H \u00cd V \u00d3<\/p>\n<p>A M\u00fazeumi vil\u00e1gnap alkalm\u00e1b\u00f3l a Gal\u00e9ria-M\u00fazeum Lendva szeretettel megh\u00edvja \u00d6n\u00f6ket Wilhelm Heiliger Medit\u00e1ci\u00f3 \u00e9s fot\u00f3 c\u00edm\u0171 fot\u00f3ki\u00e1ll\u00edt\u00e1s megnyit\u00f3j\u00e1ra, amely <br \/>\n<strong>2019. m\u00e1jus 18-\u00e1n, szombaton, 18.00 \u00f3rakor<\/strong> lesz a lendvai zsinag\u00f3g\u00e1ban.<\/p>\n<p>A ki\u00e1ll\u00edt\u00e1st Pavla Jarc m\u0171v\u00e9szett\u00f6rt\u00e9n\u00e9sz nyitja meg.<\/p>\n<p>A ki\u00e1ll\u00edt\u00e1s megnyit\u00f3 ut\u00e1n Matija Hozjan git\u00e1ros koncertje k\u00f6vetkezik.<\/p>\n<p><span style=\"font-size: 12px;\">A ki\u00e1ll\u00edt\u00e1s l\u00e9trej\u00f6tt\u00e9t seg\u00edtett\u00e9k:<br \/>\nKulturni dom Nova Gorica, Gorenjski muzej, <\/span><span style=\"font-size: 12px;\">Pilonova galerija Ajdov\u0161\u010dina, <br \/>\nKosovelov dom Se\u017eana, Muzeji radovlji\u0161ke ob\u010dine.<\/p>\n<p>A ki\u00e1ll\u00edt\u00e1s megnyit\u00f3 t\u00e1rsszervez\u0151je a Zeneiskola Lendva.<\/p>\n<p>A ki\u00e1ll\u00edt\u00e1st a Szlov\u00e9n Kultur\u00e1lis Miniszt\u00e9rium t\u00e1mogatja.<br \/>\n<\/span><\/p>\n<hr \/>\n<h2>FOT\u00d3K: A ki\u00e1ll\u00edt\u00e1s megny\u00edt\u00f3ja<\/h2>\n<p><a href=\"http:\/\/www.gml.si\/wp-content\/uploads\/2019\/05\/wilhelm_heiliger1.jpg\" data-lbwps-width=\"719\" data-lbwps-height=\"960\" data-lbwps-srcsmall=\"https:\/\/www.gml.si\/wp-content\/uploads\/2019\/05\/wilhelm_heiliger1-374x500.jpg\"><img loading=\"lazy\" decoding=\"async\" class=\"img-galerija alignnone size-thumbnail wp-image-6524\" title=\"wilhelm_heiliger1\" src=\"http:\/\/www.gml.si\/wp-content\/uploads\/2019\/05\/wilhelm_heiliger1-120x120.jpg\" alt=\"wilhelm_heiliger1\" width=\"120\" height=\"120\" \/><\/a> <a href=\"http:\/\/www.gml.si\/wp-content\/uploads\/2019\/05\/wilhelm_heiliger2.jpg\" data-lbwps-width=\"960\" data-lbwps-height=\"720\" data-lbwps-srcsmall=\"https:\/\/www.gml.si\/wp-content\/uploads\/2019\/05\/wilhelm_heiliger2-500x375.jpg\"><img loading=\"lazy\" decoding=\"async\" class=\"img-galerija alignnone size-thumbnail wp-image-6525\" title=\"wilhelm_heiliger2\" src=\"http:\/\/www.gml.si\/wp-content\/uploads\/2019\/05\/wilhelm_heiliger2-120x120.jpg\" alt=\"wilhelm_heiliger2\" width=\"120\" height=\"120\" \/><\/a> <a href=\"http:\/\/www.gml.si\/wp-content\/uploads\/2019\/05\/wilhelm_heiliger3.jpg\" data-lbwps-width=\"960\" data-lbwps-height=\"720\" data-lbwps-srcsmall=\"https:\/\/www.gml.si\/wp-content\/uploads\/2019\/05\/wilhelm_heiliger3-500x375.jpg\"><img loading=\"lazy\" decoding=\"async\" class=\"img-galerija alignnone size-thumbnail wp-image-6526\" title=\"wilhelm_heiliger3\" src=\"http:\/\/www.gml.si\/wp-content\/uploads\/2019\/05\/wilhelm_heiliger3-120x120.jpg\" alt=\"wilhelm_heiliger3\" width=\"120\" height=\"120\" \/><\/a> <a href=\"http:\/\/www.gml.si\/wp-content\/uploads\/2019\/05\/wilhelm_heiliger4.jpg\" data-lbwps-width=\"960\" data-lbwps-height=\"676\" data-lbwps-srcsmall=\"https:\/\/www.gml.si\/wp-content\/uploads\/2019\/05\/wilhelm_heiliger4-500x352.jpg\"><img loading=\"lazy\" decoding=\"async\" class=\"img-galerija alignnone size-thumbnail wp-image-6527\" title=\"wilhelm_heiliger4\" src=\"http:\/\/www.gml.si\/wp-content\/uploads\/2019\/05\/wilhelm_heiliger4-120x120.jpg\" alt=\"wilhelm_heiliger4\" width=\"120\" height=\"120\" \/><\/a><\/p>\n<hr \/>\n<h2>A SAJT\u00d3BAN<\/h2>\n<p><a href=\"https:\/\/www.rtvslo.si\/mmr\/prispevek\/174616008\">MMR &#8211; M\u0171v\u00e9szi \u00fatkeres\u00e9s Wilhelm Heiliger alkot\u00e1saiban<\/a> (<span class=\"dateAuthor\">2019.05.19 \/ Cs\u00e1sz\u00e1r Szuzi)<\/span><\/p>\n","protected":false},"excerpt":{"rendered":"<p>A M\u00fazeumi vil\u00e1gnap alkalm\u00e1b\u00f3l a Gal\u00e9ria-M\u00fazeum Lendva szeretettel megh\u00edvja \u00d6n\u00f6ket Wilhelm Heiliger Medit\u00e1ci\u00f3 \u00e9s fot\u00f3 c\u00edm\u0171 fot\u00f3ki\u00e1ll\u00edt\u00e1s megnyit\u00f3j\u00e1ra, amely <strong>2019. m\u00e1jus 18-\u00e1n, szombaton, 18.00 \u00f3rakor<\/strong> lesz a lendvai zsinag\u00f3g\u00e1ban. <a href=\"https:\/\/www.gml.si\/hu\/fotokiallitas-a-zsinagogaban-wilhelm-heiliger-meditacio-es-foto\/\"><\/p>\n<p>B\u0151vebben <span class=\"meta-nav\">\u2192<\/span><\/a><\/p>\n","protected":false},"author":5,"featured_media":11708,"comment_status":"closed","ping_status":"closed","sticky":false,"template":"","format":"standard","meta":{"inline_featured_image":false,"footnotes":""},"categories":[66,58],"tags":[],"class_list":["post-12961","post","type-post","status-publish","format-standard","has-post-thumbnail","hentry","category-elozo","category-hirek"],"_links":{"self":[{"href":"https:\/\/www.gml.si\/hu\/wp-json\/wp\/v2\/posts\/12961","targetHints":{"allow":["GET"]}}],"collection":[{"href":"https:\/\/www.gml.si\/hu\/wp-json\/wp\/v2\/posts"}],"about":[{"href":"https:\/\/www.gml.si\/hu\/wp-json\/wp\/v2\/types\/post"}],"author":[{"embeddable":true,"href":"https:\/\/www.gml.si\/hu\/wp-json\/wp\/v2\/users\/5"}],"replies":[{"embeddable":true,"href":"https:\/\/www.gml.si\/hu\/wp-json\/wp\/v2\/comments?post=12961"}],"version-history":[{"count":0,"href":"https:\/\/www.gml.si\/hu\/wp-json\/wp\/v2\/posts\/12961\/revisions"}],"wp:featuredmedia":[{"embeddable":true,"href":"https:\/\/www.gml.si\/hu\/wp-json\/wp\/v2\/media\/11708"}],"wp:attachment":[{"href":"https:\/\/www.gml.si\/hu\/wp-json\/wp\/v2\/media?parent=12961"}],"wp:term":[{"taxonomy":"category","embeddable":true,"href":"https:\/\/www.gml.si\/hu\/wp-json\/wp\/v2\/categories?post=12961"},{"taxonomy":"post_tag","embeddable":true,"href":"https:\/\/www.gml.si\/hu\/wp-json\/wp\/v2\/tags?post=12961"}],"curies":[{"name":"wp","href":"https:\/\/api.w.org\/{rel}","templated":true}]}}